{"id":34098,"date":"2025-12-15T22:20:06","date_gmt":"2025-12-15T22:20:06","guid":{"rendered":"https:\/\/heavymetalonline.com.br\/?p=34098"},"modified":"2025-12-15T22:20:08","modified_gmt":"2025-12-15T22:20:08","slug":"titas-celebram-40-anos-de-cabeca-dinossauro-com-turne-pelo-brasil","status":"publish","type":"post","link":"http:\/\/heavymetalonline.com.br\/?p=34098","title":{"rendered":"Tit\u00e3s celebram 40 anos de &#8220;Cabe\u00e7a Dinossauro&#8221; com turn\u00ea pelo Brasil"},"content":{"rendered":"\n<pre id=\"viewer-hziy527351\" class=\"wp-block-preformatted\">Cr\u00e9ditos: Pedro Dimitrow<\/pre>\n\n\n\n<p id=\"viewer-0qtr328959\">Em 2026, um dos \u00e1lbuns mais ic\u00f4nicos e provocadores da m\u00fasica brasileira completa 40 anos. <em>Cabe\u00e7a Dinossauro<\/em>, lan\u00e7ado pelos Tit\u00e3s em 1986, transformou a banda e o pr\u00f3prio rock nacional ao romper padr\u00f5es, desafiar o conservadorismo e traduzir, em som e f\u00faria, o esp\u00edrito de um pa\u00eds em transi\u00e7\u00e3o. O Brasil tentava reaprender o significado de liberdade depois de duas d\u00e9cadas de censura e autoritarismo, e o \u00e1lbum virou o retrato cru de uma gera\u00e7\u00e3o inconformada. Quatro d\u00e9cadas depois, em um pa\u00eds novamente atravessado por polariza\u00e7\u00e3o e intoler\u00e2ncia, o grito de <em>Cabe\u00e7a Dinossauro<\/em> volta a soar necess\u00e1rio e atual. \u00c9 essa for\u00e7a de express\u00e3o \u2014 de resistir, de questionar e de pensar o presente \u2014 que os Tit\u00e3s <strong>Branco Mello, S\u00e9rgio Britto<\/strong> e<strong> Tony Bellotto<\/strong> pretendem reacender com a turn\u00ea <strong>\u201cTit\u00e3s \u2013 Cabe\u00e7a Dinossauro 40 anos\u201d<\/strong>, que tem estreia marcada para <strong>28 de mar\u00e7o de 2026<\/strong>, no<strong> Espa\u00e7o Unimed<\/strong>, em<strong> S\u00e3o Paulo<\/strong>, em uma realiza\u00e7\u00e3o da <strong>30e<\/strong>, maior companhia de entretenimento ao vivo do pa\u00eds, e apresentado pelo <strong>Ita\u00fa<\/strong>. A tour tamb\u00e9m tem passagem confirmada por: <strong>Belo Horizonte (25\/04)<\/strong>; <strong>Rio de Janeiro (09\/05)<\/strong> e <strong>Curitiba (18\/07)<\/strong>. A <strong>pr\u00e9-venda exclusiva para clientes do Ita\u00fa tem 15% de desconto no valor dos ingressos para compras realizadas com cart\u00f5es de cr\u00e9dito do banco e come\u00e7a no dia 16 de dezembro<\/strong>, \u00e0s <strong>10h<\/strong>; a <strong>venda geral<\/strong> come\u00e7a \u00e0s <strong>12h <\/strong>do dia <strong>18 de dezembro<\/strong>, pelo site da <strong>Eventim (<\/strong><a target=\"_blank\" href=\"http:\/\/eventim.com.br\/titas\" rel=\"noreferrer noopener\"><u>acesse aqu<\/u><\/a><a target=\"_blank\" href=\"http:\/\/eventim.com.br\/titas\" rel=\"noreferrer noopener\"><u>i<\/u><\/a><strong>)<\/strong>. Novas datas da tour ser\u00e3o anunciadas em breve.&nbsp;<\/p>\n\n\n\n<p id=\"viewer-dwrtm5752\">&#8220;<em>Cabe\u00e7a Dinossauro<\/em> marcou a nossa carreira e a hist\u00f3ria do rock nacional, n\u00e3o h\u00e1 como negar. Inventamos ali o nosso vocabul\u00e1rio &#8211; riffs fortes, vocais gritados, letras sint\u00e9ticas e precisas, etc. Isso, somado \u00e0 tem\u00e1tica das can\u00e7\u00f5es, deixou uma marca profunda na nossa trajet\u00f3ria\u201d, conta S\u00e9rgio Britto. Tony Bellotto comemora o acontecimento. \u201c\u00c9 emocionante celebrar um \u00e1lbum que permanece atual depois de 40 anos\u201d. \u201cCabe\u00e7a Dinossauro, Pan\u00e7a de Mamute, Esp\u00edrito de Porco\u2019. Dessa pequena e poderosa letra composta em 1986 nasceu o t\u00edtulo de um dos \u00e1lbuns mais lembrados e celebrados da nossa hist\u00f3ria. <em>Cabe\u00e7a Dinossauro<\/em> est\u00e1 fazendo 40 anos e \u00e9 com imenso prazer que comemoraremos com nosso p\u00fablico essa data t\u00e3o especial\u201d, completa Branco Mello.<\/p>\n\n\n\n<p id=\"viewer-05c0u5758\">Lan\u00e7ado em meio ao processo de redemocratiza\u00e7\u00e3o do Brasil, <em>Cabe\u00e7a Dinossauro<\/em> foi um divisor de \u00e1guas. O pa\u00eds tentava se reencontrar ap\u00f3s duas d\u00e9cadas de ditadura, enfrentando uma crise econ\u00f4mica e social profunda. Em um cen\u00e1rio em que a democracia ainda era uma promessa fr\u00e1gil, os Tit\u00e3s lan\u00e7aram um \u00e1lbum que abordava censura, f\u00e9, viol\u00eancia e poder com uma crueza in\u00e9dita. Com faixas como \u201cPol\u00edcia\u201d, \u201cIgreja\u201d, \u201cBichos Escrotos\u201d e \u201cAAUU\u201d, a banda confrontou a hipocrisia e o autoritarismo de uma sociedade em busca de identidade. Produzido por Liminha, Vitor Farias e Pena Schmidt, o trabalho se destacou pelo som agressivo, pela est\u00e9tica minimalista e pelas letras que ecoavam o grito de uma juventude que queria ser ouvida.<\/p>\n\n\n\n<p id=\"viewer-00pre5762\">A recep\u00e7\u00e3o da cr\u00edtica foi explosiva. <em>Cabe\u00e7a Dinossauro<\/em> foi descrito como \u201cviolento\u201d, \u201c\u00e1spero\u201d e \u201crevolucion\u00e1rio\u201d por jornais e revistas da \u00e9poca. Adjetivos que, longe de reduzir sua pot\u00eancia, o consagraram como um marco da cultura nacional. D\u00e9cadas depois, o \u00e1lbum figura em praticamente todas as listas dos maiores \u00e1lbuns da hist\u00f3ria do rock brasileiro e permanece atual em sua mensagem de inconformismo.<\/p>\n\n\n\n<p id=\"viewer-rvzxs5766\">\u201cConstru\u00edmos um forte v\u00ednculo com todos os m\u00fasicos durante a turn\u00ea Tit\u00e3s Encontro, que revolucionou o mercado de entretenimento ao vivo no Brasil. E n\u00e3o poder\u00edamos deixar passar um marco t\u00e3o importante da m\u00fasica brasileira: as quatro d\u00e9cadas do \u00e1lbum <em>Cabe\u00e7a Dinossauro<\/em>. Foi ent\u00e3o que nos reunimos com os Tit\u00e3s Branco Mello, S\u00e9rgio Britto e Tony Bellotto para pensar em uma celebra\u00e7\u00e3o \u00e0 altura do \u00e1lbum\u201d, afirma Alexandre Wesley, VP Global Music Promoter da 30e.<\/p>\n\n\n\n<p id=\"viewer-7p2055770\"><em>\u201cCelebrar os 40 anos de Cabe\u00e7a Dinossauro \u00e9 reconhecer um dos discos mais transformadores da hist\u00f3ria da m\u00fasica brasileira e o legado dos Tit\u00e3s como uma banda que deu voz a diferentes gera\u00e7\u00f5es. Estar presente nesse momento refor\u00e7a a forma como o Ita\u00fa se relaciona com a m\u00fasica ao longo de seus 100 anos: n\u00e3o como um espectador, mas como um agente que atua na constru\u00e7\u00e3o de acesso e de facilidades, viabilizando experi\u00eancias e encontros que ficam na mem\u00f3ria. A pr\u00e9-venda exclusiva e as condi\u00e7\u00f5es especiais para nossos clientes fazem parte desse papel de facilitador de jornada, sempre com o objetivo de gerar principalidade e estar ao lado das pessoas nos momentos que ajudam a contar a hist\u00f3ria do Brasil\u201d<\/em>, afirma Rodrigo Montesano, Superintendente de Experi\u00eancias e Conex\u00f5es de Marcas do Ita\u00fa<\/p>\n\n\n\n<p id=\"viewer-0lz415772\">O espet\u00e1culo ter\u00e1 dire\u00e7\u00e3o de Ot\u00e1vio Juliano, profissional renomado que tamb\u00e9m assinou o show do Tit\u00e3s Encontro e trabalhou com nomes importantes da m\u00fasica brasileira, entre eles Caetano Veloso e Maria Beth\u00e2nia.<\/p>\n\n\n\n<figure class=\"wp-block-image\"><img loading=\"lazy\" decoding=\"async\" width=\"756\" height=\"756\" src=\"https:\/\/heavymetalonline.com.br\/wp-content\/uploads\/2025\/12\/Titas-flyer.jpg\" alt=\"\" class=\"wp-image-34099\" srcset=\"http:\/\/heavymetalonline.com.br\/wp-content\/uploads\/2025\/12\/Titas-flyer.jpg 756w, http:\/\/heavymetalonline.com.br\/wp-content\/uploads\/2025\/12\/Titas-flyer-300x300.jpg 300w, http:\/\/heavymetalonline.com.br\/wp-content\/uploads\/2025\/12\/Titas-flyer-500x500.jpg 500w, http:\/\/heavymetalonline.com.br\/wp-content\/uploads\/2025\/12\/Titas-flyer-250x250.jpg 250w\" sizes=\"auto, (max-width: 756px) 100vw, 756px\" \/><\/figure>\n\n\n\n<p id=\"viewer-lzcto28842\"><strong>SERVI\u00c7O<\/strong><\/p>\n\n\n\n<p id=\"viewer-rrnx47799\"><strong>Tit\u00e3s \u2013 Cabe\u00e7a Dinossauro 40 anos @ S\u00e3o Paulo<\/strong><\/p>\n\n\n\n<p id=\"viewer-zh3kv7948\"><strong>Realiza\u00e7\u00e3o:<\/strong> 30e<\/p>\n\n\n\n<p id=\"viewer-8qpo05777\"><strong>S\u00e3o Paulo<\/strong><\/p>\n\n\n\n<p id=\"viewer-78d568249\"><strong>Data: <\/strong>28 de mar\u00e7o de 2026 (s\u00e1bado)<\/p>\n\n\n\n<p id=\"viewer-mdsgx8401\"><strong>Local: <\/strong>Espa\u00e7o Unimed &#8211; R. Tagipuru, 795 &#8211; Barra Funda &#8211; S\u00e3o Paulo\/SP<\/p>\n\n\n\n<p id=\"viewer-vr6xt8553\"><strong>Classifica\u00e7\u00e3o Et\u00e1ria: <\/strong>Entrada e perman\u00eancia de crian\u00e7as\/adolescentes de 05 a 15 anos de idade, acompanhados dos pais ou respons\u00e1veis, e de 16 a 17 anos, desacompanhados dos pais ou respons\u00e1veis legais*. *Sujeito a altera\u00e7\u00e3o por Decis\u00e3o Judicial.<\/p>\n\n\n\n<p id=\"viewer-vous85784\"><strong>Setores e pre\u00e7os:<\/strong><\/p>\n\n\n\n<p id=\"viewer-viy698856\">Pista Premium &#8211; a partir de R$ 97,50 (Meia-entrada legal) | a partir de R$ 136,50 (entrada social) | a partir de R$ 195,00 (inteira)<\/p>\n\n\n\n<p id=\"viewer-e5dnf9007\">Setor A, B e C &#8211; R$ 197,50 (Meia-entrada legal) | R$ 276,50 (entrada social) | R$ 395,00 (inteira)<\/p>\n\n\n\n<p id=\"viewer-x30lm9464\">Setor D, E e F &#8211; R$ 167,50 (Meia-entrada legal) | R$ 234,50 (entrada social) | R$ 335,00 (inteira)<\/p>\n\n\n\n<p id=\"viewer-lm3289159\">Setor G e H &#8211; R$ 137,50 (Meia-entrada legal) | R$ 192,50 (entrada social) | R$ 275,00 (inteira)<\/p>\n\n\n\n<p id=\"viewer-khmzl9312\">Camarote B &#8211; R$ 182,50 (Meia-entrada legal) | R$ 255,50 (entrada social) | R$ 365,00 (inteira)<\/p>\n\n\n\n<p id=\"viewer-wz5ro9621\">Mezanino &#8211; R$ 97,50 (Meia-entrada legal) | R$ 136,50 (entrada social) | R$ 195,00 (inteira)<\/p>\n\n\n\n<p id=\"viewer-1a45j9932\"><strong>Pr\u00e9-venda clientes Ita\u00fa: <\/strong>16 de dezembro, 10h, at\u00e9 o dia 18 de dezembro, \u00e0s 10h<\/p>\n\n\n\n<p id=\"viewer-aq2vo10089\"><strong>Venda geral: <\/strong>18 de dezembro, 12h on-line e \u00e0s 13h na bilheteria oficial<\/p>\n\n\n\n<p id=\"viewer-lcljt10246\"><strong>Vendas online em: <\/strong><a target=\"_blank\" href=\"http:\/\/eventim.com.br\/titasBilheteria\" rel=\"noreferrer noopener\"><u>eventim.com.br\/titas<\/u><\/a><\/p>\n\n\n\n<p id=\"viewer-m7toh10403\"><a target=\"_blank\" href=\"http:\/\/eventim.com.br\/titasBilheteria\" rel=\"noreferrer noopener\"><strong>Bilheteria<\/strong><\/a><strong> oficial: ALLIANZ PARQUE<\/strong><\/p>\n\n\n\n<p id=\"viewer-1wo5i10755\">Endere\u00e7o: Allianz Parque &#8211; Endere\u00e7o: Rua Palestra It\u00e1lia, 200 \u2013 Port\u00e3o A \u2013 Perdizes &#8211; S\u00e3o Paulo\/SPFuncionamento:Ter\u00e7a a S\u00e1bado &#8211; das 10h00 \u00e0s 17h00 | N\u00e3o h\u00e1 funcionamento aos domingos e feriados. Em dias de eventos na casa, a bilheteria s\u00f3 funciona para o evento do dia.<\/p>\n\n\n\n<p id=\"viewer-jtcrr11067\"><strong>In\u00edcio das vendas: EM BREVE<\/strong><\/p>\n\n\n\n<p id=\"viewer-migvh11378\"><strong>Benef\u00edcio para clientes Ita\u00fa&nbsp;Pr\u00e9-venda exclusiva com 15% de desconto no valor dos ingressos para compras com cart\u00f5es de cr\u00e9dito&nbsp;<\/strong><\/p>\n\n\n\n<p id=\"viewer-g2rsc11535\">*Compra de 4 ingressos por CPF &#8211; &nbsp;sendo aplic\u00e1vel somente a ingressos inteira, de qualquer setor, sujeito a disponibilidade&nbsp;<\/p>\n\n\n\n<p id=\"viewer-3kqk111692\"><strong>Parcelamento em at\u00e9 3x sem juros&nbsp;&nbsp;<\/strong><\/p>\n\n\n\n<p id=\"viewer-diq5p11849\">O parcelamento em at\u00e9 3x sem juros \u00e9 v\u00e1lido para qualquer compra com cart\u00e3o Ita\u00fa, na pr\u00e9-venda ou n\u00e3o, tenha desconto, ou n\u00e3o no ingresso.<\/p>\n\n\n\n<p id=\"viewer-zny6b5800\"><strong>Belo Horizonte<\/strong><\/p>\n\n\n\n<p id=\"viewer-gigf612163\"><strong>Data: <\/strong>25&nbsp; de abril de 2026 (s\u00e1bado)<\/p>\n\n\n\n<p id=\"viewer-9zjv112636\"><strong>Local: <\/strong>BeFly Hall &#8211; Avenida Nossa Senhora do Carmo &#8211; Savassi, Belo Horizonte &#8211; MG<\/p>\n\n\n\n<p id=\"viewer-bqmsx12324\"><strong>Classifica\u00e7\u00e3o Et\u00e1ria: <\/strong>Entrada e perman\u00eancia de crian\u00e7as\/adolescentes de 05 a 15 anos de idade, acompanhados dos pais ou respons\u00e1veis, e de 16 a 17 anos, desacompanhados dos pais ou respons\u00e1veis legais*. *Sujeito a altera\u00e7\u00e3o por Decis\u00e3o Judicial.<\/p>\n\n\n\n<p id=\"viewer-m8wen5807\"><strong>Setores e pre\u00e7os:<\/strong><\/p>\n\n\n\n<p id=\"viewer-x9cx812484\">Frontstage Pista &#8211; a partir de R$ 97,50 (Meia-entrada legal) | a partir de R$ 136,50 (entrada social) | a partir de R$ 195,00 (inteira)<\/p>\n\n\n\n<p id=\"viewer-7167c13114\">Cadeira Ouro &#8211; R$ 87,50 (Meia-entrada legal) | R$ 122,50 (entrada social) | R$ 175,00 (inteira)<\/p>\n\n\n\n<p id=\"viewer-60bc412956\">Cadeira Prata &#8211; R$ 62,50 (Meia-entrada legal) | R$ 87,50 (entrada social) | R$ 125,00 (inteira)<\/p>\n\n\n\n<p id=\"viewer-73xck12799\"><strong>Pr\u00e9-venda clientes Ita\u00fa: <\/strong>16 de dezembro, 10h, at\u00e9 o dia 18 de dezembro, \u00e0s 10h<\/p>\n\n\n\n<p id=\"viewer-jhs4h13277\"><strong>Venda geral: <\/strong>18 de dezembro, 12h on-line e \u00e0s 13h na bilheteria oficial<\/p>\n\n\n\n<p id=\"viewer-j59ge13597\"><strong>Vendas online em: <\/strong><a target=\"_blank\" href=\"http:\/\/eventim.com.br\/titasBilheteria\" rel=\"noreferrer noopener\"><u>eventim.com.br\/titas<\/u><\/a><\/p>\n\n\n\n<p id=\"viewer-kx0ri13917\"><a target=\"_blank\" href=\"http:\/\/eventim.com.br\/titasBilheteria\" rel=\"noreferrer noopener\"><strong>Bilheteria<\/strong><\/a><strong> oficial: Loja Eventim<\/strong>Endere\u00e7o: Shopping 5\u00aa Avenida &#8211; Rua Alagoas, 1314 &#8211; Belo Horizonte<\/p>\n\n\n\n<p id=\"viewer-jw19421990\">Funcionamento: Segunda a sexta-feira das 10h \u00e0s 19h e S\u00e1bado das 10h \u00e0s 15h | Domingos e feriados n\u00e3o abreR. Alagoas, 1314 &#8211; Funcion\u00e1rios, Belo Horizonte &#8211; MG, 30130-160<\/p>\n\n\n\n<p id=\"viewer-ocibf13761\"><strong>In\u00edcio das vendas: EM BREVE<\/strong><\/p>\n\n\n\n<p id=\"viewer-fqivx14080\"><strong>Benef\u00edcio para clientes Ita\u00fa&nbsp;Pr\u00e9-venda exclusiva com 15% de desconto no valor dos ingressos para compras com cart\u00f5es de cr\u00e9dito&nbsp;<\/strong><\/p>\n\n\n\n<p id=\"viewer-cgpjg14241\">*Compra de 4 ingressos por CPF &#8211; &nbsp;sendo aplic\u00e1vel somente a ingressos inteira, de qualquer setor, sujeito a disponibilidade&nbsp;<\/p>\n\n\n\n<p id=\"viewer-p82g414402\"><strong>Parcelamento em at\u00e9 3x sem juros&nbsp;&nbsp;<\/strong><\/p>\n\n\n\n<p id=\"viewer-9es4q14723\">O parcelamento em at\u00e9 3x sem juros \u00e9 v\u00e1lido para qualquer compra com cart\u00e3o Ita\u00fa, na pr\u00e9-venda ou n\u00e3o, tenha desconto, ou n\u00e3o no ingresso.<\/p>\n\n\n\n<p id=\"viewer-lh0cm5823\"><strong>Rio de Janeiro<\/strong><\/p>\n\n\n\n<p id=\"viewer-cnei015045\"><strong>Data: <\/strong>09 de maio de 2026 (s\u00e1bado)<\/p>\n\n\n\n<p id=\"viewer-11ia015208\"><strong>Local: <\/strong>Qualistage &#8211; Avenida Ayrton Senna &#8211; Barra da Tijuca, Rio de Janeiro &#8211; RJ<\/p>\n\n\n\n<p id=\"viewer-xwffy14568\"><strong>Classifica\u00e7\u00e3o Et\u00e1ria: <\/strong>Entrada e perman\u00eancia de crian\u00e7as\/adolescentes de 05 a 15 anos de idade, acompanhados dos pais ou respons\u00e1veis, e de 16 a 17 anos, desacompanhados dos pais ou respons\u00e1veis legais*. *Sujeito a altera\u00e7\u00e3o por Decis\u00e3o Judicial.<\/p>\n\n\n\n<p id=\"viewer-y5a8h5830\"><strong>Setores e pre\u00e7os:<\/strong><\/p>\n\n\n\n<p id=\"viewer-bt0mm15374\">Pista Frente &#8211; a partir de R$ 95,00 (Meia-entrada legal) | a partir de R$ 133,00 (entrada social) | a partir de R$ 190,00 (inteira)Setor 1 &#8211; R$ 160,00 (Meia-entrada legal) | R$ 224,00 (entrada social) | R$ 320,00 (inteira)<\/p>\n\n\n\n<p id=\"viewer-ucwmy15697\">Setor 2 &#8211; R$ 145,00 (Meia-entrada legal) | R$ 203,00 (entrada social) | R$ 290,00 (inteira)<\/p>\n\n\n\n<p id=\"viewer-8mihl16187\">Setor 3 &#8211; R$ 120,00 (Meia-entrada legal) | R$ 168,00 (entrada social) | R$ 240,00 (inteira)<\/p>\n\n\n\n<p id=\"viewer-vy2lw16519\">Camarote A &#8211; R$ 180,00 (Meia-entrada legal) | R$ 252,00 (entrada social) | R$ 360,00 (inteira)<\/p>\n\n\n\n<p id=\"viewer-98lvh16023\">Camarote B &#8211; R$ 160,00 (Meia-entrada legal) | R$ 224,00 (entrada social) | R$ 320,00 (inteira)<\/p>\n\n\n\n<p id=\"viewer-t2zl216354\">Camarote C &#8211; R$ 160,00 (Meia-entrada legal) | R$ 224,00 (entrada social) | R$ 320,00 (inteira)<\/p>\n\n\n\n<p id=\"viewer-8ful415860\">Poltronas A &#8211; R$ 145,00 (Meia-entrada legal) | R$ 203,00 (entrada social) | R$ 290,00 (inteira)<\/p>\n\n\n\n<p id=\"viewer-t7j4y16690\">Poltronas &#8211; R$ 120,00 (Meia-entrada legal) | R$ 168,00 (entrada social) | R$ 240,00 (inteira)<\/p>\n\n\n\n<p id=\"viewer-o2uwx16859\"><strong>Pr\u00e9-venda clientes Ita\u00fa: <\/strong>16 de dezembro, 10h, at\u00e9 o dia 18 de dezembro, \u00e0s 10h<\/p>\n\n\n\n<p id=\"viewer-0ndvn17197\"><strong>Venda geral: <\/strong>18 de dezembro, 12h on-line e \u00e0s 13h na bilheteria oficial<\/p>\n\n\n\n<p id=\"viewer-rehq617031\"><strong>Vendas online em: <\/strong><a target=\"_blank\" href=\"http:\/\/eventim.com.br\/titasBilheteria\" rel=\"noreferrer noopener\"><u>eventim.com.br\/titas<\/u><\/a><\/p>\n\n\n\n<p id=\"viewer-lz4mf17369\"><a target=\"_blank\" href=\"http:\/\/eventim.com.br\/titasBilheteria\" rel=\"noreferrer noopener\"><strong>Bilheteria<\/strong><\/a><strong> oficial: EST\u00c1DIO NILTON SANTOS &#8211; ENGENH\u00c3O<\/strong><\/p>\n\n\n\n<p id=\"viewer-38u2x17539\"><strong>Bilheteria Norte&nbsp; <\/strong>Endere\u00e7o: Rua das Oficinas, s\/n &#8211; Engenho de Dentro<\/p>\n\n\n\n<p id=\"viewer-xmj9u21848\">Funcionamento: Ter\u00e7a a s\u00e1bado das 10h \u00e0s 17h <em>Fechado em feriados, emenda de feriados, dias de jogos ou em dias de eventos de outras empresas.<\/em><\/p>\n\n\n\n<p id=\"viewer-gtokr17711\"><strong><em>In\u00edcio das vendas: EM BREVE<\/em><\/strong><\/p>\n\n\n\n<p id=\"viewer-kqytu17881\"><strong><em>Benef\u00edcio para clientes Ita\u00fa&nbsp;Pr\u00e9-venda exclusiva com 15% de desconto no valor dos ingressos para compras com cart\u00f5es de cr\u00e9dito&nbsp;<\/em><\/strong><\/p>\n\n\n\n<p id=\"viewer-dq6vf18052\">Compra de 4 ingressos por CPF &#8211; &nbsp;sendo aplic\u00e1vel somente a ingressos inteira, de qualquer setor, sujeito a disponibilidade&nbsp;<\/p>\n\n\n\n<p id=\"viewer-j3egi18223\"><strong>Parcelamento em at\u00e9 3x sem juros&nbsp;&nbsp;<\/strong><\/p>\n\n\n\n<p id=\"viewer-oskfi18394\">O parcelamento em at\u00e9 3x sem juros \u00e9 v\u00e1lido para qualquer compra com cart\u00e3o Ita\u00fa, na pr\u00e9-venda ou n\u00e3o, tenha desconto, ou n\u00e3o no ingresso.<\/p>\n\n\n\n<p id=\"viewer-2sbv15847\"><strong>Curitiba<\/strong><\/p>\n\n\n\n<p id=\"viewer-96gg018566\"><strong>Data: <\/strong>18 de julho de 2026 (s\u00e1bado)<\/p>\n\n\n\n<p id=\"viewer-d84sf19252\"><strong>Local: <\/strong>Igloo super hall &#8211; Rua Dino Bertoldi &#8211; Tarum\u00e3, Curitiba &#8211; PR<\/p>\n\n\n\n<p id=\"viewer-urhwk19425\"><strong>Classifica\u00e7\u00e3o Et\u00e1ria: <\/strong>Entrada e perman\u00eancia de crian\u00e7as\/adolescentes de 05 a 15 anos de idade, acompanhados dos pais ou respons\u00e1veis, e de 16 a 17 anos, desacompanhados dos pais ou respons\u00e1veis legais*. *Sujeito a altera\u00e7\u00e3o por Decis\u00e3o Judicial.<\/p>\n\n\n\n<p id=\"viewer-94c195854\"><strong>Setores e pre\u00e7os:<\/strong><\/p>\n\n\n\n<p id=\"viewer-0w55519599\">\u00c1rea Vip &#8211; a partir de R$ 117,50 (Meia-entrada legal) | a partir de R$ 141,00 (entrada social) | a partir de R$ 235,00 (inteira)Pista &#8211; 57,50 R$ (Meia-entrada legal) | R$ 69,00 (entrada social) | R$ 115,00 (inteira)Bistr\u00f4s &#8211; 2.195 (bistr\u00f4 para 6 pessoas)<\/p>\n\n\n\n<p id=\"viewer-lyx9g19771\"><strong>Pr\u00e9-venda clientes Ita\u00fa: <\/strong>16 de dezembro, 10h, at\u00e9 o dia 18 de dezembro, \u00e0s 10h<\/p>\n\n\n\n<p id=\"viewer-o18wc19944\"><strong>Venda geral: <\/strong>18 de dezembro, 12h on-line e \u00e0s 13h na bilheteria oficial<\/p>\n\n\n\n<p id=\"viewer-2kmxw20117\"><strong>Vendas online em: <\/strong><a target=\"_blank\" href=\"http:\/\/eventim.com.br\/titasBilheteria\" rel=\"noreferrer noopener\"><u>eventim.com.br\/titas<\/u><\/a><\/p>\n\n\n\n<p id=\"viewer-lzce020290\"><a target=\"_blank\" href=\"http:\/\/eventim.com.br\/titasBilheteria\" rel=\"noreferrer noopener\"><strong>Bilheteria<\/strong><\/a><strong> oficial: Hard Rock Caf\u00e9 Curitiba<\/strong><\/p>\n\n\n\n<p id=\"viewer-2feed20463\">Endere\u00e7o: R. Buenos Aires, 50 &#8211; Batel, Curitiba &#8211; PR, 80250-070<\/p>\n\n\n\n<p id=\"viewer-vagk821700\">Funcionamento: Segunda a s\u00e1bado das 12h30 \u00e0s 17h | 17h30 \u00e0s 19h<\/p>\n\n\n\n<p id=\"viewer-5wyeu20635\"><strong>In\u00edcio das vendas: EM BREVEBenef\u00edcio para clientes Ita\u00fa&nbsp;Pr\u00e9-venda exclusiva com 15% de desconto no valor dos ingressos para compras com cart\u00f5es de cr\u00e9dito&nbsp;<\/strong><\/p>\n\n\n\n<p id=\"viewer-23bzz21188\">*Compra de 4 ingressos por CPF &#8211; &nbsp;sendo aplic\u00e1vel somente a ingressos inteira, de qualquer setor, sujeito a disponibilidade&nbsp;<\/p>\n\n\n\n<p id=\"viewer-s2m4u21360\"><strong>Parcelamento em at\u00e9 3x sem juros&nbsp;&nbsp;<\/strong><\/p>\n\n\n\n<p id=\"viewer-buj4621532\">O parcelamento em at\u00e9 3x sem juros \u00e9 v\u00e1lido para qualquer compra com cart\u00e3o Ita\u00fa, na pr\u00e9-venda ou n\u00e3o, tenha desconto, ou n\u00e3o no ingresso.<\/p>\n\n\n\n<p id=\"viewer-uozvc23347\"><strong>Fonte: <\/strong>30e Comunica\u00e7\u00e3o<\/p>\n","protected":false},"excerpt":{"rendered":"<p>Cr\u00e9ditos: Pedro Dimitrow Em 2026, um dos \u00e1lbuns mais ic\u00f4nicos e provocadores da m\u00fasica brasileira completa 40 anos. Cabe\u00e7a Dinossauro, lan\u00e7ado pelos Tit\u00e3s em 1986, transformou a banda e o pr\u00f3prio rock nacional ao romper padr\u00f5es, desafiar o conservadorismo e traduzir, em som e f\u00faria, o esp\u00edrito de um pa\u00eds em transi\u00e7\u00e3o. O Brasil tentava [&hellip;]<\/p>\n","protected":false},"author":12,"featured_media":34100,"comment_status":"closed","ping_status":"open","sticky":false,"template":"","format":"standard","meta":{"footnotes":""},"categories":[4],"tags":[],"class_list":["post-34098","post","type-post","status-publish","format-standard","has-post-thumbnail","hentry","category-noticias"],"_links":{"self":[{"href":"http:\/\/heavymetalonline.com.br\/index.php?rest_route=\/wp\/v2\/posts\/34098","targetHints":{"allow":["GET"]}}],"collection":[{"href":"http:\/\/heavymetalonline.com.br\/index.php?rest_route=\/wp\/v2\/posts"}],"about":[{"href":"http:\/\/heavymetalonline.com.br\/index.php?rest_route=\/wp\/v2\/types\/post"}],"author":[{"embeddable":true,"href":"http:\/\/heavymetalonline.com.br\/index.php?rest_route=\/wp\/v2\/users\/12"}],"replies":[{"embeddable":true,"href":"http:\/\/heavymetalonline.com.br\/index.php?rest_route=%2Fwp%2Fv2%2Fcomments&post=34098"}],"version-history":[{"count":1,"href":"http:\/\/heavymetalonline.com.br\/index.php?rest_route=\/wp\/v2\/posts\/34098\/revisions"}],"predecessor-version":[{"id":34101,"href":"http:\/\/heavymetalonline.com.br\/index.php?rest_route=\/wp\/v2\/posts\/34098\/revisions\/34101"}],"wp:featuredmedia":[{"embeddable":true,"href":"http:\/\/heavymetalonline.com.br\/index.php?rest_route=\/wp\/v2\/media\/34100"}],"wp:attachment":[{"href":"http:\/\/heavymetalonline.com.br\/index.php?rest_route=%2Fwp%2Fv2%2Fmedia&parent=34098"}],"wp:term":[{"taxonomy":"category","embeddable":true,"href":"http:\/\/heavymetalonline.com.br\/index.php?rest_route=%2Fwp%2Fv2%2Fcategories&post=34098"},{"taxonomy":"post_tag","embeddable":true,"href":"http:\/\/heavymetalonline.com.br\/index.php?rest_route=%2Fwp%2Fv2%2Ftags&post=34098"}],"curies":[{"name":"wp","href":"https:\/\/api.w.org\/{rel}","templated":true}]}}