{"id":34113,"date":"2025-12-16T20:28:36","date_gmt":"2025-12-16T20:28:36","guid":{"rendered":"https:\/\/heavymetalonline.com.br\/?p=34113"},"modified":"2025-12-16T20:28:38","modified_gmt":"2025-12-16T20:28:38","slug":"alem-do-monsters-of-rock-lynyrd-skynyrd-anuncia-shows-no-rio-de-janeiro-curitiba-e-porto-alegre","status":"publish","type":"post","link":"http:\/\/heavymetalonline.com.br\/?p=34113","title":{"rendered":"Al\u00e9m do Monsters of Rock, Lynyrd Skynyrd anuncia shows no Rio de Janeiro, Curitiba e Porto Alegre"},"content":{"rendered":"\n<p id=\"viewer-az69c28111\">Lenda absoluta do southern rock, o&nbsp;<strong>Lynyrd Skynyrd<\/strong>&nbsp;confirmou novas apresenta\u00e7\u00f5es no Brasil al\u00e9m de sua participa\u00e7\u00e3o no&nbsp;<strong>Monsters of Rock<\/strong>. A banda se apresenta no <strong>Rio de Janeiro, Curitiba<\/strong> e <strong>Porto Alegre<\/strong><\/p>\n\n\n\n<p id=\"viewer-qxztn12496\">no in\u00edcio de abril, em uma sequ\u00eancia de shows que celebra mais de cinco d\u00e9cadas de uma das trajet\u00f3rias mais influentes da hist\u00f3ria do rock.<\/p>\n\n\n\n<p id=\"viewer-8g88h12498\">&nbsp;<\/p>\n\n\n\n<p id=\"viewer-b5i2612500\">As apresenta\u00e7\u00f5es acontecem no&nbsp;dia&nbsp;<strong>1\u00ba de abril<\/strong>, em&nbsp;<strong>Curitiba<\/strong>&nbsp;<strong>(Live Curitiba)<\/strong>,&nbsp;<strong>5 de abril<\/strong>, no&nbsp;<strong>Rio de Janeiro (Qualistage)<\/strong>, e&nbsp;<strong>7 de abril<\/strong>, em&nbsp;<strong>Porto Alegre (Audit\u00f3rio Ara\u00fajo Vianna)<\/strong>. No show do Rio de Janeiro, o&nbsp;<strong>Dirty Honey<\/strong>&nbsp;ser\u00e1 o convidado especial da noite.<\/p>\n\n\n\n<p id=\"viewer-fj9ka12518\">&nbsp;<\/p>\n\n\n\n<p id=\"viewer-b7ae012520\">A venda de ingressos para o&nbsp;<strong>Rio de Janeiro<\/strong>&nbsp;come\u00e7a no dia&nbsp;<strong>17 de dezembro<\/strong>&nbsp;(quarta-feira), \u00e0s&nbsp;<strong>10h<\/strong>, exclusivamente pelo site&nbsp;<strong>Eventim<\/strong>.<\/p>\n\n\n\n<p id=\"viewer-zglua12530\">&nbsp;<\/p>\n\n\n\n<p id=\"viewer-l1st212532\">Para&nbsp;<strong>Curitiba<\/strong>&nbsp;e&nbsp;<strong>Porto Alegre<\/strong>, haver\u00e1&nbsp;<strong>pr\u00e9-venda<\/strong>&nbsp;com in\u00edcio no dia&nbsp;<strong>17 de dezembro <\/strong>(quarta-feira), a partir das&nbsp;<strong>10h<\/strong>, por&nbsp;<strong>72 horas<\/strong>&nbsp;(at\u00e9 9h59 do dia 20\/12, s\u00e1bado). A venda geral ter\u00e1 in\u00edcio \u00e0s&nbsp;<strong>10h<\/strong>&nbsp;do dia&nbsp;<strong>20 de dezembro<\/strong>&nbsp;(s\u00e1bado), exclusivamente pelo site&nbsp;<strong>Bilheteria Digital<\/strong>.<\/p>\n\n\n\n<p id=\"viewer-w33jq12552\">&nbsp;<\/p>\n\n\n\n<p id=\"viewer-detp412554\">Formado nos anos 1970, o&nbsp;<strong>Lynyrd Skynyrd<\/strong>&nbsp;construiu sua identidade a partir de guitarras triplas, lirismo sulista e cl\u00e1ssicos eternos como&nbsp;<em>\u201cFree Bird\u201d<\/em>&nbsp;e&nbsp;<em>\u201cSweet Home Alabama\u201d<\/em>. Ap\u00f3s o tr\u00e1gico acidente a\u00e9reo de 1977, que marcou profundamente sua hist\u00f3ria, a banda renasceu em 1987 com&nbsp;Johnny Van Zant&nbsp;nos vocais, mantendo viva sua heran\u00e7a em turn\u00eas e grava\u00e7\u00f5es que atravessaram gera\u00e7\u00f5es. Com mais de 50 anos de carreira, a banda segue como um dos nomes mais duradouros e respeitados da m\u00fasica norte-americana.<\/p>\n\n\n\n<p id=\"viewer-3qymb12562\">&nbsp;<\/p>\n\n\n\n<p id=\"viewer-8wykx12564\">Convidada especial no Rio de Janeiro, a&nbsp;<strong>Dirty Honey<\/strong>&nbsp;j\u00e1 se consolidou como uma das maiores revela\u00e7\u00f5es globais do rock. Formada em Los Angeles em 2017, a banda revitaliza o hard rock com fortes influ\u00eancias dos anos 70 e fez hist\u00f3ria em 2019 ao alcan\u00e7ar o topo da&nbsp;Billboard Mainstream Rock Songs&nbsp;de forma totalmente independente com&nbsp;<em>\u201cWhen I\u2019m Gone\u201d.<\/em>&nbsp;Com turn\u00eas ao lado de&nbsp;Guns N\u2019 Roses, KISS e The Black Crowes, dois \u00e1lbuns lan\u00e7ados e shows intensos, o Dirty Honey se firma como uma das principais for\u00e7as da nova gera\u00e7\u00e3o do rock.<\/p>\n\n\n\n<blockquote class=\"instagram-media\" data-instgrm-captioned data-instgrm-permalink=\"https:\/\/www.instagram.com\/p\/DSVByZ-DfzE\/?utm_source=ig_embed&amp;utm_campaign=loading\" data-instgrm-version=\"14\" style=\" background:#FFF; border:0; border-radius:3px; box-shadow:0 0 1px 0 rgba(0,0,0,0.5),0 1px 10px 0 rgba(0,0,0,0.15); margin: 1px; max-width:540px; min-width:326px; padding:0; width:99.375%; width:-webkit-calc(100% - 2px); width:calc(100% - 2px);\"><div style=\"padding:16px;\"> <a href=\"https:\/\/www.instagram.com\/p\/DSVByZ-DfzE\/?utm_source=ig_embed&amp;utm_campaign=loading\" style=\" background:#FFFFFF; line-height:0; padding:0 0; text-align:center; text-decoration:none; width:100%;\" target=\"_blank\"> <div style=\" display: flex; flex-direction: row; align-items: center;\"> <div style=\"background-color: #F4F4F4; border-radius: 50%; flex-grow: 0; height: 40px; margin-right: 14px; width: 40px;\"><\/div> <div style=\"display: flex; flex-direction: column; flex-grow: 1; justify-content: center;\"> <div style=\" background-color: #F4F4F4; border-radius: 4px; flex-grow: 0; height: 14px; margin-bottom: 6px; width: 100px;\"><\/div> <div style=\" background-color: #F4F4F4; border-radius: 4px; flex-grow: 0; height: 14px; width: 60px;\"><\/div><\/div><\/div><div style=\"padding: 19% 0;\"><\/div> <div style=\"display:block; height:50px; margin:0 auto 12px; width:50px;\"><svg width=\"50px\" height=\"50px\" viewBox=\"0 0 60 60\" version=\"1.1\" xmlns=\"https:\/\/www.w3.org\/2000\/svg\" xmlns:xlink=\"https:\/\/www.w3.org\/1999\/xlink\"><g stroke=\"none\" stroke-width=\"1\" fill=\"none\" fill-rule=\"evenodd\"><g transform=\"translate(-511.000000, -20.000000)\" fill=\"#000000\"><g><path d=\"M556.869,30.41 C554.814,30.41 553.148,32.076 553.148,34.131 C553.148,36.186 554.814,37.852 556.869,37.852 C558.924,37.852 560.59,36.186 560.59,34.131 C560.59,32.076 558.924,30.41 556.869,30.41 M541,60.657 C535.114,60.657 530.342,55.887 530.342,50 C530.342,44.114 535.114,39.342 541,39.342 C546.887,39.342 551.658,44.114 551.658,50 C551.658,55.887 546.887,60.657 541,60.657 M541,33.886 C532.1,33.886 524.886,41.1 524.886,50 C524.886,58.899 532.1,66.113 541,66.113 C549.9,66.113 557.115,58.899 557.115,50 C557.115,41.1 549.9,33.886 541,33.886 M565.378,62.101 C565.244,65.022 564.756,66.606 564.346,67.663 C563.803,69.06 563.154,70.057 562.106,71.106 C561.058,72.155 560.06,72.803 558.662,73.347 C557.607,73.757 556.021,74.244 553.102,74.378 C549.944,74.521 548.997,74.552 541,74.552 C533.003,74.552 532.056,74.521 528.898,74.378 C525.979,74.244 524.393,73.757 523.338,73.347 C521.94,72.803 520.942,72.155 519.894,71.106 C518.846,70.057 518.197,69.06 517.654,67.663 C517.244,66.606 516.755,65.022 516.623,62.101 C516.479,58.943 516.448,57.996 516.448,50 C516.448,42.003 516.479,41.056 516.623,37.899 C516.755,34.978 517.244,33.391 517.654,32.338 C518.197,30.938 518.846,29.942 519.894,28.894 C520.942,27.846 521.94,27.196 523.338,26.654 C524.393,26.244 525.979,25.756 528.898,25.623 C532.057,25.479 533.004,25.448 541,25.448 C548.997,25.448 549.943,25.479 553.102,25.623 C556.021,25.756 557.607,26.244 558.662,26.654 C560.06,27.196 561.058,27.846 562.106,28.894 C563.154,29.942 563.803,30.938 564.346,32.338 C564.756,33.391 565.244,34.978 565.378,37.899 C565.522,41.056 565.552,42.003 565.552,50 C565.552,57.996 565.522,58.943 565.378,62.101 M570.82,37.631 C570.674,34.438 570.167,32.258 569.425,30.349 C568.659,28.377 567.633,26.702 565.965,25.035 C564.297,23.368 562.623,22.342 560.652,21.575 C558.743,20.834 556.562,20.326 553.369,20.18 C550.169,20.033 549.148,20 541,20 C532.853,20 531.831,20.033 528.631,20.18 C525.438,20.326 523.257,20.834 521.349,21.575 C519.376,22.342 517.703,23.368 516.035,25.035 C514.368,26.702 513.342,28.377 512.574,30.349 C511.834,32.258 511.326,34.438 511.181,37.631 C511.035,40.831 511,41.851 511,50 C511,58.147 511.035,59.17 511.181,62.369 C511.326,65.562 511.834,67.743 512.574,69.651 C513.342,71.625 514.368,73.296 516.035,74.965 C517.703,76.634 519.376,77.658 521.349,78.425 C523.257,79.167 525.438,79.673 528.631,79.82 C531.831,79.965 532.853,80.001 541,80.001 C549.148,80.001 550.169,79.965 553.369,79.82 C556.562,79.673 558.743,79.167 560.652,78.425 C562.623,77.658 564.297,76.634 565.965,74.965 C567.633,73.296 568.659,71.625 569.425,69.651 C570.167,67.743 570.674,65.562 570.82,62.369 C570.966,59.17 571,58.147 571,50 C571,41.851 570.966,40.831 570.82,37.631\"><\/path><\/g><\/g><\/g><\/svg><\/div><div style=\"padding-top: 8px;\"> <div style=\" color:#3897f0; font-family:Arial,sans-serif; font-size:14px; font-style:normal; font-weight:550; line-height:18px;\">Ver essa foto no Instagram<\/div><\/div><div style=\"padding: 12.5% 0;\"><\/div> <div style=\"display: flex; flex-direction: row; margin-bottom: 14px; align-items: center;\"><div> <div style=\"background-color: #F4F4F4; border-radius: 50%; height: 12.5px; width: 12.5px; transform: translateX(0px) translateY(7px);\"><\/div> <div style=\"background-color: #F4F4F4; height: 12.5px; transform: rotate(-45deg) translateX(3px) translateY(1px); width: 12.5px; flex-grow: 0; margin-right: 14px; margin-left: 2px;\"><\/div> <div style=\"background-color: #F4F4F4; border-radius: 50%; height: 12.5px; width: 12.5px; transform: translateX(9px) translateY(-18px);\"><\/div><\/div><div style=\"margin-left: 8px;\"> <div style=\" background-color: #F4F4F4; border-radius: 50%; flex-grow: 0; height: 20px; width: 20px;\"><\/div> <div style=\" width: 0; height: 0; border-top: 2px solid transparent; border-left: 6px solid #f4f4f4; border-bottom: 2px solid transparent; transform: translateX(16px) translateY(-4px) rotate(30deg)\"><\/div><\/div><div style=\"margin-left: auto;\"> <div style=\" width: 0px; border-top: 8px solid #F4F4F4; border-right: 8px solid transparent; transform: translateY(16px);\"><\/div> <div style=\" background-color: #F4F4F4; flex-grow: 0; height: 12px; width: 16px; transform: translateY(-4px);\"><\/div> <div style=\" width: 0; height: 0; border-top: 8px solid #F4F4F4; border-left: 8px solid transparent; transform: translateY(-4px) translateX(8px);\"><\/div><\/div><\/div> <div style=\"display: flex; flex-direction: column; flex-grow: 1; justify-content: center; margin-bottom: 24px;\"> <div style=\" background-color: #F4F4F4; border-radius: 4px; flex-grow: 0; height: 14px; margin-bottom: 6px; width: 224px;\"><\/div> <div style=\" background-color: #F4F4F4; border-radius: 4px; flex-grow: 0; height: 14px; width: 144px;\"><\/div><\/div><\/a><p style=\" color:#c9c8cd; font-family:Arial,sans-serif; font-size:14px; line-height:17px; margin-bottom:0; margin-top:8px; overflow:hidden; padding:8px 0 7px; text-align:center; text-overflow:ellipsis; white-space:nowrap;\"><a href=\"https:\/\/www.instagram.com\/p\/DSVByZ-DfzE\/?utm_source=ig_embed&amp;utm_campaign=loading\" style=\" color:#c9c8cd; font-family:Arial,sans-serif; font-size:14px; font-style:normal; font-weight:normal; line-height:17px; text-decoration:none;\" target=\"_blank\">Um post compartilhado por Mercury Concerts (@mercuryconcerts)<\/a><\/p><\/div><\/blockquote>\n<script async src=\"\/\/www.instagram.com\/embed.js\"><\/script>\n\n\n\n<p id=\"viewer-wxzpu12713\"><strong>CURITIBA<\/strong><\/p>\n\n\n\n<p id=\"viewer-wy9el13435\">Data: 1\u00b0. de abril de 2026 (quarta-feira)<\/p>\n\n\n\n<p id=\"viewer-52tfr13437\">Local: Live Curitiba<\/p>\n\n\n\n<p id=\"viewer-2k4ui13439\">Endere\u00e7o do Local: R. Itajub\u00e1, 143 &#8211; Novo Mundo, Curitiba &#8211; PR, 81050-040<\/p>\n\n\n\n<p id=\"viewer-7vzhn13441\">Hor\u00e1rio: 21h<\/p>\n\n\n\n<p id=\"viewer-bkzex13443\">Abertura dos port\u00f5es: 18h<\/p>\n\n\n\n<p id=\"viewer-1fo9713445\">Ticketeira: <a target=\"_blank\" href=\"http:\/\/www.bilheteriadigital.com\/\" rel=\"noreferrer noopener\"><u>www.bilheteriadigital.com<\/u><\/a><\/p>\n\n\n\n<p id=\"viewer-e34v313448\">Proibido fumar<\/p>\n\n\n\n<p id=\"viewer-oxzic13450\">Estacionamento no local? Sim, cobrado diretamente na entrada.<\/p>\n\n\n\n<p id=\"viewer-obg5x13452\">Ter\u00e1 acesso para \u00c1rea PCD: Sim<\/p>\n\n\n\n<p id=\"viewer-uerv313454\">Classifica\u00e7\u00e3o: 16 anos desacompanhados, e menores de 16 anos somente acompanhados dos pais ou respons\u00e1veis.<\/p>\n\n\n\n<p id=\"viewer-z4gm313456\"><strong>&nbsp;<\/strong><\/p>\n\n\n\n<p id=\"viewer-7u6k313458\"><strong>PR\u00c9 VENDA: 17\/12 \u00e0s 10h at\u00e9 9h59 do dia 20\/12<\/strong><\/p>\n\n\n\n<p id=\"viewer-x58vx13460\"><strong>VENDA GERAL: 20\/12 \u00e0s 10h<\/strong><\/p>\n\n\n\n<p id=\"viewer-monrh13462\">&nbsp;<\/p>\n\n\n\n<p id=\"viewer-lnrz713464\"><strong>SETORES<\/strong><\/p>\n\n\n\n<p id=\"viewer-bb6xu13466\">PISTA: a partir de R$ 270,00&nbsp;&nbsp;&nbsp;&nbsp;&nbsp;&nbsp;&nbsp;&nbsp;&nbsp;&nbsp;&nbsp;&nbsp;&nbsp;&nbsp;&nbsp;&nbsp;&nbsp;&nbsp;&nbsp;&nbsp;&nbsp;&nbsp;&nbsp;&nbsp;&nbsp;&nbsp;&nbsp;&nbsp;&nbsp;&nbsp;&nbsp;&nbsp;&nbsp;&nbsp;&nbsp;&nbsp;&nbsp;&nbsp;&nbsp;&nbsp;&nbsp;&nbsp;&nbsp;&nbsp;&nbsp;<\/p>\n\n\n\n<p id=\"viewer-mh3sf13468\">PISTA PREMIUM: a partir de R$ 390,00&nbsp;&nbsp;&nbsp;&nbsp;&nbsp;&nbsp;&nbsp;&nbsp;&nbsp;&nbsp;&nbsp;&nbsp;&nbsp;&nbsp;&nbsp;&nbsp;&nbsp;&nbsp;&nbsp;&nbsp;&nbsp;&nbsp;&nbsp;&nbsp;&nbsp;&nbsp;&nbsp;&nbsp;&nbsp;&nbsp;&nbsp;&nbsp;&nbsp;&nbsp;&nbsp;&nbsp;&nbsp;&nbsp;&nbsp;&nbsp;&nbsp;&nbsp;&nbsp;&nbsp;&nbsp;&nbsp;&nbsp;<\/p>\n\n\n\n<p id=\"viewer-pxmqn13470\">VIP: a partir de R$ 320,00&nbsp;&nbsp;&nbsp;&nbsp;&nbsp;&nbsp;&nbsp;&nbsp;&nbsp;&nbsp;&nbsp;&nbsp;&nbsp;&nbsp;&nbsp;&nbsp;&nbsp;&nbsp;&nbsp;&nbsp;&nbsp;&nbsp;&nbsp;&nbsp;&nbsp;&nbsp;&nbsp;&nbsp;&nbsp;&nbsp;&nbsp;&nbsp;&nbsp;&nbsp;&nbsp;&nbsp;&nbsp;&nbsp;&nbsp;&nbsp;<\/p>\n\n\n\n<p id=\"viewer-fkmx613472\">CAMAROTE: R$ 12.000 (para 15 pessoas, cada)<\/p>\n\n\n\n<p id=\"viewer-ppjb313475\"><strong>Modalidades de Meia-entrada:<\/strong><\/p>\n\n\n\n<p id=\"viewer-8aqgh13477\">\u2022&nbsp;&nbsp;Os jovens de baixa renda (pessoa com idade entre 15 e 19 anos que pertence \u00e0 fam\u00edlia com renda mensal de at\u00e9 dois sal\u00e1rios m\u00ednimos) desde que inscritos no Cadastro \u00danico para programas sociais do Governo Federal (Lei 12.933\/2013);<\/p>\n\n\n\n<p id=\"viewer-l2mag13479\">\u2022&nbsp;&nbsp;Os estudantes (pessoa regularmente matriculada em institui\u00e7\u00e3o de ensino, p\u00fablica ou privada);<\/p>\n\n\n\n<p id=\"viewer-g1oio13481\">\u2022&nbsp;&nbsp;As pessoas com defici\u00eancia (pessoa que possui impedimento de longo prazo de natureza f\u00edsica, mental, intelectual ou sensorial); e os acompanhantes das pessoas com defici\u00eancia (aquele que acompanha a pessoa com defici\u00eancia, o qual pode ou n\u00e3o desempenhar as fun\u00e7\u00f5es de atendente pessoal), limitado a 01 (um) acompanhante por pessoa com defici\u00eancia.<\/p>\n\n\n\n<p id=\"viewer-uw9kp13483\">\u2022&nbsp;&nbsp;Os idosos, com idade igual ou superior a 60 (sessenta) anos.<\/p>\n\n\n\n<p id=\"viewer-g4wjx13485\">Aten\u00e7\u00e3o: Os documentos que comprovam a condi\u00e7\u00e3o do benef\u00edcio da meia-entrada.<\/p>\n\n\n\n<p id=\"viewer-1ky4e13487\">\u2022&nbsp;&nbsp;Professores da Rede P\u00fablica e Particular do Estado do Paran\u00e1 (Lei Estadual 15.876 de 2008): mediante apresenta\u00e7\u00e3o do comprovante salarial referente ao m\u00eas vigente ou da<\/p>\n\n\n\n<p id=\"viewer-d7hjz13489\">Carteira Funcional emitida pela Secretaria de Educa\u00e7\u00e3o e\/ou a Institui\u00e7\u00e3o de Ensino Particular e, em todos os casos, de Documento de Identidade original (RG) ou c\u00f3pia autenticada.<\/p>\n\n\n\n<p id=\"viewer-5d78m13491\">\u2022&nbsp;&nbsp;Doadores regulares de sangue registrados no hemocentro e nos bancos de sangue dos hospitais do Estado do Paran\u00e1 (Lei Estadual 13.964 de 2002): mediante apresenta\u00e7\u00e3o do documento oficial expedido pela Secretaria de Estado da Sa\u00fade identificando a pessoa como doadora regular e Documento de Identidade original (RG) ou c\u00f3pia autenticada.<\/p>\n\n\n\n<p id=\"viewer-mo9t713493\">\u2022&nbsp;&nbsp;Portadores de c\u00e2ncer (Lei Estadual 18.445 de 2015): mediante apresenta\u00e7\u00e3o do atestado m\u00e9dico contendo a classifica\u00e7\u00e3o internacional da doen\u00e7a (CID). Este documento deve ser fornecido por um profissional cadastrado no Sistema \u00fanico de Sa\u00fade (SUS), expedido em at\u00e9 um ano antes de sua apresenta\u00e7\u00e3o. Apresente tamb\u00e9m um Documento de Identidade oficial com foto, expedido por \u00f3rg\u00e3o p\u00fablico e v\u00e1lido em todo territ\u00f3rio nacional, original ou c\u00f3pia autenticada.<\/p>\n\n\n\n<p id=\"viewer-2bupy13495\">\u2022&nbsp;&nbsp;Mes\u00e1rios ou Eleitores nomeados para prestar apoio log\u00edstico em elei\u00e7\u00f5es, plebiscitos e referendos (Lei Estadual 21.931 de 2024): mediante certid\u00e3o expedida pela Justi\u00e7a Eleitoral do Paran\u00e1, comprovando o servi\u00e7o prestado. A partir da nomea\u00e7\u00e3o, o benef\u00edcio \u00e9 v\u00e1lido por 2 anos. N\u00e3o ter\u00e1 direito \u00e0 meia-entrada o mes\u00e1rio e o eleitor nomeado que deixar de comparecer a qualquer um dos turnos da elei\u00e7\u00e3o.<\/p>\n\n\n\n<p id=\"viewer-mvfvb13497\">\u2022&nbsp;&nbsp;Profissionais da sa\u00fade, do sistema p\u00fablico e privado de sa\u00fade do Paran\u00e1, tais como m\u00e9dicos, enfermeiros, fisioterapeutas, psic\u00f3logos, psicanalistas, odont\u00f3logos, t\u00e9cnicos e auxiliares de enfermagem, entre outros (Lei Estadual 22.235 de 2024): mediante a apresenta\u00e7\u00e3o de documento de identidade e, alternativamente, contracheque, carteira funcional emitida por estabelecimento p\u00fablico ou privado de sa\u00fade ou carteira de identifica\u00e7\u00e3o expedida por entidade de classe. ser\u00e3o exigidos no ato da compra, na retirada do ingresso e no momento do acesso ao evento.<\/p>\n\n\n\n<p id=\"viewer-1hv7q13499\">Documentos que comprovam a condi\u00e7\u00e3o de benefici\u00e1rio:<\/p>\n\n\n\n<p id=\"viewer-rr7ja13501\">\u2022&nbsp;&nbsp;Jovens de baixa renda: Identidade Jovem acompanhada de documento de identifica\u00e7\u00e3o com foto expedido por \u00f3rg\u00e3o p\u00fablico e v\u00e1lido em todo o territ\u00f3rio nacional.<\/p>\n\n\n\n<p id=\"viewer-sjiwv13503\">\u2022&nbsp;&nbsp;Estudantes: CIE \u2013 Carteira de Identifica\u00e7\u00e3o Estudantil, expedida pela ANPG, ingressos<\/p>\n\n\n\n<p id=\"viewer-lugow13505\">AERGS, UNE, UBES, UEE RS, UGES e municipais filiadas \u00e0 ANPG, UNE, UBES, Diret\u00f3rios Centrais dos Estudantes \u2013 DCE, Centros e Diret\u00f3rios Acad\u00eamicos, de n\u00edvel m\u00e9dio e superior, conforme modelo \u00fanico, nacionalmente padronizado, ou seja, que possuam os requisitos impostos pela lei, quais sejam: I &#8211; nome completo e data de nascimento do estudante;<\/p>\n\n\n\n<p id=\"viewer-uw72p13507\">I.&nbsp;&nbsp;&nbsp;&#8211; foto recente do estudante;<\/p>\n\n\n\n<p id=\"viewer-zepbz13509\">I.&nbsp;&nbsp;&nbsp;&#8211; nome da institui\u00e7\u00e3o de ensino na qual o estudante esteja matriculado;<\/p>\n\n\n\n<p id=\"viewer-wb1m713511\">II.&nbsp;&#8211; grau de escolaridade; e,<\/p>\n\n\n\n<p id=\"viewer-oy6tx13513\">III. &#8211; data de validade at\u00e9 o dia 31 de mar\u00e7o do ano subsequente ao de sua expedi\u00e7\u00e3o, est\u00e3o aptos a receber o benef\u00edcio da meia-entrada.<\/p>\n\n\n\n<p id=\"viewer-kxsq713515\">S\u00f3 ser\u00e3o aceitas CIE expedidas a partir de 2023;<\/p>\n\n\n\n<p id=\"viewer-j3gil13517\">\u2022&nbsp;&nbsp;Pessoas com defici\u00eancia: Cart\u00e3o de Benef\u00edcio de Presta\u00e7\u00e3o Continuada de Assist\u00eancia Social ou documento emitido pelo INSS que ateste a aposentadoria da pessoa com defici\u00eancia, ambos acompanhados de documento de identifica\u00e7\u00e3o com foto expedido por \u00f3rg\u00e3o p\u00fablico e v\u00e1lido em todo o territ\u00f3rio nacional.<\/p>\n\n\n\n<p id=\"viewer-wiyqi13519\">\u2022&nbsp;&nbsp;Acompanhantes das pessoas com defici\u00eancia: Apresenta\u00e7\u00e3o de declara\u00e7\u00e3o pela pessoa com defici\u00eancia, ou na sua impossibilidade, por seu acompanhante.<\/p>\n\n\n\n<p id=\"viewer-cpgvf13521\">\u2022&nbsp;&nbsp;Idosos: Documento de identifica\u00e7\u00e3o com foto, nome completo e data de nascimento.<\/p>\n\n\n\n<p id=\"viewer-d01ci13523\"><strong>Ingressos solid\u00e1rio:<\/strong><\/p>\n\n\n\n<p id=\"viewer-gi5zj13525\">50% de desconto sobre o valor de INTEIRA para aqueles que doarem 1Kg de alimento n\u00e3o perec\u00edvel. O alimento deve ser entregue na entrada do evento junto com a apresenta\u00e7\u00e3o dos ingressos desta modalidade.<\/p>\n\n\n\n<p id=\"viewer-yw8rf13527\"><strong>Censura 16 anos (menores de 16 somente acompanhados dos pais ou respons\u00e1vel legal mediante preenchimento de termo de consentimento na entrada do evento) Acessibilidade somente no piso t\u00e9rreo, setor espec\u00edfico PCD.<\/strong><\/p>\n\n\n\n<p id=\"viewer-aw88p13529\">*<strong>Estacionamento terceirizado cobrado diretamente na entrada.<\/strong><\/p>\n\n\n\n<p id=\"viewer-kci1t13775\"><strong>RIO DE JANEIRO<\/strong><\/p>\n\n\n\n<p id=\"viewer-fb1sq15974\">Data: 5 de abril de 2026 (domingo)<\/p>\n\n\n\n<p id=\"viewer-y20a815976\">Local:&nbsp;Qualistage. Av. Ayrton Senna, 3000 &#8211; Barra da Tijuca, Rio de Janeiro &#8211; RJ<\/p>\n\n\n\n<p id=\"viewer-pcf8g15978\">Portas: 19h<\/p>\n\n\n\n<p id=\"viewer-kf3h115980\">Dirty Honey: 20h<\/p>\n\n\n\n<p id=\"viewer-74kdr15982\">Lynyrd Skynyrd: 21h30&nbsp;&nbsp;&nbsp;&nbsp;&nbsp;&nbsp;&nbsp;&nbsp;&nbsp;&nbsp;&nbsp;&nbsp;&nbsp;&nbsp;<\/p>\n\n\n\n<p id=\"viewer-ut93m15984\">Classifica\u00e7\u00e3o Et\u00e1ria:&nbsp;18 (dezoito) anos desacompanhados. Menores de 18 (dezoito) anos poder\u00e3o comparecer ao evento desde que acompanhados dos pais e\/ou respons\u00e1veis legais. Informa\u00e7\u00e3o sujeita \u00e0 altera\u00e7\u00e3o, conforme decis\u00e3o judicial.<\/p>\n\n\n\n<p id=\"viewer-hqrti15986\">&nbsp;<\/p>\n\n\n\n<p id=\"viewer-mafgy15988\"><strong><u>Pre\u00e7os<\/u><\/strong><strong>&nbsp;&nbsp;&nbsp;&nbsp;&nbsp;&nbsp;&nbsp;&nbsp;&nbsp;&nbsp;&nbsp;&nbsp;&nbsp;&nbsp;&nbsp;&nbsp;&nbsp;&nbsp;&nbsp;&nbsp;&nbsp;&nbsp;&nbsp;<\/strong><strong><u>Inteira <\/u><\/strong><strong>&nbsp;&nbsp;&nbsp;&nbsp;&nbsp;&nbsp;&nbsp;&nbsp;&nbsp;&nbsp;&nbsp;<\/strong><strong><u>Qualicorp<\/u><\/strong><strong>&nbsp;&nbsp;&nbsp;&nbsp;&nbsp;&nbsp;<\/strong><strong><u>Meia<\/u><\/strong><\/p>\n\n\n\n<p id=\"viewer-lddvy15996\">Pista Premium&nbsp;&nbsp;&nbsp;&nbsp;&nbsp;&nbsp;&nbsp;&nbsp;&nbsp;&nbsp;R$ 780,00&nbsp;&nbsp;&nbsp;&nbsp;&nbsp;&nbsp;&nbsp;R$702,00&nbsp;&nbsp;&nbsp;&nbsp;&nbsp;&nbsp;&nbsp;R$ 390,00<\/p>\n\n\n\n<p id=\"viewer-h9gdd15998\">Pista&nbsp;&nbsp;&nbsp;&nbsp;&nbsp;&nbsp;&nbsp;&nbsp;&nbsp;&nbsp;&nbsp;&nbsp;&nbsp;&nbsp;&nbsp;&nbsp;&nbsp;&nbsp;&nbsp;&nbsp;&nbsp;&nbsp;&nbsp;&nbsp;&nbsp;&nbsp;&nbsp;R$ 440,00&nbsp;&nbsp;&nbsp;&nbsp;&nbsp;&nbsp;&nbsp;R$396,00&nbsp;&nbsp;&nbsp;&nbsp;&nbsp;&nbsp;&nbsp;R$ 220,00<\/p>\n\n\n\n<p id=\"viewer-hczd016000\">Poltrona A&nbsp;&nbsp;&nbsp;&nbsp;&nbsp;&nbsp;&nbsp;&nbsp;&nbsp;&nbsp;&nbsp;&nbsp;&nbsp;&nbsp;&nbsp;&nbsp;&nbsp;&nbsp;R$ 760,00&nbsp;&nbsp;&nbsp;&nbsp;&nbsp;&nbsp;&nbsp;R$684,00&nbsp;&nbsp;&nbsp;&nbsp;&nbsp;&nbsp;&nbsp;R$ 380,00<\/p>\n\n\n\n<p id=\"viewer-w9yvd16002\">Poltronas&nbsp;&nbsp;&nbsp;&nbsp;&nbsp;&nbsp;&nbsp;&nbsp;&nbsp;&nbsp;&nbsp;&nbsp;&nbsp;&nbsp;&nbsp;&nbsp;&nbsp;&nbsp;&nbsp;R$ 690,00&nbsp;&nbsp;&nbsp;&nbsp;&nbsp;&nbsp;&nbsp;R$621,00&nbsp;&nbsp;&nbsp;&nbsp;&nbsp;&nbsp;&nbsp;R$ 345,00<\/p>\n\n\n\n<p id=\"viewer-vu0w616004\">Camarote A&nbsp;&nbsp;&nbsp;&nbsp;&nbsp;&nbsp;&nbsp;&nbsp;&nbsp;&nbsp;&nbsp;&nbsp;&nbsp;&nbsp;&nbsp;R$ 980,00&nbsp;&nbsp;&nbsp;&nbsp;&nbsp;&nbsp;&nbsp;R$882,00&nbsp;&nbsp;&nbsp;&nbsp;&nbsp;&nbsp;&nbsp;R$ 490,00<\/p>\n\n\n\n<p id=\"viewer-ytva316006\">Camarote B&nbsp;&nbsp;&nbsp;&nbsp;&nbsp;&nbsp;&nbsp;&nbsp;&nbsp;&nbsp;&nbsp;&nbsp;&nbsp;&nbsp;&nbsp;R$ 980,00&nbsp;&nbsp;&nbsp;&nbsp;&nbsp;&nbsp;&nbsp;R$882,00&nbsp;&nbsp;&nbsp;&nbsp;&nbsp;&nbsp;&nbsp;R$ 490,00<\/p>\n\n\n\n<p id=\"viewer-n43x416008\">Camarote C&nbsp;&nbsp;&nbsp;&nbsp;&nbsp;&nbsp;&nbsp;&nbsp;&nbsp;&nbsp;&nbsp;&nbsp;&nbsp;&nbsp;&nbsp;R$ 980,00&nbsp;&nbsp;&nbsp;&nbsp;&nbsp;&nbsp;&nbsp;R$882,00&nbsp;&nbsp;&nbsp;&nbsp;&nbsp;&nbsp;&nbsp;R$ 490,00<\/p>\n\n\n\n<p id=\"viewer-d1nts16010\">&nbsp;<\/p>\n\n\n\n<p id=\"viewer-toh4316012\"><strong>Venda Geral: a partir do dia 17\/12\/2025 \u00e0s 10h da manh\u00e3&nbsp;<\/strong><\/p>\n\n\n\n<p id=\"viewer-s57uy16014\">&nbsp;<\/p>\n\n\n\n<p id=\"viewer-jmm3016016\">Na internet:&nbsp;<a target=\"_blank\" href=\"http:\/\/www.eventim.com.br\/lynyrdskynyrd\" rel=\"noreferrer noopener\"><u>www.eventim.com.br\/lynyrdskynyrd<\/u><\/a><\/p>\n\n\n\n<p id=\"viewer-gof7t16019\">&nbsp;<\/p>\n\n\n\n<p id=\"viewer-kbofl16021\"><strong><u>Ponto de venda sem taxa de conveni\u00eancia:<\/u><\/strong><\/p>\n\n\n\n<p id=\"viewer-vj5qm16023\">BILHETERIA OFICIAL &#8211; SEM COBRAN\u00c7A DE TAXA DE SERVI\u00c7O<\/p>\n\n\n\n<p id=\"viewer-9k25316025\">Qualistage &#8211; Via Parque Shopping&nbsp;<\/p>\n\n\n\n<p id=\"viewer-xpazb16027\">Endere\u00e7o: Via Parque Shopping &#8211; Av. Ayrton Senna, 3000 &#8211; Barra da Tijuca&nbsp;<\/p>\n\n\n\n<p id=\"viewer-a4ulx16029\">Hor\u00e1rios de funcionamento: Segunda a s\u00e1bado das 11h \u00e0s 20h | Domingos e feriados das 13h \u00e0s 20h.<\/p>\n\n\n\n<p id=\"viewer-whxwm16031\">No dia do evento, abertura \u00e0s 11h e encerramento 30 min ap\u00f3s in\u00edcio do show.<\/p>\n\n\n\n<p id=\"viewer-50ioa16033\">&nbsp;<\/p>\n\n\n\n<p id=\"viewer-xcopj16035\"><strong>Parcelamento<\/strong><\/p>\n\n\n\n<p id=\"viewer-sz9e616037\">Em at\u00e9 4x sem juros nas compras online e na bilheteria.<\/p>\n\n\n\n<p id=\"viewer-nzvr316039\">Em at\u00e9 10x com juros.<\/p>\n\n\n\n<p id=\"viewer-rxlq116041\">&nbsp;<\/p>\n\n\n\n<p id=\"viewer-pvrfd16043\"><strong>MEIA-ENTRADA E INGRESSOS PROMOCIONAIS<\/strong><\/p>\n\n\n\n<p id=\"viewer-tqxno16045\">Confira em <a target=\"_blank\" href=\"https:\/\/www.eventim.com.br\/meiaentrada\" rel=\"noreferrer noopener\"><u>https:\/\/www.eventim.com.br\/meiaentrada<\/u><\/a> as leis de meia-entrada, identificando quem tem direito ao benef\u00edcio e os documentos comprobat\u00f3rios.<\/p>\n\n\n\n<p id=\"viewer-np99k16051\">Para maiores informa\u00e7\u00f5es sobre os hor\u00e1rios de funcionamento e as formas de pagamento de cada ponto de venda, por favor consulte:<\/p>\n\n\n\n<p id=\"viewer-31goj16053\">* Sujeito a cobran\u00e7a de taxa de servi\u00e7o<\/p>\n\n\n\n<figure class=\"wp-block-embed\"><div class=\"wp-block-embed__wrapper\">\nhttps:\/\/help.eventim.com.br\/hc\/pt-br\/articles\/4413851605015\n<\/div><\/figure>\n\n\n\n<p id=\"viewer-c09uq16059\"><strong><u>ATEN\u00c7\u00c3O<\/u><\/strong><\/p>\n\n\n\n<p id=\"viewer-cemzr16061\">Os ingressos limitados a 06 ingressos por CPF sendo no m\u00e1ximo 02 meia entradas.<\/p>\n\n\n\n<p id=\"viewer-s27fx16063\">N\u00c3O NOS RESPONSABILIZAMOS POR INGRESSOS COMPRADOS FORA DOS PONTOS DE VENDAS OFICIAIS DA EVENTIM.<\/p>\n\n\n\n<p id=\"viewer-mw55e16065\">&nbsp;<\/p>\n\n\n\n<p id=\"viewer-1f1wc16067\">PARA CONSULTAR OS ENDERE\u00c7OS OFICIAIS VISITE:&nbsp;<\/p>\n\n\n\n<p id=\"viewer-78eug16069\">* Sujeito a cobran\u00e7a de taxa de servi\u00e7o<\/p>\n\n\n\n<figure class=\"wp-block-embed\"><div class=\"wp-block-embed__wrapper\">\nhttps:\/\/help.eventim.com.br\/hc\/pt-br\/articles\/4413851605015\n<\/div><\/figure>\n\n\n\n<p id=\"viewer-p69yn16426\"><strong>PORTO ALEGRE<\/strong><\/p>\n\n\n\n<p id=\"viewer-xo5sp18906\">Data: 7 de abril de 2026 (ter\u00e7a-feira)&nbsp;&nbsp;&nbsp;&nbsp;<\/p>\n\n\n\n<p id=\"viewer-utqd818908\">Local: Audit\u00f3rio Ar\u00e1ujo Vianna<\/p>\n\n\n\n<p id=\"viewer-vvql418910\">Endere\u00e7o do Local:&nbsp;Avenida Osvaldo Aranha, 685<\/p>\n\n\n\n<p id=\"viewer-88m4u18912\">Hor\u00e1rio: 21h<\/p>\n\n\n\n<p id=\"viewer-rczay18914\">Abertura dos port\u00f5es: 19h30<\/p>\n\n\n\n<p id=\"viewer-i5ogo18916\">Ticketeira: <a target=\"_blank\" href=\"https:\/\/www.bilheteriadigital.com\/\" rel=\"noreferrer noopener\"><u>https:\/\/www.bilheteriadigital.com<\/u><\/a><\/p>\n\n\n\n<p id=\"viewer-c5ut418919\">Proibido fumar<\/p>\n\n\n\n<p id=\"viewer-q1qoi18921\">Estacionamento no local? N\u00e3o<\/p>\n\n\n\n<p id=\"viewer-5g8l918923\">Ter\u00e1 acesso para \u00c1rea PCD: Sim<\/p>\n\n\n\n<p id=\"viewer-cshrv18925\">Classifica\u00e7\u00e3o: 16 anos desacompanhados, e menores de 16 anos somente acompanhados dos pais ou respons\u00e1veis.<\/p>\n\n\n\n<p id=\"viewer-i858s18927\">&nbsp;<\/p>\n\n\n\n<p id=\"viewer-jx5zn18929\"><strong>PR\u00c9 VENDA: 17\/12 \u00e0s 10h at\u00e9 9h59 do dia 20\/12<\/strong><\/p>\n\n\n\n<p id=\"viewer-o9hnj18931\"><strong>VENDA GERAL: 20\/12 \u00e0s 10h<\/strong><\/p>\n\n\n\n<p id=\"viewer-bh6v318933\">&nbsp;<\/p>\n\n\n\n<p id=\"viewer-7yzli18935\"><strong>INGRESSOS:<\/strong><\/p>\n\n\n\n<p id=\"viewer-yqo8r18937\">Plateia Lateral Direita em p\u00e9 &#8211; A partir de R$ 292,50 (PR\u00c9-VENDA)<\/p>\n\n\n\n<p id=\"viewer-juucn18939\">Plateia Lateral Esquerda em p\u00e9 &#8211; A partir de R$ 292,50 (PR\u00c9-VENDA)<\/p>\n\n\n\n<p id=\"viewer-6894318941\">Plateia Alta Central &#8211; A partir de R$ 472,50 (PR\u00c9-VENDA)<\/p>\n\n\n\n<p id=\"viewer-vrvgt18943\">Plateia Alta Lateral &#8211; A partir de R$ 382,50 (PR\u00c9-VENDA)<\/p>\n\n\n\n<p id=\"viewer-5siez18945\">Plateia Baixa Lateral &#8211; A partir de R$ 535,50&nbsp;(PR\u00c9-VENDA)<\/p>\n\n\n\n<p id=\"viewer-h5srp18947\">Plateia Baixa Central &#8211; A partir de R$ 625,50&nbsp;(PR\u00c9-VENDA)<\/p>\n\n\n\n<p id=\"viewer-mblq218949\">Plateia Gold &#8211; A partir de R$ 810,00&nbsp;(PR\u00c9-VENDA)<\/p>\n\n\n\n<p id=\"viewer-h34q818951\">Mesa Bistr\u00f4 \u2013 com 4 lugares &#8211; A partir de R$ 2.200,00 (PR\u00c9-VENDA)<\/p>\n\n\n\n<p id=\"viewer-7s5rx18953\">&nbsp;<\/p>\n\n\n\n<p id=\"viewer-5juh118955\"><strong>Sobre INGRESSO SOCIAL= SOLID\u00c1RIO<\/strong><\/p>\n\n\n\n<p id=\"viewer-iejbb18957\">Modalidade de ingresso dispon\u00edvel a todos que doarem 1 kg de alimento n\u00e3o perec\u00edvel.<\/p>\n\n\n\n<p id=\"viewer-jdo7s18959\">Os alimentos dever\u00e3o ser entregues no Audit\u00f3rio Ara\u00fajo Vianna, no momento da entrada ao evento.<\/p>\n\n\n\n<p id=\"viewer-yqi4f18961\">** Para o benef\u00edcio da meia-entrada (50% de desconto), \u00e9 necess\u00e1ria a apresenta\u00e7\u00e3o da Carteira de Identifica\u00e7\u00e3o Esdutandil (CIE) na entrada do espet\u00e1culo. Os documentosaceitos como v\u00e1lidos est\u00e3o determinados na Lei Federal 12. 933\/13.<\/p>\n\n\n\n<p id=\"viewer-3tbw418963\">Demais descontos:<\/p>\n\n\n\n<p id=\"viewer-djn7218965\">50% para idosos: Lei Federal 10.741\/03 \u2013 obrigat\u00f3ria apresenta\u00e7\u00e3o de identidade ou documento oficial com foto.<\/p>\n\n\n\n<p id=\"viewer-588ge18967\">50% para jovens pertencentes a fam\u00edlias de baixa renda: Lei Federal 12.933\/13 \u2013 obrigat\u00f3ria apresenta\u00e7\u00e3o da Carteira de Identidade Jovem e de documento oficial com foto.<\/p>\n\n\n\n<p id=\"viewer-h6okn18969\">50% para pessoas com defici\u00eancia (e acompanhante quando necess\u00e1rio): Lei Federal 12.933\/13 \u2013 obrigat\u00f3ria apresenta\u00e7\u00e3o do Cart\u00e3o de Benef\u00edcio de Presta\u00e7\u00e3o Continuada da Assist\u00eancia Social da Pessoa com Defici\u00eancia ou de documento emitido pelo Instituto Nacional do Seguro Social (INSS).<\/p>\n\n\n\n<p id=\"viewer-pm0eu18971\">50% para doadores regulares de sangue: Lei Estadual n\u00b0 13.891\/12 \u2013 obrigat\u00f3ria apresenta\u00e7\u00e3o de documento oficial v\u00e1lido e expedido pelos hemocentros\/bancos de sangue.<\/p>\n\n\n\n<p id=\"viewer-vgxg618973\">&nbsp;<\/p>\n\n\n\n<p id=\"viewer-3fjvt18975\"><strong>Informa\u00e7\u00f5es:<\/strong><\/p>\n\n\n\n<p id=\"viewer-kla2q18977\">Vendas On Line \u2013 20% de taxa de convini\u00eancia<\/p>\n\n\n\n<p id=\"viewer-oxtir18979\">M\u00e1ximo de 6 ingressos por cpf<\/p>\n\n\n\n<p id=\"viewer-0xbci18981\">Consulte parcelamento no site da ticketeira<\/p>\n\n\n\n<p id=\"viewer-kk6kj18983\"><a target=\"_blank\" href=\"http:\/\/www.araujoviannaoficial.com.br\/\" rel=\"noreferrer noopener\"><u>www.araujoviannaoficial.com.br<\/u><\/a><\/p>\n\n\n\n<p id=\"viewer-s8dde18985\">Ingressos a venda em <a target=\"_blank\" href=\"http:\/\/www.bilheteriadigital.com\/\" rel=\"noreferrer noopener\"><u>www.bilheteriadigital.com<\/u><\/a><\/p>\n\n\n\n<p id=\"viewer-ivhfp22634\"><strong>Fonte: <\/strong>Catto Comunica\u00e7\u00e3o<\/p>\n","protected":false},"excerpt":{"rendered":"<p>Lenda absoluta do southern rock, o&nbsp;Lynyrd Skynyrd&nbsp;confirmou novas apresenta\u00e7\u00f5es no Brasil al\u00e9m de sua participa\u00e7\u00e3o no&nbsp;Monsters of Rock. A banda se apresenta no Rio de Janeiro, Curitiba e Porto Alegre no in\u00edcio de abril, em uma sequ\u00eancia de shows que celebra mais de cinco d\u00e9cadas de uma das trajet\u00f3rias mais influentes da hist\u00f3ria do rock. [&hellip;]<\/p>\n","protected":false},"author":12,"featured_media":33138,"comment_status":"closed","ping_status":"open","sticky":false,"template":"","format":"standard","meta":{"footnotes":""},"categories":[4],"tags":[],"class_list":["post-34113","post","type-post","status-publish","format-standard","has-post-thumbnail","hentry","category-noticias"],"_links":{"self":[{"href":"http:\/\/heavymetalonline.com.br\/index.php?rest_route=\/wp\/v2\/posts\/34113","targetHints":{"allow":["GET"]}}],"collection":[{"href":"http:\/\/heavymetalonline.com.br\/index.php?rest_route=\/wp\/v2\/posts"}],"about":[{"href":"http:\/\/heavymetalonline.com.br\/index.php?rest_route=\/wp\/v2\/types\/post"}],"author":[{"embeddable":true,"href":"http:\/\/heavymetalonline.com.br\/index.php?rest_route=\/wp\/v2\/users\/12"}],"replies":[{"embeddable":true,"href":"http:\/\/heavymetalonline.com.br\/index.php?rest_route=%2Fwp%2Fv2%2Fcomments&post=34113"}],"version-history":[{"count":1,"href":"http:\/\/heavymetalonline.com.br\/index.php?rest_route=\/wp\/v2\/posts\/34113\/revisions"}],"predecessor-version":[{"id":34114,"href":"http:\/\/heavymetalonline.com.br\/index.php?rest_route=\/wp\/v2\/posts\/34113\/revisions\/34114"}],"wp:featuredmedia":[{"embeddable":true,"href":"http:\/\/heavymetalonline.com.br\/index.php?rest_route=\/wp\/v2\/media\/33138"}],"wp:attachment":[{"href":"http:\/\/heavymetalonline.com.br\/index.php?rest_route=%2Fwp%2Fv2%2Fmedia&parent=34113"}],"wp:term":[{"taxonomy":"category","embeddable":true,"href":"http:\/\/heavymetalonline.com.br\/index.php?rest_route=%2Fwp%2Fv2%2Fcategories&post=34113"},{"taxonomy":"post_tag","embeddable":true,"href":"http:\/\/heavymetalonline.com.br\/index.php?rest_route=%2Fwp%2Fv2%2Ftags&post=34113"}],"curies":[{"name":"wp","href":"https:\/\/api.w.org\/{rel}","templated":true}]}}