{"id":35088,"date":"2026-01-20T19:31:44","date_gmt":"2026-01-20T19:31:44","guid":{"rendered":"https:\/\/heavymetalonline.com.br\/?p=35088"},"modified":"2026-01-20T19:32:02","modified_gmt":"2026-01-20T19:32:02","slug":"sky-in-flames-banda-celebra-24-anos-de-estrada-com-presenca-confirmada-no-festival-metal-contra-fome-em-porto-alegre-rs","status":"publish","type":"post","link":"http:\/\/heavymetalonline.com.br\/?p=35088","title":{"rendered":"SKY IN FLAMES: Banda celebra 24 anos de estrada com presen\u00e7a confirmada no festival \u2018Metal Contra Fome\u2019 em Porto Alegre\/RS"},"content":{"rendered":"\n<p id=\"viewer-hbzi042187\">A organiza\u00e7\u00e3o do festival <strong>\u2018Metal Contra Fome\u2019<\/strong> confirmou, no \u00faltimo dia 12 de janeiro, a edi\u00e7\u00e3o de 2026 do evento, que ter\u00e1 como um dos grandes destaques o <strong>SKY IN FLAMES<\/strong>. O grupo ga\u00facho de Death Metal sobe ao palco para uma apresenta\u00e7\u00e3o especial em celebra\u00e7\u00e3o aos seus 24 anos de trajet\u00f3ria. O festival acontece no dia 23 de janeiro (sexta-feira), a partir das 20h, no <strong>Caos Bar<\/strong>, em Porto Alegre\/RS, e contar\u00e1 tamb\u00e9m com as bandas <strong>Hammer<\/strong> e <strong>Dead Future<\/strong>.<\/p>\n\n\n\n<p id=\"viewer-wfqgq37574\">Com um vi\u00e9s estritamente beneficente, o <strong>\u2018Metal Contra Fome\u2019<\/strong> estabeleceu a entrada mediante a doa\u00e7\u00e3o de 1kg de alimento n\u00e3o perec\u00edvel. Todo o material arrecadado ser\u00e1 destinado \u00e0 Cozinha Solid\u00e1ria do MTST, refor\u00e7ando o papel social da cena extrema ga\u00facha. Confira abaixo os cartazes e servi\u00e7os completos para todas as informa\u00e7\u00f5es:<\/p>\n\n\n\n<ul class=\"wp-block-list\">\n<li><strong>SERVI\u00c7O:<\/strong><\/li>\n\n\n\n<li><strong>Show:\u00a0<\/strong>SKY IN FLAMES no \u2018Metal Contra Fome\u2019 (<a href=\"https:\/\/www.instagram.com\/metalcontrafome\/\" target=\"_blank\" rel=\"noreferrer noopener\"><u>@metalcontrafome<\/u><\/a>)<\/li>\n\n\n\n<li><strong>Local:\u00a0<\/strong>Caos Bar (<a href=\"https:\/\/www.instagram.com\/caospoa\/\" target=\"_blank\" rel=\"noreferrer noopener\"><u>@caospoa<\/u><\/a>)<\/li>\n\n\n\n<li><strong>Endere\u00e7o:\u00a0<\/strong>Rua Jo\u00e3o Alfredo, n\u00b0 701 \u2013 Cidade Baixa \u2013 Porto Alegre\/RS<\/li>\n\n\n\n<li><strong>Data:\u00a0<\/strong>23\/01\/2026 (sexta-feira)<\/li>\n\n\n\n<li><strong>Hor\u00e1rio:\u00a0<\/strong>20 horas<\/li>\n\n\n\n<li><strong>Entrada solid\u00e1ria:<\/strong> 1Kg de alimento n\u00e3o perec\u00edvel<\/li>\n\n\n\n<li><strong>Organiza\u00e7\u00e3o:\u00a0<\/strong><a href=\"https:\/\/www.instagram.com\/metalcontrafome\/\" target=\"_blank\" rel=\"noreferrer noopener\"><u>@metalcontrafome<\/u><\/a> | <a href=\"https:\/\/www.instagram.com\/dominiumprod\/\" target=\"_blank\" rel=\"noreferrer noopener\"><u>@dominiumprod<\/u><\/a><\/li>\n\n\n\n<li><strong>Apoio:<\/strong> <a href=\"https:\/\/www.instagram.com\/cozinhasolidariars\/\" target=\"_blank\" rel=\"noreferrer noopener\"><u>@cozinhasolidariars<\/u><\/a><\/li>\n<\/ul>\n\n\n\n<figure class=\"wp-block-image\"><img loading=\"lazy\" decoding=\"async\" width=\"1080\" height=\"1350\" src=\"https:\/\/heavymetalonline.com.br\/wp-content\/uploads\/2026\/01\/Sky-In-Flames-flyer.jpg\" alt=\"\" class=\"wp-image-35089\" srcset=\"http:\/\/heavymetalonline.com.br\/wp-content\/uploads\/2026\/01\/Sky-In-Flames-flyer.jpg 1080w, http:\/\/heavymetalonline.com.br\/wp-content\/uploads\/2026\/01\/Sky-In-Flames-flyer-240x300.jpg 240w, http:\/\/heavymetalonline.com.br\/wp-content\/uploads\/2026\/01\/Sky-In-Flames-flyer-819x1024.jpg 819w, http:\/\/heavymetalonline.com.br\/wp-content\/uploads\/2026\/01\/Sky-In-Flames-flyer-768x960.jpg 768w, http:\/\/heavymetalonline.com.br\/wp-content\/uploads\/2026\/01\/Sky-In-Flames-flyer-200x250.jpg 200w\" sizes=\"auto, (max-width: 1080px) 100vw, 1080px\" \/><\/figure>\n\n\n\n<p id=\"viewer-wtffw37623\"><strong>Reconhecimento na Roadie Crew<\/strong><\/p>\n\n\n\n<p id=\"viewer-bbl9l37625\">Em paralelo \u00e0 agenda de shows, o mais recente trabalho do <strong>SKY IN FLAMES<\/strong>, o EP <strong>\u201cThe Funeral Winds\u201d<\/strong>, colocou o grupo em evid\u00eancia na tradicional vota\u00e7\u00e3o popular dos &#8216;Melhores de 2025&#8217; da revista <strong>Roadie Crew<\/strong>, considerada a maior autoridade editorial do g\u00eanero na Am\u00e9rica Latina. O power trio concorre em cinco categorias:<\/p>\n\n\n\n<ul class=\"wp-block-list\">\n<li><strong>Melhor \u00e1lbum nacional:\u00a0<\/strong>\u201cThe Funeral Winds\u201d<\/li>\n\n\n\n<li><strong>Melhor vocalista:\u00a0<\/strong>Wagner Santos<\/li>\n\n\n\n<li><strong>Melhor guitarrista:\u00a0<\/strong>Wagner Santos<\/li>\n\n\n\n<li><strong>Melhor baixista:\u00a0<\/strong>Marcus<\/li>\n\n\n\n<li><strong>Melhor baterista:\u00a0<\/strong>Eric Correa<\/li>\n\n\n\n<li><\/li>\n<\/ul>\n\n\n\n<p id=\"viewer-p9som37654\">Para apoiar o <strong>SKY IN FLAMES<\/strong>, os interessados devem acessar o site oficial da revista. O processo exige o preenchimento de nome e e-mail, sendo necess\u00e1ria a sele\u00e7\u00e3o de nomes nas categorias internacionais para a valida\u00e7\u00e3o do formul\u00e1rio.<\/p>\n\n\n\n<p id=\"viewer-5ydea37658\"><strong>Vote agora: <\/strong><a target=\"_blank\" href=\"https:\/\/roadiecrew.com\/melhores2025\/\" rel=\"noreferrer noopener\"><u>https:\/\/roadiecrew.com\/melhores2025\/<\/u><\/a><\/p>\n\n\n\n<p id=\"viewer-vp22x37663\"><strong>Sobre \u201cThe Funeral Winds\u201d<\/strong><\/p>\n\n\n\n<p id=\"viewer-tbqnr37665\">O EP <strong>\u201cThe Funeral Winds\u201d<\/strong> representa um marco na evolu\u00e7\u00e3o sonora do <strong>SKY IN FLAMES<\/strong>. Gravado no <strong>From Hellcords Studios<\/strong>, em Porto Alegre\/RS, o material entrega um Death Metal vigoroso e t\u00e9cnico. O trabalho est\u00e1 dispon\u00edvel em todas as principais plataformas de streaming e download digital.<\/p>\n\n\n\n<p id=\"viewer-8r5x137673\"><strong>Ou\u00e7a agora: <\/strong><a target=\"_blank\" href=\"https:\/\/li.sten.to\/SKY_IN_FLAMES_The_Funeral_Winds\" rel=\"noreferrer noopener\"><u>https:\/\/li.sten.to\/SKY_IN_FLAMES_The_Funeral_Winds<\/u><\/a><\/p>\n\n\n\n<figure class=\"wp-block-embed is-type-rich is-provider-spotify wp-block-embed-spotify wp-embed-aspect-21-9 wp-has-aspect-ratio\"><div class=\"wp-block-embed__wrapper\">\n<iframe title=\"Spotify Embed: The Funeral Winds\" style=\"border-radius: 12px\" width=\"100%\" height=\"352\" frameborder=\"0\" allowfullscreen allow=\"autoplay; clipboard-write; encrypted-media; fullscreen; picture-in-picture\" loading=\"lazy\" src=\"https:\/\/open.spotify.com\/embed\/album\/1qMruxEEeGxpTepHSTGh9U?utm_source=oembed\"><\/iframe>\n<\/div><\/figure>\n\n\n\n<p id=\"viewer-kvqs637711\"><strong>ASSESSORIA DE IMPRENSA: <\/strong><a target=\"_blank\" href=\"https:\/\/sanguefrioproducoes.com\/artistas\/SKYINFLAMES\/132\" rel=\"noreferrer noopener\"><strong><u>SANGUE FRIO PRODU\u00c7\u00d5ES<\/u><\/strong><\/a><strong>&nbsp;<\/strong><\/p>\n\n\n\n<p id=\"viewer-icwzg38661\">Contato: <a target=\"_blank\" href=\"http:\/\/www.sanguefrioproducoes.com\/contato\" rel=\"noreferrer noopener\"><u>www.sanguefrioproducoes.com\/contato<\/u><\/a>&nbsp;<\/p>\n\n\n\n<p id=\"viewer-lkniy38831\"><strong>Sites relacionados:&nbsp;<\/strong><\/p>\n\n\n\n<p><a href=\"https:\/\/www.facebook.com\/share\/15tQk2HAL8\">https:\/\/www.facebook.com\/share\/15tQk2HAL8<\/a><\/p>\n\n\n\n<p><a href=\"https:\/\/www.instagram.com\/skyinflames\">https:\/\/www.instagram.com\/skyinflames<\/a><\/p>\n\n\n\n<p><a href=\"https:\/\/skyinflames.bandcamp.com\">https:\/\/skyinflames.bandcamp.com<\/a><\/p>\n\n\n\n<p><a href=\"https:\/\/li.sten.to\/SKYINFLAMES\">https:\/\/li.sten.to\/SKYINFLAMES<\/a><\/p>\n\n\n\n<p id=\"viewer-t1rkz39623\"><a target=\"_blank\" href=\"https:\/\/li.sten.to\/SKYINFLAMESFonte\" rel=\"noreferrer noopener\"><strong>Fonte<\/strong><\/a><strong>: <\/strong><a target=\"_blank\" href=\"https:\/\/sanguefrioproducoes.com\/\" rel=\"noreferrer noopener\">SFP \u2013 Press &amp; PR<\/a><\/p>\n","protected":false},"excerpt":{"rendered":"<p>A organiza\u00e7\u00e3o do festival \u2018Metal Contra Fome\u2019 confirmou, no \u00faltimo dia 12 de janeiro, a edi\u00e7\u00e3o de 2026 do evento, que ter\u00e1 como um dos grandes destaques o SKY IN FLAMES. O grupo ga\u00facho de Death Metal sobe ao palco para uma apresenta\u00e7\u00e3o especial em celebra\u00e7\u00e3o aos seus 24 anos de trajet\u00f3ria. O festival acontece [&hellip;]<\/p>\n","protected":false},"author":12,"featured_media":33506,"comment_status":"closed","ping_status":"open","sticky":false,"template":"","format":"standard","meta":{"footnotes":""},"categories":[4],"tags":[],"class_list":["post-35088","post","type-post","status-publish","format-standard","has-post-thumbnail","hentry","category-noticias"],"_links":{"self":[{"href":"http:\/\/heavymetalonline.com.br\/index.php?rest_route=\/wp\/v2\/posts\/35088","targetHints":{"allow":["GET"]}}],"collection":[{"href":"http:\/\/heavymetalonline.com.br\/index.php?rest_route=\/wp\/v2\/posts"}],"about":[{"href":"http:\/\/heavymetalonline.com.br\/index.php?rest_route=\/wp\/v2\/types\/post"}],"author":[{"embeddable":true,"href":"http:\/\/heavymetalonline.com.br\/index.php?rest_route=\/wp\/v2\/users\/12"}],"replies":[{"embeddable":true,"href":"http:\/\/heavymetalonline.com.br\/index.php?rest_route=%2Fwp%2Fv2%2Fcomments&post=35088"}],"version-history":[{"count":2,"href":"http:\/\/heavymetalonline.com.br\/index.php?rest_route=\/wp\/v2\/posts\/35088\/revisions"}],"predecessor-version":[{"id":35091,"href":"http:\/\/heavymetalonline.com.br\/index.php?rest_route=\/wp\/v2\/posts\/35088\/revisions\/35091"}],"wp:featuredmedia":[{"embeddable":true,"href":"http:\/\/heavymetalonline.com.br\/index.php?rest_route=\/wp\/v2\/media\/33506"}],"wp:attachment":[{"href":"http:\/\/heavymetalonline.com.br\/index.php?rest_route=%2Fwp%2Fv2%2Fmedia&parent=35088"}],"wp:term":[{"taxonomy":"category","embeddable":true,"href":"http:\/\/heavymetalonline.com.br\/index.php?rest_route=%2Fwp%2Fv2%2Fcategories&post=35088"},{"taxonomy":"post_tag","embeddable":true,"href":"http:\/\/heavymetalonline.com.br\/index.php?rest_route=%2Fwp%2Fv2%2Ftags&post=35088"}],"curies":[{"name":"wp","href":"https:\/\/api.w.org\/{rel}","templated":true}]}}