{"id":35095,"date":"2026-01-20T19:45:23","date_gmt":"2026-01-20T19:45:23","guid":{"rendered":"https:\/\/heavymetalonline.com.br\/?p=35095"},"modified":"2026-01-20T19:45:27","modified_gmt":"2026-01-20T19:45:27","slug":"das-projekt-completa-35-anos-e-prepara-turne-especial-para-2026","status":"publish","type":"post","link":"http:\/\/heavymetalonline.com.br\/?p=35095","title":{"rendered":"Das Projekt completa 35 anos e prepara turn\u00ea especial para 2026"},"content":{"rendered":"\n<p id=\"viewer-p951348437\">Considerada uma das mais antigas e principais expoentes da cena g\u00f3tica do Brasil, a banda<strong> Das Projekt<\/strong> comemora 35 anos em 2026.<\/p>\n\n\n\n<p id=\"viewer-ix5aw47314\">A banda prepara uma turn\u00ea que deve passar pelo Rio de Janeiro, Bras\u00edlia e alguns estados do nordeste, o pontap\u00e9 inicial da celebra\u00e7\u00e3o acontece nesta quinta \u00e0s 20h, a banda ser\u00e1 entrevistada ao vivo pelo colunista e produtor musical Rodrigo d&#8217;Sales (Dig\u00e3o) do Portal R7 em collab nos perfis do instagram: <a target=\"_blank\" href=\"https:\/\/www.instagram.com\/dasprojektband\/\" rel=\"noreferrer noopener\"><u>@dasprojektband<\/u><\/a> e <a target=\"_blank\" href=\"https:\/\/www.instagram.com\/digaomusik\/\" rel=\"noreferrer noopener\"><u>@digaomusik<\/u><\/a>.<\/p>\n\n\n\n<p id=\"viewer-tfsn847316\">J\u00e1 na sexta feira, 21h, a Das Projekt realiza seu primeiro show do ano no Mister Rock Bar (Metr\u00f4 Patriarca) em S\u00e3o Paulo ao lado das bandas Panic e Etazhi.<\/p>\n\n\n\n<p id=\"viewer-j1ydc47318\">Em dezembro de 2025 a banda liberou nas plataformas digitais o EP &#8220;Behind the Curtain&#8221; com 3 faixas, incluindo uma vers\u00e3o de Body Electric do The Sisters Of Mercy.<\/p>\n\n\n\n<p id=\"viewer-ns6ab47322\"><strong>Escute a Das Projekt no Spotify:<\/strong><\/p>\n\n\n\n<figure class=\"wp-block-embed is-type-rich is-provider-spotify wp-block-embed-spotify wp-embed-aspect-21-9 wp-has-aspect-ratio\"><div class=\"wp-block-embed__wrapper\">\n<iframe title=\"Spotify Embed: Das Projekt\" style=\"border-radius: 12px\" width=\"100%\" height=\"352\" frameborder=\"0\" allowfullscreen allow=\"autoplay; clipboard-write; encrypted-media; fullscreen; picture-in-picture\" loading=\"lazy\" src=\"https:\/\/open.spotify.com\/embed\/artist\/5h0tIy5aYdIaO3mp8qG0OH?si=7KYXLv0sTlOZZAZ8ZKc6ww&amp;utm_source=oembed\"><\/iframe>\n<\/div><\/figure>\n\n\n\n<p id=\"viewer-3qfgj47320\">Surgida no underground de S\u00e3o Paulo nos anos 90 tocando em casas ic\u00f4nicas da cena alternativa e participando de colet\u00e2neas importantes. Com 6 \u00e1lbuns, EPs e tributos lan\u00e7ados no Brasil e no exterior, a banda expandiu seu alcance internacional e segue ativa com os seus 35 anos de resist\u00eancia dentro da cena darkwave, g\u00f3tica e p\u00f3s-punk.<\/p>\n\n\n\n<p id=\"viewer-20tpa47689\"><strong>Das Projekt online:<\/strong><\/p>\n\n\n\n<p><a href=\"https:\/\/www.instagram.com\/dasprojektband\">https:\/\/www.instagram.com\/dasprojektband<\/a><\/p>\n\n\n\n<p id=\"viewer-u7c0c47961\"><strong>Fonte:<\/strong> Avolar Produtora<\/p>\n","protected":false},"excerpt":{"rendered":"<p>Considerada uma das mais antigas e principais expoentes da cena g\u00f3tica do Brasil, a banda Das Projekt comemora 35 anos em 2026. A banda prepara uma turn\u00ea que deve passar pelo Rio de Janeiro, Bras\u00edlia e alguns estados do nordeste, o pontap\u00e9 inicial da celebra\u00e7\u00e3o acontece nesta quinta \u00e0s 20h, a banda ser\u00e1 entrevistada ao [&hellip;]<\/p>\n","protected":false},"author":12,"featured_media":35096,"comment_status":"closed","ping_status":"open","sticky":false,"template":"","format":"standard","meta":{"footnotes":""},"categories":[4],"tags":[],"class_list":["post-35095","post","type-post","status-publish","format-standard","has-post-thumbnail","hentry","category-noticias"],"_links":{"self":[{"href":"http:\/\/heavymetalonline.com.br\/index.php?rest_route=\/wp\/v2\/posts\/35095","targetHints":{"allow":["GET"]}}],"collection":[{"href":"http:\/\/heavymetalonline.com.br\/index.php?rest_route=\/wp\/v2\/posts"}],"about":[{"href":"http:\/\/heavymetalonline.com.br\/index.php?rest_route=\/wp\/v2\/types\/post"}],"author":[{"embeddable":true,"href":"http:\/\/heavymetalonline.com.br\/index.php?rest_route=\/wp\/v2\/users\/12"}],"replies":[{"embeddable":true,"href":"http:\/\/heavymetalonline.com.br\/index.php?rest_route=%2Fwp%2Fv2%2Fcomments&post=35095"}],"version-history":[{"count":1,"href":"http:\/\/heavymetalonline.com.br\/index.php?rest_route=\/wp\/v2\/posts\/35095\/revisions"}],"predecessor-version":[{"id":35097,"href":"http:\/\/heavymetalonline.com.br\/index.php?rest_route=\/wp\/v2\/posts\/35095\/revisions\/35097"}],"wp:featuredmedia":[{"embeddable":true,"href":"http:\/\/heavymetalonline.com.br\/index.php?rest_route=\/wp\/v2\/media\/35096"}],"wp:attachment":[{"href":"http:\/\/heavymetalonline.com.br\/index.php?rest_route=%2Fwp%2Fv2%2Fmedia&parent=35095"}],"wp:term":[{"taxonomy":"category","embeddable":true,"href":"http:\/\/heavymetalonline.com.br\/index.php?rest_route=%2Fwp%2Fv2%2Fcategories&post=35095"},{"taxonomy":"post_tag","embeddable":true,"href":"http:\/\/heavymetalonline.com.br\/index.php?rest_route=%2Fwp%2Fv2%2Ftags&post=35095"}],"curies":[{"name":"wp","href":"https:\/\/api.w.org\/{rel}","templated":true}]}}