{"id":35268,"date":"2026-01-27T15:28:02","date_gmt":"2026-01-27T15:28:02","guid":{"rendered":"https:\/\/heavymetalonline.com.br\/?p=35268"},"modified":"2026-01-27T15:28:10","modified_gmt":"2026-01-27T15:28:10","slug":"john-malkovich-se-apresenta-no-brasil-com-the-infamous-ramirez-hoffman","status":"publish","type":"post","link":"http:\/\/heavymetalonline.com.br\/?p=35268","title":{"rendered":"John Malkovich se apresenta no Brasil com The Infamous Ramirez Hoffman"},"content":{"rendered":"\n<p id=\"viewer-h8tu346335\">O ator americano <strong>John Malkovich<\/strong>, indicado duas vezes ao Oscar e reconhecido mundialmente por sua trajet\u00f3ria singular no cinema e no teatro, retorna ao Brasil ap\u00f3s 15 anos para apresenta\u00e7\u00f5es especiais no <strong>Theatro Municipal do Rio de Janeiro<\/strong> e na <strong>Sala S\u00e3o Paulo<\/strong>.<\/p>\n\n\n\n<p id=\"viewer-8io9q30833\">No dia <strong>29 de mar\u00e7o de 2026 (domingo)<\/strong>, \u00e0s <strong>17h<\/strong>, no Rio de Janeiro, e no dia&nbsp;<strong>31 de mar\u00e7o (ter\u00e7a-feira), \u00e0s 20h30,<\/strong> em S\u00e3o Paulo, o artista sobe ao palco para apresentar <em>The Infamous Ramirez Hoffman<\/em>, espet\u00e1culo que vem sendo aplaudido em diversas cidades ao redor do mundo.<\/p>\n\n\n\n<p id=\"viewer-ry8pi30893\">As apresenta\u00e7\u00f5es marcam mais uma realiza\u00e7\u00e3o da <strong>DELLARTE<\/strong> e integram a s\u00e9rie de espet\u00e1culos internacionais protagonizados por grandes nomes das artes c\u00eanicas e da m\u00fasica. Em S\u00e3o Paulo, a apresenta\u00e7\u00e3o \u00e9 uma parceria com a <strong>TUCCA \u2013 Associa\u00e7\u00e3o para Crian\u00e7as e Adolescentes com C\u00e2ncer&nbsp;<\/strong>e faz parte da <strong>Temporada 2026<\/strong> da S\u00e9rie de <em>Concertos Internacionais M\u00fasica pela Cura.<\/em><\/p>\n\n\n\n<p id=\"viewer-ksw3v30902\">Em cena, <strong>John Malkovich<\/strong> conduz o p\u00fablico por uma narrativa intensa e provocadora, combinando palavra falada e m\u00fasica ao vivo em uma experi\u00eancia c\u00eanica que atravessa fronteiras entre teatro, literatura e concerto.<\/p>\n\n\n\n<p id=\"viewer-g2kz630906\">Baseado em obra do escritor chileno <strong>Roberto Bola\u00f1o<\/strong>, <em>The Infamous Ramirez Hoffman<\/em> parte da trajet\u00f3ria ficcional de Carlos Ramirez Hoffman, personagem amb\u00edguo que emerge no Chile dos anos 1970 como poeta, aviador e figura ligada \u00e0 extrema direita. A narrativa acompanha sua ascens\u00e3o em meio ao golpe militar e investiga, com ironia e tens\u00e3o, os limites entre cria\u00e7\u00e3o art\u00edstica, poder e viol\u00eancia.<\/p>\n\n\n\n<p id=\"viewer-82sii31010\">O espet\u00e1culo confirma a for\u00e7a de um formato que <strong>John Malkovich<\/strong> vem desenvolvendo com grande sucesso nos \u00faltimos anos, reunindo textos liter\u00e1rios densos e trilhas musicais cuidadosamente concebidas para o palco.<\/p>\n\n\n\n<p id=\"viewer-hb2ay31014\"><em>\u201cEncontrei na combina\u00e7\u00e3o entre texto, narrativa e m\u00fasica ao vivo uma forma extremamente poderosa de contar hist\u00f3rias. A m\u00fasica fornece a perspectiva, enquanto o texto conta a hist\u00f3ria.\u201dJohn Malkovich<\/em><\/p>\n\n\n\n<p id=\"viewer-e8jwh31020\">Os ingressos estar\u00e3o \u00e0 venda a partir de <strong>27 de janeiro <\/strong>para a apresenta\u00e7\u00e3o no<strong> Rio de Janeiro<\/strong>. &nbsp;A apresenta\u00e7\u00e3o em <strong>S\u00e3o Paulo<\/strong> \u00e9 parte da temporada 2026 da S\u00e9rie de <em>Concertos Internacionais M\u00fasica pela Cura da TUCCA.&nbsp;<\/em>Mais informa\u00e7\u00f5es podem ser conferidas no <strong>SERVI\u00c7O<\/strong> abaixo.<\/p>\n\n\n\n<figure class=\"wp-block-embed is-type-video is-provider-youtube wp-block-embed-youtube wp-embed-aspect-16-9 wp-has-aspect-ratio\"><div class=\"wp-block-embed__wrapper\">\n<iframe loading=\"lazy\" title=\"John Malkovich in &quot;The Infamous Ramirez Hoffman&quot;\" width=\"640\" height=\"360\" src=\"https:\/\/www.youtube.com\/embed\/6odCX96iUwY?feature=oembed\" frameborder=\"0\" allow=\"accelerometer; autoplay; clipboard-write; encrypted-media; gyroscope; picture-in-picture; web-share\" referrerpolicy=\"strict-origin-when-cross-origin\" allowfullscreen><\/iframe>\n<\/div><\/figure>\n\n\n\n<p id=\"viewer-jnpca47948\"><strong>Sobre o espet\u00e1culo<\/strong><\/p>\n\n\n\n<p id=\"viewer-3b4a631227\"><em>The Infamous Ramirez Hoffman<\/em> \u00e9 uma cria\u00e7\u00e3o de <strong>John Malkovich<\/strong> e da pianista <strong>Anastasya Terenkova<\/strong>, inspirada no romance <em>Literatura Nazi nas Am\u00e9ricas<\/em>, de Roberto Bola\u00f1o. A obra apresenta a trajet\u00f3ria ficcional de Carlos Ramirez Hoffman, personagem amb\u00edguo que transita entre poesia, viol\u00eancia e poder em meio ao contexto pol\u00edtico do Chile dos anos 1970.<\/p>\n\n\n\n<p id=\"viewer-mv15e31236\">Ao longo de 90 minutos, o espet\u00e1culo constr\u00f3i um di\u00e1logo envolvente entre texto falado e m\u00fasica ao vivo, conduzindo o p\u00fablico por uma narrativa marcada por tens\u00e3o, ironia e profundidade psicol\u00f3gica. A encena\u00e7\u00e3o aposta na for\u00e7a da palavra e da m\u00fasica como elementos centrais, dispensando recursos cenogr\u00e1ficos excessivos para concentrar a aten\u00e7\u00e3o na hist\u00f3ria e na interpreta\u00e7\u00e3o.<\/p>\n\n\n\n<p id=\"viewer-rfhep31525\">No palco, <strong>John Malkovich<\/strong> \u00e9 acompanhado por um trio de m\u00fasicos de trajet\u00f3ria internacional, formado por piano, violino e bandone\u00f3n. A trilha sonora percorre diferentes per\u00edodos e estilos, atravessando o tango, o barroco, a m\u00fasica de vanguarda e a m\u00fasica contempor\u00e2nea, com obras de Astor Piazzolla, Leonid Desyatnikov, Vivaldi, Alfred Schnittke, Johann Paul von Westhoff, Max Richter, Fazil Say, Lera Auerbach, Alberto Iglesias, Giovanni Sollima e The Doors, entre outros, criando uma atmosfera sonora que potencializa o impacto dram\u00e1tico do texto.<\/p>\n\n\n\n<p id=\"viewer-fskrx31529\">Apresentado em importantes teatros e festivais ao redor do mundo, <em>The Infamous Ramirez Hoffman<\/em> vem sendo reconhecido como um dos trabalhos mais instigantes da fase recente da carreira de Malkovich, reunindo m\u00fasica de concerto e literatura em uma proposta c\u00eanica original e envolvente.<\/p>\n\n\n\n<p id=\"viewer-ratpk31533\"><strong>Sobre John Malkovich<\/strong><\/p>\n\n\n\n<p id=\"viewer-8g7on31858\">Com uma carreira que atravessa mais de quatro d\u00e9cadas, <strong>John Malkovich<\/strong> \u00e9 um dos atores mais respeitados e vers\u00e1teis de sua gera\u00e7\u00e3o. Indicado ao Oscar por <em>Um Lugar no Cora\u00e7\u00e3o<\/em> e <em>Na Linha de Fogo<\/em>, construiu uma filmografia marcada por personagens complexos e atua\u00e7\u00f5es memor\u00e1veis em t\u00edtulos como <em>Liga\u00e7\u00f5es Perigosas<\/em>, <em>Imp\u00e9rio do Sol<\/em>, <em>Ratos e Homens<\/em> e <em>Quero Ser John Malkovich<\/em>.<\/p>\n\n\n\n<p id=\"viewer-tsjb631874\">Al\u00e9m do cinema, Malkovich mant\u00e9m uma rela\u00e7\u00e3o profunda com o teatro e com a m\u00fasica. Nos \u00faltimos anos, tem se dedicado a projetos que unem narrativa liter\u00e1ria e m\u00fasica ao vivo, como <em>The Music Critic<\/em>, <em>The Infernal Comedy<\/em>, <em>Casanova Variations<\/em> e <em>Report on the Blind<\/em>, apresentados com sucesso em turn\u00eas internacionais.<\/p>\n\n\n\n<p id=\"viewer-67i8p31884\"><em>The Infamous Ramirez Hoffman<\/em> reafirma esse percurso art\u00edstico singular, no qual o ator assume tamb\u00e9m o papel de cocriador, explorando novas formas de contar hist\u00f3rias no palco.<\/p>\n\n\n\n<p id=\"viewer-gvycm31887\"><strong>Sobre Roberto Bola\u00f1o<\/strong><\/p>\n\n\n\n<p id=\"viewer-75rb231889\">Considerado uma das vozes mais importantes da literatura latino-americana contempor\u00e2nea, <strong>Roberto Bola\u00f1o<\/strong> nasceu no Chile em 1953 e teve uma trajet\u00f3ria marcada pelo ex\u00edlio, pela experimenta\u00e7\u00e3o liter\u00e1ria e pelo di\u00e1logo cr\u00edtico com a hist\u00f3ria pol\u00edtica de seu pa\u00eds.<\/p>\n\n\n\n<p id=\"viewer-9t30631893\"><em>\u201cRoberto Bola\u00f1o \u00e9 a voz liter\u00e1ria latino-americana mais significativa de sua gera\u00e7\u00e3o.\u201dThe New York Times<\/em><\/p>\n\n\n\n<p id=\"viewer-6czq939290\">Autor de romances consagrados como <em>Os Detetives Selvagens<\/em> e <em>2666<\/em>, vencedor do Pr\u00eamio R\u00f3mulo Gallegos e do National Book Critics Circle Award, Bola\u00f1o construiu uma obra que combina ironia, densidade intelectual e reflex\u00e3o sobre viol\u00eancia, poder e cria\u00e7\u00e3o art\u00edstica.<\/p>\n\n\n\n<p id=\"viewer-zkpae31903\"><em>The Infamous Ramirez Hoffman<\/em> deriva do cap\u00edtulo final de <em>Literatura Nazi nas Am\u00e9ricas<\/em>, posteriormente expandido no romance <em>Estrela Distante<\/em>, e \u00e9 considerado um dos textos mais emblem\u00e1ticos de sua produ\u00e7\u00e3o.<\/p>\n\n\n\n<p id=\"viewer-eis4k31910\"><strong>Sobre Anastasya Terenkova<\/strong><\/p>\n\n\n\n<p id=\"viewer-eoyhc33200\">Pianista de reconhecimento internacional, <strong>Anastasya Terenkova<\/strong> nasceu em Moscou e vive atualmente em Paris. Vencedora de importantes concursos, apresenta-se regularmente em grandes salas de concerto na Europa, nas Am\u00e9ricas e na \u00c1sia.<\/p>\n\n\n\n<p id=\"viewer-o9cqq33204\">Al\u00e9m da carreira solo, desenvolve projetos que dialogam com outras linguagens art\u00edsticas, incluindo teatro, cinema e artes visuais. Desde 2016, mant\u00e9m uma colabora\u00e7\u00e3o constante com <strong>John Malkovich<\/strong>, sendo cocriadora de <em>The Infamous Ramirez Hoffman<\/em> e respons\u00e1vel pela concep\u00e7\u00e3o musical do espet\u00e1culo.<\/p>\n\n\n\n<p id=\"viewer-8drxd33210\"><strong>Sobre os m\u00fasicos<\/strong><\/p>\n\n\n\n<p id=\"viewer-3aa7d33794\">O espet\u00e1culo conta ainda com a participa\u00e7\u00e3o do violinista <strong>Andrej Bielow<\/strong>, m\u00fasico ucraniano com s\u00f3lida carreira como solista e camerista, professor em importantes institui\u00e7\u00f5es europeias, e do bandoneonista <strong>Fabrizio Colombo<\/strong>, integrante de projetos ligados \u00e0 Fundaci\u00f3n Astor Piazzolla e vencedor de concursos internacionais dedicados ao instrumento.<\/p>\n\n\n\n<p id=\"viewer-zgajv33800\">Juntos, os m\u00fasicos constroem ao vivo a atmosfera sonora que sustenta e amplifica a narrativa conduzida por Malkovich.<\/p>\n\n\n\n<figure class=\"wp-block-image\"><img loading=\"lazy\" decoding=\"async\" width=\"920\" height=\"625\" src=\"https:\/\/heavymetalonline.com.br\/wp-content\/uploads\/2026\/01\/John-Malkovich-em-The-Infamous-Ramirez-Hoffman.png\" alt=\"\" class=\"wp-image-35270\" srcset=\"http:\/\/heavymetalonline.com.br\/wp-content\/uploads\/2026\/01\/John-Malkovich-em-The-Infamous-Ramirez-Hoffman.png 920w, http:\/\/heavymetalonline.com.br\/wp-content\/uploads\/2026\/01\/John-Malkovich-em-The-Infamous-Ramirez-Hoffman-300x204.png 300w, http:\/\/heavymetalonline.com.br\/wp-content\/uploads\/2026\/01\/John-Malkovich-em-The-Infamous-Ramirez-Hoffman-768x522.png 768w, http:\/\/heavymetalonline.com.br\/wp-content\/uploads\/2026\/01\/John-Malkovich-em-The-Infamous-Ramirez-Hoffman-368x250.png 368w\" sizes=\"auto, (max-width: 920px) 100vw, 920px\" \/><\/figure>\n\n\n\n<p id=\"viewer-yp00o1401\"><strong>SERVI\u00c7O<\/strong><\/p>\n\n\n\n<p id=\"viewer-5qaw833804\"><strong>John Malkovich em <\/strong><strong><em>The Infamous Ramirez Hoffman<\/em><\/strong><\/p>\n\n\n\n<p id=\"viewer-1vaat33807\"><strong>Rio de Janeiro<\/strong><\/p>\n\n\n\n<p id=\"viewer-tb19933809\">Data: <strong>29 de mar\u00e7o de 2026 (domingo)<\/strong><\/p>\n\n\n\n<p id=\"viewer-2q9uu42012\">Hor\u00e1rio: <strong>17h<\/strong>Local: <strong>Theatro Municipal do Rio de Janeiro<\/strong><\/p>\n\n\n\n<p id=\"viewer-tce9d42179\">Classifica\u00e7\u00e3o: <strong>10 anos<\/strong><\/p>\n\n\n\n<p id=\"viewer-9tvcc42344\">Dura\u00e7\u00e3o: <strong>90 minutos sem intervaloApresenta\u00e7\u00e3o em ingl\u00eas com proje\u00e7\u00e3o de legendas<\/strong><\/p>\n\n\n\n<p id=\"viewer-3sdgw42509\"><strong>Pre\u00e7os:<\/strong><\/p>\n\n\n\n<p id=\"viewer-vb6ap42674\">Frisa \/ Camarote: R$ 4.800,00<\/p>\n\n\n\n<p id=\"viewer-0h2hq42840\">Plateia \/ Balc\u00e3o Nobre: R$ 800,00<\/p>\n\n\n\n<p id=\"viewer-fz7f143007\">Balc\u00e3o Superior: R$ 400,00<\/p>\n\n\n\n<p id=\"viewer-x4myh43174\">Galeria: R$ 200,00<\/p>\n\n\n\n<p id=\"viewer-3z9bv33821\"><strong>Descontos:<\/strong><\/p>\n\n\n\n<p id=\"viewer-qewit43343\">50% meia-entrada<\/p>\n\n\n\n<p id=\"viewer-44rib43511\">50% Clube O Globo<\/p>\n\n\n\n<p id=\"viewer-2315j43680\">30% Cupom DELLARTE30<\/p>\n\n\n\n<p id=\"viewer-7to9633824\"><strong>Vendas:<\/strong><\/p>\n\n\n\n<p id=\"viewer-obmo044396\"><a target=\"_blank\" href=\"http:\/\/ingresso.dellarte.com.br\/\" rel=\"noreferrer noopener\"><u>ingresso.dellarte.com.br<\/u><\/a><\/p>\n\n\n\n<p id=\"viewer-ax8v044021\">WhatsApp: +55 21 98698-1103<\/p>\n\n\n\n<p id=\"viewer-1428w44566\">Segunda a sexta, das 9h \u00e0s 16h<\/p>\n\n\n\n<p id=\"viewer-914e544736\">Bilheteria do teatro<\/p>\n\n\n\n<p id=\"viewer-155hx33829\"><strong>S\u00e3o Paulo<\/strong><\/p>\n\n\n\n<p id=\"viewer-rc5fq33831\">Datas<strong>: 31 de mar\u00e7o (ter\u00e7a-feira) \u2013 S\u00e9rie de Concertos Internacionais TUCCA M\u00fasica pela Cura<\/strong><\/p>\n\n\n\n<p id=\"viewer-jqax045080\">Hor\u00e1rio: <strong>20h30<\/strong><\/p>\n\n\n\n<p id=\"viewer-ps17645252\">Local: <strong>Sala S\u00e3o Paulo<\/strong><\/p>\n\n\n\n<p id=\"viewer-vdfq345424\">Classifica\u00e7\u00e3o: <strong>10 anos<\/strong><\/p>\n\n\n\n<p id=\"viewer-y7n4t45596\">Dura\u00e7\u00e3o: <strong>90 minutos sem intervaloApresenta\u00e7\u00e3o em ingl\u00eas com proje\u00e7\u00e3o de legendasVenda de Ingressos para a temporada<\/strong>: <a target=\"_blank\" href=\"mailto:vendas@tucca.org.br\" rel=\"noreferrer noopener\"><u>vendas@tucca.org.b<\/u><\/a><a target=\"_blank\" href=\"mailto:vendas@tucca.org.br\" rel=\"noreferrer noopener\"><u>r<\/u><\/a>&nbsp;| (11) 97567-5387<\/p>\n\n\n\n<p id=\"viewer-k0t0a34790\"><strong>Sobre a DELLARTE<\/strong><\/p>\n\n\n\n<p id=\"viewer-5qu6b34792\">Uma das maiores produtoras de solu\u00e7\u00f5es e eventos culturais do pa\u00eds, atuando na \u00e1rea da m\u00fasica cl\u00e1ssica, jazz e artes perform\u00e1ticas h\u00e1 mais de 40 anos, a Dellarte j\u00e1 realizou mais de 1.500 apresenta\u00e7\u00f5es para mais de 3 milh\u00f5es de pessoas, trazendo para o Brasil o que h\u00e1 de mais emocionante no cen\u00e1rio cultural ao redor do mundo.<\/p>\n\n\n\n<p id=\"viewer-7c4ea34794\">John Malkovich, Jessye Norman, Luciano Pavarotti, Pl\u00e1cido Domingo, Jos\u00e9 Carreras, Montserrat Caball\u00e9, Kiri Te Kanawa, Kathleen Battle, Bal\u00e9 do Teatro Bolshoi, New York City Ballet, Bal\u00e9 do Teatro Mariinsky \u2013 Kirov, Ballet da \u00d3pera Nacional de Paris, MOMIX Dance Theatre, Martha Argerich e Nelson Freire, Mstislav Rostropovich, Evgeny Kissin, Lang Lang, Yuja Wang, Itzhak Perlman, Joshua Bell, Yo- Yo Ma, City of Birmingham Symphony Orchestra com Sir Simon Rattle, New York Philharmonic com&nbsp; Kurt Masur, Royal Philharmonic Orchestra, Filarm\u00f4nica de Viena, Companhia Antonio Gades, Cia Joaquim Cortez, Ballet do Teatro Scala de Mil\u00e3o, Kamasi Washington, Bobby McFerrin, Keith Jarrett, Paco de Luc\u00eda e&nbsp; Chick Corea s\u00e3o alguns dos nomes que j\u00e1 se apresentaram no Brasil pelas m\u00e3os da Dellarte<\/p>\n\n\n\n<p id=\"viewer-j6a8z35641\"><strong>Fonte:<\/strong> Midiorama<\/p>\n","protected":false},"excerpt":{"rendered":"<p>O ator americano John Malkovich, indicado duas vezes ao Oscar e reconhecido mundialmente por sua trajet\u00f3ria singular no cinema e no teatro, retorna ao Brasil ap\u00f3s 15 anos para apresenta\u00e7\u00f5es especiais no Theatro Municipal do Rio de Janeiro e na Sala S\u00e3o Paulo. No dia 29 de mar\u00e7o de 2026 (domingo), \u00e0s 17h, no Rio [&hellip;]<\/p>\n","protected":false},"author":12,"featured_media":35269,"comment_status":"closed","ping_status":"open","sticky":false,"template":"","format":"standard","meta":{"footnotes":""},"categories":[4],"tags":[],"class_list":["post-35268","post","type-post","status-publish","format-standard","has-post-thumbnail","hentry","category-noticias"],"_links":{"self":[{"href":"http:\/\/heavymetalonline.com.br\/index.php?rest_route=\/wp\/v2\/posts\/35268","targetHints":{"allow":["GET"]}}],"collection":[{"href":"http:\/\/heavymetalonline.com.br\/index.php?rest_route=\/wp\/v2\/posts"}],"about":[{"href":"http:\/\/heavymetalonline.com.br\/index.php?rest_route=\/wp\/v2\/types\/post"}],"author":[{"embeddable":true,"href":"http:\/\/heavymetalonline.com.br\/index.php?rest_route=\/wp\/v2\/users\/12"}],"replies":[{"embeddable":true,"href":"http:\/\/heavymetalonline.com.br\/index.php?rest_route=%2Fwp%2Fv2%2Fcomments&post=35268"}],"version-history":[{"count":1,"href":"http:\/\/heavymetalonline.com.br\/index.php?rest_route=\/wp\/v2\/posts\/35268\/revisions"}],"predecessor-version":[{"id":35275,"href":"http:\/\/heavymetalonline.com.br\/index.php?rest_route=\/wp\/v2\/posts\/35268\/revisions\/35275"}],"wp:featuredmedia":[{"embeddable":true,"href":"http:\/\/heavymetalonline.com.br\/index.php?rest_route=\/wp\/v2\/media\/35269"}],"wp:attachment":[{"href":"http:\/\/heavymetalonline.com.br\/index.php?rest_route=%2Fwp%2Fv2%2Fmedia&parent=35268"}],"wp:term":[{"taxonomy":"category","embeddable":true,"href":"http:\/\/heavymetalonline.com.br\/index.php?rest_route=%2Fwp%2Fv2%2Fcategories&post=35268"},{"taxonomy":"post_tag","embeddable":true,"href":"http:\/\/heavymetalonline.com.br\/index.php?rest_route=%2Fwp%2Fv2%2Ftags&post=35268"}],"curies":[{"name":"wp","href":"https:\/\/api.w.org\/{rel}","templated":true}]}}