{"id":36818,"date":"2026-03-17T12:30:00","date_gmt":"2026-03-17T12:30:00","guid":{"rendered":"https:\/\/heavymetalonline.com.br\/?p=36818"},"modified":"2026-03-16T18:40:02","modified_gmt":"2026-03-16T18:40:02","slug":"swell-anuncia-retorno-e-celebra-legado-do-rock-nacional-dos-anos-2000-com-shows-e-ineditas","status":"publish","type":"post","link":"http:\/\/heavymetalonline.com.br\/?p=36818","title":{"rendered":"Swell anuncia retorno e celebra legado do rock nacional dos anos 2000 com shows e in\u00e9ditas"},"content":{"rendered":"\n<pre id=\"viewer-wv9yu26571\" class=\"wp-block-preformatted\">Foto: <a target=\"_blank\" href=\"https:\/\/dqpvdq.clicks.mlsend.com\/ty\/cl\/eyJ2Ijoie1wiYVwiOjExOTc1NjIsXCJsXCI6MTgyMDk4MzQ0MDk3NjEzNzM1LFwiclwiOjE4MjA5ODUzMDg4MTUwNDcyMX0iLCJzIjoiZGI2N2U5ZjIzNmM5NDIzZCJ9\" rel=\"noreferrer noopener\"><u>@cmourafotografia<\/u><\/a><\/pre>\n\n\n\n<p id=\"viewer-mf79o27577\">Ap\u00f3s ser uma das bandas mais comentadas do rock brasileiro dos anos 2000 com can\u00e7\u00f5es que conquistaram uma gera\u00e7\u00e3o, a banda<strong> Swell<\/strong> anuncia oficialmente seu retorno aos palcos. O grupo, respons\u00e1vel por hits como \u201cEla \u00e9 Tipo\u2026\u201d, \u201cP.R.A.I.A\u201d e \u201cHoje Eu Me Sinto T\u00e3o Bem\u201d, volta \u00e0 ativa impulsionado pela reuni\u00e3o realizada em 2025 e prepara uma nova fase que mistura nostalgia e composi\u00e7\u00f5es in\u00e9ditas.<\/p>\n\n\n\n<p id=\"viewer-m6d6d26561\">Formada originalmente em 2004, a Swell rapidamente ganhou destaque entre f\u00e3s do rock alternativo nacional com um som que mesclava rock, reggae e surf music, dialogando com influ\u00eancias como Sublime, Bob Marley, SOJA, 311, al\u00e9m de refer\u00eancias brasileiras como Charlie Brown Jr. e Raimundos.<\/p>\n\n\n\n<p id=\"viewer-qghwr26563\">A forma\u00e7\u00e3o atual da banda est\u00e1 consolidada desde 2012, com M\u00e1rcio Iahn (baixo e vozes), Lucas Solaris (voz e viol\u00e3o), Kadu Carvalho (guitarra) e Vincent Renault (bateria). Ap\u00f3s um hiato de cerca de nove anos, os m\u00fasicos voltaram a tocar juntos em 2025, reacendendo o entusiasmo dos f\u00e3s e abrindo caminho para uma nova etapa na carreira.<\/p>\n\n\n\n<p id=\"viewer-wvaqo26565\">O primeiro grande passo dessa retomada j\u00e1 tem data marcada: 20 de junho, quando a Swell sobe ao palco da Areninha Cultural Gilberto Gil \u2013 Lona Cultural de Realengo, no Rio de Janeiro. O show promete revisitar os cl\u00e1ssicos que marcaram a trajet\u00f3ria da banda e celebrar a energia que transformou suas m\u00fasicas em trilha sonora de uma gera\u00e7\u00e3o.<\/p>\n\n\n\n<p id=\"viewer-x62at26567\">Al\u00e9m da volta aos palcos, o grupo tamb\u00e9m prepara material in\u00e9dito. Em vez de lan\u00e7ar um EP ou \u00e1lbum completo, a banda optou por um formato mais din\u00e2mico: singles lan\u00e7ados gradualmente, cada um acompanhado por lyric videos e videoclipes.<\/p>\n\n\n\n<p id=\"viewer-0wdp426569\">Iahn traduz a atual fase do grupo: <em>\u201cA Swell sempre teve uma conex\u00e3o muito forte com quem viveu aquela fase dos anos 2000, quando nossas m\u00fasicas come\u00e7aram a circular e fazer parte da vida de muita gente. Esse retorno \u00e9 uma forma de celebrar tudo isso, revisitar essas hist\u00f3rias e tamb\u00e9m mostrar que ainda temos muito a dizer\u201d<\/em>.<\/p>\n\n\n\n<p id=\"viewer-nkroy27009\"><strong>Swell online:<\/strong><\/p>\n\n\n\n<p id=\"viewer-m64sh26576\">Spotify: <a target=\"_blank\" href=\"https:\/\/open.spotify.com\/intl-pt\/artist\/1SkfdEzVvq5AA528oPM0Zg?si=2uIU7ZjrTmWg2eoI0hGnUg\" rel=\"noreferrer noopener\"><u>https:\/\/open.spotify.com\/intl-pt\/artist\/1SkfdEzVvq5AA528oPM0Zg?si=2uIU7ZjrTmWg2eoI0hGnUg<\/u><\/a><\/p>\n\n\n\n<p id=\"viewer-q5zbo26579\">Instagram: <a target=\"_blank\" href=\"https:\/\/www.instagram.com\/swellbanda\/\" rel=\"noreferrer noopener\"><u>https:\/\/www.instagram.com\/swellbanda\/<\/u><\/a><\/p>\n\n\n\n<p id=\"viewer-gy0ih26582\">YouTube: <a target=\"_blank\" href=\"https:\/\/www.youtube.com\/@bandaswell\" rel=\"noreferrer noopener\"><u>https:\/\/www.youtube.com\/@bandaswell<\/u><\/a><\/p>\n\n\n\n<p id=\"viewer-ek9yx26616\"><strong>Fonte: <\/strong>The Bridge Press<\/p>\n\n\n\n<p><\/p>\n","protected":false},"excerpt":{"rendered":"<p>Foto: @cmourafotografia Ap\u00f3s ser uma das bandas mais comentadas do rock brasileiro dos anos 2000 com can\u00e7\u00f5es que conquistaram uma gera\u00e7\u00e3o, a banda Swell anuncia oficialmente seu retorno aos palcos. O grupo, respons\u00e1vel por hits como \u201cEla \u00e9 Tipo\u2026\u201d, \u201cP.R.A.I.A\u201d e \u201cHoje Eu Me Sinto T\u00e3o Bem\u201d, volta \u00e0 ativa impulsionado pela reuni\u00e3o realizada em [&hellip;]<\/p>\n","protected":false},"author":12,"featured_media":36819,"comment_status":"closed","ping_status":"open","sticky":false,"template":"","format":"standard","meta":{"footnotes":""},"categories":[4],"tags":[],"class_list":["post-36818","post","type-post","status-publish","format-standard","has-post-thumbnail","hentry","category-noticias"],"_links":{"self":[{"href":"http:\/\/heavymetalonline.com.br\/index.php?rest_route=\/wp\/v2\/posts\/36818","targetHints":{"allow":["GET"]}}],"collection":[{"href":"http:\/\/heavymetalonline.com.br\/index.php?rest_route=\/wp\/v2\/posts"}],"about":[{"href":"http:\/\/heavymetalonline.com.br\/index.php?rest_route=\/wp\/v2\/types\/post"}],"author":[{"embeddable":true,"href":"http:\/\/heavymetalonline.com.br\/index.php?rest_route=\/wp\/v2\/users\/12"}],"replies":[{"embeddable":true,"href":"http:\/\/heavymetalonline.com.br\/index.php?rest_route=%2Fwp%2Fv2%2Fcomments&post=36818"}],"version-history":[{"count":1,"href":"http:\/\/heavymetalonline.com.br\/index.php?rest_route=\/wp\/v2\/posts\/36818\/revisions"}],"predecessor-version":[{"id":36820,"href":"http:\/\/heavymetalonline.com.br\/index.php?rest_route=\/wp\/v2\/posts\/36818\/revisions\/36820"}],"wp:featuredmedia":[{"embeddable":true,"href":"http:\/\/heavymetalonline.com.br\/index.php?rest_route=\/wp\/v2\/media\/36819"}],"wp:attachment":[{"href":"http:\/\/heavymetalonline.com.br\/index.php?rest_route=%2Fwp%2Fv2%2Fmedia&parent=36818"}],"wp:term":[{"taxonomy":"category","embeddable":true,"href":"http:\/\/heavymetalonline.com.br\/index.php?rest_route=%2Fwp%2Fv2%2Fcategories&post=36818"},{"taxonomy":"post_tag","embeddable":true,"href":"http:\/\/heavymetalonline.com.br\/index.php?rest_route=%2Fwp%2Fv2%2Ftags&post=36818"}],"curies":[{"name":"wp","href":"https:\/\/api.w.org\/{rel}","templated":true}]}}