{"id":41264,"date":"2026-08-31T13:17:33","date_gmt":"2026-08-31T13:17:33","guid":{"rendered":"https:\/\/heavymetalonline.com.br\/?p=41264"},"modified":"2026-08-31T13:17:34","modified_gmt":"2026-08-31T13:17:34","slug":"angra-celebra-30-anos-de-holy-land-e-25-anos-de-rebirth-em-sao-paulo-nos-dias-2-e-3-de-outubro","status":"publish","type":"post","link":"http:\/\/heavymetalonline.com.br\/?p=41264","title":{"rendered":"Angra celebra 30 anos de \u201cHoly Land\u201d e 25 anos de \u201cRebirth\u201d em S\u00e3o Paulo nos dias 2 e 3 de outubro"},"content":{"rendered":"\n<pre id=\"viewer-viewer-4kchd23846\" class=\"wp-block-preformatted\">Foto: Marcos Hermes<\/pre>\n\n\n\n<p id=\"viewer-zif5k17644\"><strong><em>Shows no Tokio Marine Hall prop\u00f5em uma imers\u00e3o em duas fases fundamentais da hist\u00f3ria da banda, com participa\u00e7\u00f5es de Luis Mariutti e Edu Falaschi, al\u00e9m de apresenta\u00e7\u00f5es das bandas Viper, Throw Me To The Wolves, Hibria e Storia<\/em><\/strong><\/p>\n\n\n\n<p id=\"viewer-p9sus12174\">O Angra realiza nos dias <strong>2 e 3 de outubro de 2026<\/strong>, no <strong>Tokio Marine Hall<\/strong>, em S\u00e3o Paulo, duas apresenta\u00e7\u00f5es que prop\u00f5em uma verdadeira imers\u00e3o em per\u00edodos fundamentais de sua hist\u00f3ria. Na primeira noite, a banda celebra os 30 anos de <em>Holy Land<\/em>, com participa\u00e7\u00e3o especial de <strong>Luis Mariutti<\/strong>, al\u00e9m do <strong>Viper<\/strong> e da <strong>Throw Me To The Wolves<\/strong>. No dia seguinte, o foco ser\u00e1 o anivers\u00e1rio de 25 anos de <em>Rebirth<\/em>, com participa\u00e7\u00e3o especial de <strong>Edu Falaschi<\/strong>, al\u00e9m de <strong>Hibria<\/strong> e <strong>Storia<\/strong>.<\/p>\n\n\n\n<p id=\"viewer-445s712196\">Lan\u00e7ado em 1996, <em>Holy Land<\/em> consolidou a identidade musical do Angra ao combinar heavy metal, m\u00fasica brasileira, elementos progressivos, arranjos sinf\u00f4nicos e refer\u00eancias \u00e0 forma\u00e7\u00e3o hist\u00f3rica e cultural do Brasil. O \u00e1lbum ampliou a proje\u00e7\u00e3o internacional do grupo e tornou-se um dos trabalhos mais representativos de sua discografia. No dia 2 de outubro, <em>Holy Land<\/em> ser\u00e1 executado na \u00edntegra, com a participa\u00e7\u00e3o de Luis Mariutti, baixista da forma\u00e7\u00e3o respons\u00e1vel pela grava\u00e7\u00e3o original.<\/p>\n\n\n\n<p id=\"viewer-vl43312202\">A segunda noite ser\u00e1 dedicada a <em>Rebirth<\/em>, lan\u00e7ado em 2001 e respons\u00e1vel por inaugurar uma nova etapa na carreira do Angra. No dia 3 de outubro, o \u00e1lbum ser\u00e1 apresentado na \u00edntegra, com a participa\u00e7\u00e3o especial de Edu Falaschi, vocalista que gravou originalmente o trabalho.<\/p>\n\n\n\n<p id=\"viewer-j52v312206\">As duas apresenta\u00e7\u00f5es foram pensadas como uma imers\u00e3o em fases distintas e complementares da trajet\u00f3ria do grupo. Enquanto <em>Holy Land<\/em> representa a consolida\u00e7\u00e3o de uma identidade pr\u00f3pria e da presen\u00e7a internacional do Angra, <em>Rebirth<\/em> marcou um processo de renova\u00e7\u00e3o que abriu um novo cap\u00edtulo na hist\u00f3ria da banda.<\/p>\n\n\n\n<p id=\"viewer-nuqzi12212\">A atual forma\u00e7\u00e3o do Angra re\u00fane <strong>Al\u00edrio Netto no vocal, Rafael Bittencourt e Marcelo Barbosa nas guitarras, Felipe Andreoli no baixo e Bruno Valverde na bateria<\/strong>. Os shows em S\u00e3o Paulo conectam essa nova fase a dois per\u00edodos hist\u00f3ricos da banda, com a presen\u00e7a de m\u00fasicos diretamente ligados \u00e0s grava\u00e7\u00f5es celebradas.<\/p>\n\n\n\n<p id=\"viewer-ompcu12216\">Como parte das atividades relacionadas aos 30 anos de <em>Holy Land<\/em>, o Angra lan\u00e7ou o v\u00eddeo <strong>\u201cMake Believe \u2013 Live at Por\u00e3o do Rock\u201d<\/strong>, com a atual forma\u00e7\u00e3o interpretando uma das m\u00fasicas mais conhecidas do \u00e1lbum.<\/p>\n\n\n\n<p id=\"viewer-o2dl912222\">Assista a \u201cMake Believe \u2013 Live at Por\u00e3o do Rock\u201d:&nbsp;<\/p>\n\n\n\n<figure class=\"wp-block-embed is-type-video is-provider-youtube wp-block-embed-youtube wp-embed-aspect-16-9 wp-has-aspect-ratio\"><div class=\"wp-block-embed__wrapper\">\n<iframe loading=\"lazy\" title=\"Angra - Make Believe (Live at Por\u00e3o do Rock 2026)\" width=\"640\" height=\"360\" src=\"https:\/\/www.youtube.com\/embed\/IkHUpT8K-SY?feature=oembed\" frameborder=\"0\" allow=\"accelerometer; autoplay; clipboard-write; encrypted-media; gyroscope; picture-in-picture; web-share\" referrerpolicy=\"strict-origin-when-cross-origin\" allowfullscreen><\/iframe>\n<\/div><\/figure>\n\n\n\n<p id=\"viewer-of73u12225\"><strong>Bandas convidadas \u2014 2 de outubro<\/strong><\/p>\n\n\n\n<p id=\"viewer-jlnkw12227\"><strong>Viper<\/strong><\/p>\n\n\n\n<p id=\"viewer-3scga12229\">Um dos nomes fundamentais da hist\u00f3ria do heavy metal brasileiro, o Viper iniciou sua trajet\u00f3ria em S\u00e3o Paulo na d\u00e9cada de 1980. A forma\u00e7\u00e3o atual re\u00fane <strong>Leandro Ca\u00e7oilo no vocal, Felipe Machado e Kiko Shred nas guitarras, Daniel Matos no baixo e Guilherme Martin na bateria<\/strong>. Com discos como <em>Soldiers of Sunrise<\/em>, <em>Theatre of Fate<\/em> e <em>Evolution<\/em>, o grupo construiu uma carreira de forte repercuss\u00e3o dentro e fora do Brasil. A banda vive uma nova fase ap\u00f3s <em>Timeless<\/em>, seu primeiro \u00e1lbum de in\u00e9ditas em 15 anos.<\/p>\n\n\n\n<p id=\"viewer-opkad12241\"><strong>Throw Me To The Wolves<\/strong><\/p>\n\n\n\n<p id=\"viewer-x5e9k12243\">A paulistana Throw Me To The Wolves trabalha uma sonoridade baseada no death metal mel\u00f3dico e na escola conhecida como \u201cGothenburg Sound\u201d. A forma\u00e7\u00e3o atual conta com <strong>Diogo Nunes no vocal, Gui Calegari e Fabr\u00edcio Sato nas guitarras, Fabio Fulini no baixo e Maycon Avelino na bateria<\/strong>. Em 2025, o grupo lan\u00e7ou o \u00e1lbum de estreia <em>Days of Retribution<\/em>, ap\u00f3s chamar aten\u00e7\u00e3o com singles como \u201cGaia\u201d, \u201cTartarus\u201d e \u201cChaos\u201d. A banda vem ampliando sua presen\u00e7a nos palcos e j\u00e1 participou de apresenta\u00e7\u00f5es ao lado de importantes nomes do metal internacional.<\/p>\n\n\n\n<p id=\"viewer-1mmfa12249\"><strong>Bandas convidadas \u2014 3 de outubro<\/strong><\/p>\n\n\n\n<p id=\"viewer-w4j1c12251\"><strong>Hibria<\/strong><\/p>\n\n\n\n<p id=\"viewer-3jglo12253\">Fundado em Porto Alegre em 1996, o Hibria completa 30 anos de carreira como um dos nomes brasileiros de heavy metal de maior proje\u00e7\u00e3o internacional, com turn\u00eas pelo Jap\u00e3o, Canad\u00e1, Europa e \u00c1sia. A forma\u00e7\u00e3o atual re\u00fane <strong>Angelo Parisotto no vocal, Abel Camargo e Velles nas guitarras, Benhur Lima no baixo e William Schuck na bateria<\/strong>. Em agosto de 2026, o grupo lan\u00e7ou seu oitavo \u00e1lbum de est\u00fadio, <em>On the Shortness of Life<\/em>, produzido por Renato Osorio e inspirado na obra <em>Sobre a Brevidade da Vida<\/em>, do fil\u00f3sofo S\u00eaneca. O disco apresenta oito faixas e marca uma nova fase do Hibria, combinando o peso e a t\u00e9cnica caracter\u00edsticos da banda com reflex\u00f5es sobre tempo, finitude, liberdade e a forma como cada indiv\u00edduo escolhe viver.<\/p>\n\n\n\n<p id=\"viewer-l61rg12261\"><strong>Storia<\/strong><\/p>\n\n\n\n<p id=\"viewer-4e4rl12263\">A Storia surgiu em 2023 com uma proposta que une power metal, elementos progressivos e narrativas conceituais desenvolvidas ao longo de suas m\u00fasicas. A banda \u00e9 formada por <strong>Pedro Torchetti no vocal, Gabriel Veloso na guitarra, Pablo Guillarducci no baixo e Thiago Caeiro na bateria<\/strong>. Em 2026, o grupo ampliou sua presen\u00e7a nacional ao participar da \u201cEpic Tales Brasil Tour Part 2\u201d, ao lado do vocalista Fabio Lione. A atual fase \u00e9 marcada pelo trabalho conceitual <em>Revenant: A Righteous Revenge<\/em>, que d\u00e1 continuidade ao universo narrativo criado pela banda.<\/p>\n\n\n\n<figure class=\"wp-block-image size-large\"><img loading=\"lazy\" decoding=\"async\" width=\"819\" height=\"1024\" src=\"https:\/\/heavymetalonline.com.br\/wp-content\/uploads\/2026\/08\/Angra_Sao-Paulo_2026-819x1024.jpg\" alt=\"\" class=\"wp-image-41265\" srcset=\"http:\/\/heavymetalonline.com.br\/wp-content\/uploads\/2026\/08\/Angra_Sao-Paulo_2026-819x1024.jpg 819w, http:\/\/heavymetalonline.com.br\/wp-content\/uploads\/2026\/08\/Angra_Sao-Paulo_2026-240x300.jpg 240w, http:\/\/heavymetalonline.com.br\/wp-content\/uploads\/2026\/08\/Angra_Sao-Paulo_2026-768x960.jpg 768w, http:\/\/heavymetalonline.com.br\/wp-content\/uploads\/2026\/08\/Angra_Sao-Paulo_2026-200x250.jpg 200w, http:\/\/heavymetalonline.com.br\/wp-content\/uploads\/2026\/08\/Angra_Sao-Paulo_2026.jpg 1080w\" sizes=\"auto, (max-width: 819px) 100vw, 819px\" \/><\/figure>\n\n\n\n<p id=\"viewer-60oot18982\"><strong>Servi\u00e7o<\/strong><\/p>\n\n\n\n<p id=\"viewer-a2d9z12271\"><strong>Angra \u2014 \u201cHoly Land\u201d 30th Anniversary e \u201cRebirth\u201d 25th Anniversary<\/strong><\/p>\n\n\n\n<p id=\"viewer-80hfv12273\"><strong>Datas:<\/strong> 2 e 3 de outubro de 2026<\/p>\n\n\n\n<p id=\"viewer-yuksn14061\"><strong>Local:<\/strong> Tokio Marine Hall<\/p>\n\n\n\n<p id=\"viewer-unj9314444\"><strong>Cidade:<\/strong> S\u00e3o Paulo\/SP<\/p>\n\n\n\n<p id=\"viewer-lu3u114319\"><strong>Hor\u00e1rio:<\/strong> 21h<\/p>\n\n\n\n<p id=\"viewer-8ftdn14194\"><strong>Classifica\u00e7\u00e3o et\u00e1ria:<\/strong> 16 anos<\/p>\n\n\n\n<p id=\"viewer-q21se14704\"><strong>Ingressos:<\/strong> Ticketmaster<\/p>\n\n\n\n<p id=\"viewer-uu7n614579\"><strong>Venda online:<\/strong> <a target=\"_blank\" href=\"https:\/\/www.ticketmaster.com.br\/event\/angra-tokio-marine\" rel=\"noreferrer noopener\"><u>https:\/\/www.ticketmaster.com.br\/event\/angra-tokio-marine<\/u><\/a><\/p>\n\n\n\n<p id=\"viewer-jp4ch12289\"><strong>2 de outubro<\/strong><\/p>\n\n\n\n<p id=\"viewer-uqw0a12291\"><strong>Angra \u2014 \u201cHoly Land\u201d 30th Anniversary &#8211; <\/strong><em>Holy Land<\/em> na \u00edntegra<\/p>\n\n\n\n<p id=\"viewer-2dji015094\"><strong>Participa\u00e7\u00e3o especial:<\/strong> Luis Mariutti<\/p>\n\n\n\n<p id=\"viewer-ca13a15981\"><strong>Convidado especial:<\/strong> Viper<\/p>\n\n\n\n<p id=\"viewer-eu0hz15856\"><strong>Abertura:<\/strong> Throw Me To The Wolves<\/p>\n\n\n\n<p id=\"viewer-ylmqh12301\"><strong>3 de outubro<\/strong><\/p>\n\n\n\n<p id=\"viewer-4e2bd12303\"><strong>Angra \u2014 \u201cRebirth\u201d 25th Anniversary &#8211; <\/strong><em>Rebirth<\/em> na \u00edntegra<\/p>\n\n\n\n<p id=\"viewer-3af1o14977\"><strong>Participa\u00e7\u00e3o especial:<\/strong> Edu Falaschi<\/p>\n\n\n\n<p id=\"viewer-ow4ju16118\"><strong>Convidado especial:<\/strong> Hibria<\/p>\n\n\n\n<p id=\"viewer-oz5gw16247\"><strong>Abertura:<\/strong> Storia<\/p>\n\n\n\n<p id=\"viewer-g8obi12313\"><strong>Apresenta\u00e7\u00e3o:<\/strong> Top Link Music<\/p>\n\n\n\n<p id=\"viewer-u7mzj12316\"><strong>Informa\u00e7\u00f5es: <\/strong>Assessoria de Imprensa da Top Link MusicThiago Rahal Mauro<\/p>\n\n\n\n<p id=\"viewer-wz05o12321\"><strong>Mais informa\u00e7\u00f5es:<\/strong><\/p>\n\n\n\n<p id=\"viewer-viewer-7woao18396\">Site:&nbsp;<a target=\"_blank\" href=\"http:\/\/www.toplinkmusic.com\/\" rel=\"noreferrer noopener\"><u>www.toplinkmusic.com<\/u><\/a><\/p>\n\n\n\n<p id=\"viewer-viewer-p74px20287\"><strong>Fonte:<\/strong>&nbsp;Top Link Press<\/p>\n","protected":false},"excerpt":{"rendered":"<p>Foto: Marcos Hermes Shows no Tokio Marine Hall prop\u00f5em uma imers\u00e3o em duas fases fundamentais da hist\u00f3ria da banda, com participa\u00e7\u00f5es de Luis Mariutti e Edu Falaschi, al\u00e9m de apresenta\u00e7\u00f5es das bandas Viper, Throw Me To The Wolves, Hibria e Storia O Angra realiza nos dias 2 e 3 de outubro de 2026, no Tokio [&hellip;]<\/p>\n","protected":false},"author":12,"featured_media":38649,"comment_status":"closed","ping_status":"open","sticky":false,"template":"","format":"standard","meta":{"footnotes":""},"categories":[4],"tags":[],"class_list":["post-41264","post","type-post","status-publish","format-standard","has-post-thumbnail","hentry","category-noticias"],"_links":{"self":[{"href":"http:\/\/heavymetalonline.com.br\/index.php?rest_route=\/wp\/v2\/posts\/41264","targetHints":{"allow":["GET"]}}],"collection":[{"href":"http:\/\/heavymetalonline.com.br\/index.php?rest_route=\/wp\/v2\/posts"}],"about":[{"href":"http:\/\/heavymetalonline.com.br\/index.php?rest_route=\/wp\/v2\/types\/post"}],"author":[{"embeddable":true,"href":"http:\/\/heavymetalonline.com.br\/index.php?rest_route=\/wp\/v2\/users\/12"}],"replies":[{"embeddable":true,"href":"http:\/\/heavymetalonline.com.br\/index.php?rest_route=%2Fwp%2Fv2%2Fcomments&post=41264"}],"version-history":[{"count":1,"href":"http:\/\/heavymetalonline.com.br\/index.php?rest_route=\/wp\/v2\/posts\/41264\/revisions"}],"predecessor-version":[{"id":41266,"href":"http:\/\/heavymetalonline.com.br\/index.php?rest_route=\/wp\/v2\/posts\/41264\/revisions\/41266"}],"wp:featuredmedia":[{"embeddable":true,"href":"http:\/\/heavymetalonline.com.br\/index.php?rest_route=\/wp\/v2\/media\/38649"}],"wp:attachment":[{"href":"http:\/\/heavymetalonline.com.br\/index.php?rest_route=%2Fwp%2Fv2%2Fmedia&parent=41264"}],"wp:term":[{"taxonomy":"category","embeddable":true,"href":"http:\/\/heavymetalonline.com.br\/index.php?rest_route=%2Fwp%2Fv2%2Fcategories&post=41264"},{"taxonomy":"post_tag","embeddable":true,"href":"http:\/\/heavymetalonline.com.br\/index.php?rest_route=%2Fwp%2Fv2%2Ftags&post=41264"}],"curies":[{"name":"wp","href":"https:\/\/api.w.org\/{rel}","templated":true}]}}