{"id":6791,"date":"2016-03-12T00:01:32","date_gmt":"2016-03-12T00:01:32","guid":{"rendered":"http:\/\/heavymetalonline.com.br\/?p=6791"},"modified":"2016-03-12T00:01:32","modified_gmt":"2016-03-12T00:01:32","slug":"alirio-netto-com-estreia-em-marco-musical-we-will-rock-you-inicia-venda-de-ingressos","status":"publish","type":"post","link":"http:\/\/heavymetalonline.com.br\/?p=6791","title":{"rendered":"Al\u00edrio Netto: com estreia em mar\u00e7o, musical \u201cWe Will Rock You\u201d inicia venda de ingressos"},"content":{"rendered":"<p style=\"text-align: justify;\">O ator e cantor Al\u00edrio Netto (Age of Artemis, Khallice, HeavyPop) j\u00e1 tem data e local confirmados para a estreia do musical \u201cWe Will Rock You\u201d. O musical tem inicio no dia 24 de mar\u00e7o (quinta-feira), no Teatro Santander, localizado na avenida Presidente Juscelino Kubitschek, 2041, no Itaim Bibi, em S\u00e3o Paulo.<\/p>\n<p style=\"text-align: justify;\"><strong>MUSICAL \u201cWE WILL ROCK YOU\u201d INAUGURA TEATRO SANTANDER<\/strong><\/p>\n<p style=\"text-align: justify;\">Grande sucesso mundial j\u00e1 foi visto por mais de 15 milh\u00f5es de pessoas em 17 pa\u00edses<\/p>\n<p style=\"text-align: justify;\"><strong>ENREDO<\/strong><\/p>\n<p style=\"text-align: justify;\">A hist\u00f3ria de We Will Rock You come\u00e7a 300 anos no futuro. A terra \u00e9 agora controlada por uma companhia chamada de Global Soft. A globaliza\u00e7\u00e3o \u00e9 completa e a individualidade \u00e9 um taboo. Todos assistem os mesmos filmes, usam as mesmas roupas e pensam as mesmas coisas. A m\u00fasica \u00e9 gerada pelos computadores da Global Soft, o rock n\u00e3o \u00e9 mais escutado e todos os instrumentos musicais foram banidos. A esperan\u00e7a de liberdade reside em um pequeno grupo, os Bohemians, que esperam um her\u00f3i que os lidere para trazer o rock de volta \u00e0s vidas das pessoas.<\/p>\n<p style=\"text-align: justify;\"><strong>TEATRO SANTANDER<\/strong><\/p>\n<p style=\"text-align: justify;\">O Teatro Santander faz parte do complexo WTorre Plaza, localizado na Vila Ol\u00edmpia, S\u00e3o Paulo (SP), que re\u00fane em 410 mil metros quadrados tr\u00eas torres empresarias, um edif\u00edcio corporativo e o shopping de alto padr\u00e3o JK Iguatemi. Considerado multiuso devido \u00e0s diversas possibilidades de configura\u00e7\u00f5es e usos gra\u00e7as ao sistema de poltronas rebat\u00edveis, o espa\u00e7o tem capacidade para receber diferentes tipos de eventos, como desfiles de moda, eventos<\/p>\n<p style=\"text-align: justify;\"><strong>Classifica\u00e7\u00e3o:<\/strong> Livre.<\/p>\n<p style=\"text-align: justify;\"><strong>Meia Entrada:<\/strong>De acordo com a Lei Federal 12.852 (Estatuto da Juventude) e 12.933 de 2013 tem direito a compra de at\u00e9 40% do total de ingressos dispon\u00edveis para cada evento os seguintes benefici\u00e1rios: <strong>ESTUDANTES:<\/strong> Lei Federal 12.933\/13, Decreto Federal 8.537\/15 e Medida Cautelar Provis\u00f3ria concedida pelo STF em 29\/12\/2015 \/ <strong>IDOSOS<\/strong> (pessoas com mais de 60 anos): Lei Federal 10.741\/03 e Decreto Federal 8.537\/15 \/ <strong>JOVENS PERTENCENTES A FAM\u00cdLIAS DE BAIXA RENDA<\/strong>, com idades de 15 a 29 anos: Lei Federal 12.933\/13 e Decreto Federal 8.537\/15 \/ <strong>PESSOAS COM DEFICI\u00caNCIA<\/strong> e acompanhante quando necess\u00e1rio: Lei Federal 12.933\/13 e Decreto Federal 8.537\/15 \/ <strong>DIRETORES, COORDENADORES PEDAG\u00d3GICOS, SUPERVISORES E TITULARES<\/strong> de cargos do quadro de apoio das escolas das redes estadual e municipais: Lei Estadual n\u00b0 15.298\/14 \/ <strong>PROFESSORES<\/strong> da rede p\u00fablica estadual e das redes municipais de ensino: Lei Estadual n\u00b0 14.729\/12.<\/p>\n<p style=\"text-align: justify;\"><strong>ATEN\u00c7\u00c3O<\/strong><\/p>\n<p style=\"text-align: justify;\">Para Pontos de Venda e Bilheterias \u00e9 necess\u00e1ria a comprova\u00e7\u00e3o do direito ao benef\u00edcio da 1\/2 entrada no ato da compra e no acesso ao evento. Para vendas pela Internet e Telefone \u00e9 necess\u00e1ria a comprova\u00e7\u00e3o do direito ao benef\u00edcio da 1\/2 entrada no acesso ao evento. Caso o benef\u00edcio n\u00e3o seja comprovado, o portador dever\u00e1 complementar o valor do ingresso adquirido para o valor do ingresso integral, caso contr\u00e1rio o acesso ao evento n\u00e3o ser\u00e1 permitido.<\/p>\n<p style=\"text-align: justify;\"><strong>SANTANDER 30% DE DESCONTO<\/strong> \u2013 na compra de ingressos realizada por clientes Santander limitado a 20% da lota\u00e7\u00e3o do teatro. N\u00e3o cumulativo com meia-entrada. Limitados a 02 (dois) ingressos por CPF. Esta compra dever\u00e1 ser realizada com cart\u00f5es cr\u00e9dito e d\u00e9bito do Banco Santander e a mesma poder\u00e3o ser realizadas em todos os canais de venda (bilheteria, site, etc).<\/p>\n<p style=\"text-align: justify;\"><strong>Descontos n\u00e3o cumulativos<\/strong><\/p>\n<p style=\"text-align: justify;\"><strong>Ponto de Venda Sem Taxa de Conveni\u00eancia:<\/strong> Teatro Santander \u2013 Bilheteria Teatro Santander Complexo JKEndere\u00e7o: Av. Presidente Juscelino Kubitschek, 2041<\/p>\n<p style=\"text-align: justify;\">Hor\u00e1rio de Funcionamento: Domingo a Quinta: 12h \u00e0s 20h ou at\u00e9 inicio do espet\u00e1culo. Sexta e S\u00e1bado: 12h \u00e0s 22h.<\/p>\n<p style=\"text-align: justify;\">\n<p style=\"text-align: justify;\"><em>Servi\u00e7o<\/em><br \/>\n<strong>\u201cWe\u00a0Will Rock You\u201d<\/strong><br \/>\n<strong>Quando<\/strong><em>:\u00a0<\/em>A partir de 24 de mar\u00e7o. Sess\u00f5es: Quintas e Sextas, \u00e0s 21h, S\u00e1bados, \u00e0s 17h e 21h, e Domingos, \u00e0s 16h e 20h<br \/>\n<strong>Onde: <\/strong>Teatro Santander Complexo JK. Av. Presidente Juscelino Kubitschek, 2041, Itaim Bibi<br \/>\n<strong>Quanto:<br \/>\n<\/strong>QUINTAS E DOMINGOS \u00c0 NOITE<br \/>\nPlateia Vip Central: R$ 130 (meia) e 260 (inteira)<br \/>\nPlateia Central: R$ 115 (meia) e R$ 230 (inteira)<br \/>\nPlateia Lateral: R$ 90 (meia) e R$ 180 (inteira)<br \/>\nPlateia Superior: R$ 75 (meia) e R$ 150 (inteira)<br \/>\nBalc\u00e3o: R$60 (meia) e R$ 120 (inteira)<br \/>\nFrisa: R$ 40 (meia) e R$ 80 (inteira)<\/p>\n<p style=\"text-align: justify;\">SEXTAS, S\u00c1BADOS E DOMINGO \u00c0 TARDE<br \/>\nPlateia Vip Central: R$ 150 (meia) e 300 (inteira)<br \/>\nPlateia Central: R$ 135 (meia) e R$ 270 (inteira)<br \/>\nPlateia Lateral: R$ 125 (meia) e R$ 250 (inteira)<br \/>\nPlateia Superior: R$ 100 (meia) e R$ 200 (inteira)<br \/>\nBalc\u00e3o: R$ 80 (meia) e R$ 160 (inteira)<br \/>\nFrisa: R$ 50 (meia) e R$ 100 (inteira)<\/p>\n<p style=\"text-align: justify;\"><strong>Vendas: <\/strong>a partir de 9 de mar\u00e7o<br \/>\n&#8211; Internet: <a href=\"http:\/\/www.ingressorapido.com.br\/\" target=\"_blank\" rel=\"nofollow\">www.ingressorapido.com.br<\/a> ou <a href=\"http:\/\/www.entretix.com.br\/\" target=\"_blank\" rel=\"nofollow\">www.entretix.com.br<\/a><br \/>\n&#8211; Telefone: 4003 1022<br \/>\n&#8211; Bilheteria Teatro Santander Complexo JK \u2013 Av. Presidente Juscelino Kubitschek, 2041. Funcionamento: Domingo a Quinta: 12h \u00e0s 20h ou at\u00e9 inicio do espet\u00e1culo. Sexta e S\u00e1bado: 12h \u00e0s 22h<br \/>\n<strong>Formas de Pagamento:<\/strong> Amex, Aura, Diners, Dinheiro, Hipercard, Mastercard, Redeshop, Visa e Visa Electron<br \/>\n<strong>Capacidade:<\/strong> 1100 lugares<br \/>\n<strong>Assentos:<\/strong> O teatro conta com 16 assentos para deficientes f\u00edsicos e 10 para pessoas obesas.<br \/>\n<strong>Classifica\u00e7\u00e3o<\/strong>: livre<br \/>\n<strong>Dura\u00e7\u00e3o do musical:<\/strong> 2h15<\/p>\n","protected":false},"excerpt":{"rendered":"<p>O musical tem inicio no dia 24 de mar\u00e7o (quinta-feira), no Teatro Santander, localizado na avenida Presidente Juscelino Kubitschek, 2041, no Itaim Bibi, em S\u00e3o Paulo.<\/p>\n","protected":false},"author":1,"featured_media":6792,"comment_status":"closed","ping_status":"open","sticky":false,"template":"","format":"standard","meta":{"footnotes":""},"categories":[4],"tags":[129],"class_list":["post-6791","post","type-post","status-publish","format-standard","has-post-thumbnail","hentry","category-noticias","tag-alirio-netto"],"_links":{"self":[{"href":"http:\/\/heavymetalonline.com.br\/index.php?rest_route=\/wp\/v2\/posts\/6791","targetHints":{"allow":["GET"]}}],"collection":[{"href":"http:\/\/heavymetalonline.com.br\/index.php?rest_route=\/wp\/v2\/posts"}],"about":[{"href":"http:\/\/heavymetalonline.com.br\/index.php?rest_route=\/wp\/v2\/types\/post"}],"author":[{"embeddable":true,"href":"http:\/\/heavymetalonline.com.br\/index.php?rest_route=\/wp\/v2\/users\/1"}],"replies":[{"embeddable":true,"href":"http:\/\/heavymetalonline.com.br\/index.php?rest_route=%2Fwp%2Fv2%2Fcomments&post=6791"}],"version-history":[{"count":1,"href":"http:\/\/heavymetalonline.com.br\/index.php?rest_route=\/wp\/v2\/posts\/6791\/revisions"}],"predecessor-version":[{"id":6793,"href":"http:\/\/heavymetalonline.com.br\/index.php?rest_route=\/wp\/v2\/posts\/6791\/revisions\/6793"}],"wp:featuredmedia":[{"embeddable":true,"href":"http:\/\/heavymetalonline.com.br\/index.php?rest_route=\/wp\/v2\/media\/6792"}],"wp:attachment":[{"href":"http:\/\/heavymetalonline.com.br\/index.php?rest_route=%2Fwp%2Fv2%2Fmedia&parent=6791"}],"wp:term":[{"taxonomy":"category","embeddable":true,"href":"http:\/\/heavymetalonline.com.br\/index.php?rest_route=%2Fwp%2Fv2%2Fcategories&post=6791"},{"taxonomy":"post_tag","embeddable":true,"href":"http:\/\/heavymetalonline.com.br\/index.php?rest_route=%2Fwp%2Fv2%2Ftags&post=6791"}],"curies":[{"name":"wp","href":"https:\/\/api.w.org\/{rel}","templated":true}]}}