{"id":7890,"date":"2016-05-24T00:11:33","date_gmt":"2016-05-24T00:11:33","guid":{"rendered":"http:\/\/heavymetalonline.com.br\/?p=7890"},"modified":"2016-05-24T00:11:33","modified_gmt":"2016-05-24T00:11:33","slug":"fenomeno-pierce-the-veil-confirma-unica-apresentacao-no-brasil","status":"publish","type":"post","link":"http:\/\/heavymetalonline.com.br\/?p=7890","title":{"rendered":"Fen\u00f4meno Pierce The Veil confirma \u00fanica apresenta\u00e7\u00e3o no Brasil"},"content":{"rendered":"<p style=\"text-align: justify;\">Febre entre os adolescentes, o fen\u00f4meno norte-americano Pierce The Veil acaba de confirmar r\u00e1pida turn\u00ea pela Am\u00e9rica Latina! A sensa\u00e7\u00e3o do post-hardcore mundial faz \u00fanica apresenta\u00e7\u00e3o no Brasil, no pr\u00f3ximo dia 10 de julho, no Carioca Club em S\u00e3o Paulo.<\/p>\n<p>Com produ\u00e7\u00e3o da Liberation Tour Booking, os californianos Vic Fuentes (vocal\/guitarra), Tony Perry (guitarra), Jaime Preciado (baixo) e Mike Fuentes (bateria) retornam ao Brasil, Chile, Argentina e M\u00e9xico ainda mais experientes e em evidente ascens\u00e3o na carreira.<\/p>\n<p>Conforme descontra\u00eddo v\u00eddeo publicado no <a href=\"https:\/\/www.facebook.com\/PierceTheVeil\/videos\/10153618301212816\" target=\"_blank\">Facebook<\/a>, os m\u00fasicos j\u00e1 revelaram que o repertorio ser\u00e1 composto por diversos cl\u00e1ssicos, al\u00e9m das principais faixas do rec\u00e9m-lan\u00e7ado \u00e1lbum \u201cMisadventures\u201d.<\/p>\n<p>Os ingressos, de 2\u00ba lote, j\u00e1 est\u00e3o \u00e0 venda na Galeria do Rock (loja 255), bilheteria do Carioca Club, site do <a href=\"http:\/\/www.clubedoingresso.com\/piercetheveil\" target=\"_blank\">Clube do Ingresso<\/a>\u00a0e pontos autorizados pela empresa.<\/p>\n<p>At\u00e9 o momento, a nova passagem do Pierce The Veil pela Am\u00e9rica Latina \u00e9 a seguinte:<br \/>\n<strong>10\/07 \u2013 Carioca Club \u2013 S\u00e3o Paulo, Brasil<\/strong><br \/>\n12\/07 \u2013 Vorterix \u2013 Buenos Aires, Argentina<br \/>\n14\/07 \u2013 Teatro La Cupula \u2013 Santiago, Chile<br \/>\n16\/07 \u2013 Caf\u00e9 Iguana \u2013 Monterrey, M\u00e9xico<br \/>\n17\/07 \u2013 C3 \u2013 Guadalajara, M\u00e9xico<\/p>\n<p>Formada em 2006, em San Diego, esta nova temporada de shows do Pierce the Veil tamb\u00e9m celebra os 10 anos de estrada do supergrupo. A \u00faltima passagem do quarteto pelo Brasil aconteceu, em 2013, durante a turn\u00ea do disco \u201cCollide With The Sky\u201d (2012).<\/p>\n<p><strong>Servi\u00e7o S\u00e3o Paulo<br \/>\nLiberation Tour Booking orgulhosamente reapresenta Pierce The Veil em \u00fanica exibi\u00e7\u00e3o no Brasil<br \/>\n<\/strong>Data: domingo, 10 de julho de 2016<br \/>\nLocal: Carioca Club \u2013 <a href=\"http:\/\/www.cariocaclub.com.br\/\" target=\"_blank\" data-saferedirecturl=\"https:\/\/www.google.com\/url?hl=pt-BR&amp;q=http:\/\/www.cariocaclub.com.br&amp;source=gmail&amp;ust=1464129744805000&amp;usg=AFQjCNEWNoK6gUtRq3WM8uVg79QoqooLaw\">www.cariocaclub.com.br<\/a><br \/>\nEnd: Rua Cardeal Arcoverde, 2899 \u2013 pr\u00f3ximo ao Metr\u00f4 Faria Lima<br \/>\nHora: 18h<br \/>\nInfoline: (11) 3813.8598<br \/>\nInforma\u00e7\u00f5es gerais: <a href=\"mailto:info@liberationmc.com\" target=\"_blank\">info@liberationmc.com<\/a><br \/>\nAssessoria de Imprensa: <a href=\"mailto:pres@theultimatemusic.com\" target=\"_blank\">pres@theultimatemusic.com<\/a><br \/>\nEvento Facebook: <a href=\"https:\/\/www.facebook.com\/events\/927759277321880\" target=\"_blank\" data-saferedirecturl=\"https:\/\/www.google.com\/url?hl=pt-BR&amp;q=https:\/\/www.facebook.com\/events\/927759277321880&amp;source=gmail&amp;ust=1464129744805000&amp;usg=AFQjCNF0nSSij998uWstd97ITc3traOCzw\">https:\/\/www.facebook.com\/<wbr \/>events\/927759277321880<\/a><br \/>\nClassifica\u00e7\u00e3o: 14 anos<\/p>\n<p><strong>Valores:<\/strong><br \/>\n2\u00ba lote \u2013 Pista: R$ 150 (meia-entrada\/estudante\/<wbr \/>promocional*)<br \/>\n2\u00ba lote \u2013 Pista: R$ 300 (inteira)<br \/>\nCamarote: R$ 250<br \/>\n*Promocional para n\u00e3o estudantes. Doe um kilo de alimento na entrada da casa no dia do evento e pague meia-entrada)<\/p>\n<p>Ponto de Venda (sem taxa de servi\u00e7o \u2013 pagamento em dinheiro):<br \/>\nGaleria do Rock: loja 255 \u2013 1\u00ba andar \u2013 (11) 3361.6951<br \/>\nCarioca Club: Rua Cardeal Arcoverde, 2899 \u2013 (11) 3813.8598<br \/>\nIngresso online (com taxa de servi\u00e7o): <a href=\"http:\/\/www.clubedoingresso.com\/piercetheveil\" target=\"_blank\" data-saferedirecturl=\"https:\/\/www.google.com\/url?hl=pt-BR&amp;q=http:\/\/www.clubedoingresso.com\/piercetheveil&amp;source=gmail&amp;ust=1464129744805000&amp;usg=AFQjCNE9e0KwXAxbWD7XZb1BrIBKYfIBaQ\">http:\/\/www.clubedoingresso.<wbr \/>com\/piercetheveil<\/a><\/p>\n<p><img loading=\"lazy\" decoding=\"async\" class=\"CToWUd a6T aligncenter\" tabindex=\"0\" src=\"https:\/\/ci4.googleusercontent.com\/proxy\/VmKFQVKPjk4XXSjKtKDnmJRfZvhfsPltJ92SRqoKC_p-l-PrSHVPqzsQaY90JPof9pnJt8YTggrbWhnGhLEeBNU0ReDpHvXIYw1eKfNjc3f5qSvG1U9WGB9a4aQ-tLaSniZ7ADO-OOYRXQ_O=s0-d-e1-ft#http:\/\/theultimatemusic.com\/wp-content\/uploads\/liberation-pierce-the-veil-724x1024.jpg\" alt=\"\" width=\"555\" height=\"785\" \/><\/p>\n","protected":false},"excerpt":{"rendered":"<p>Febre entre os adolescentes, o fen\u00f4meno norte-americano Pierce The Veil acaba de confirmar r\u00e1pida turn\u00ea pela Am\u00e9rica Latina! A sensa\u00e7\u00e3o do post-hardcore mundial faz \u00fanica apresenta\u00e7\u00e3o no Brasil, no pr\u00f3ximo dia 10 de julho, no Carioca Club em S\u00e3o Paulo.<\/p>\n","protected":false},"author":12,"featured_media":7891,"comment_status":"closed","ping_status":"open","sticky":false,"template":"","format":"standard","meta":{"footnotes":""},"categories":[4],"tags":[642],"class_list":["post-7890","post","type-post","status-publish","format-standard","has-post-thumbnail","hentry","category-noticias","tag-pierce-the-veil"],"_links":{"self":[{"href":"http:\/\/heavymetalonline.com.br\/index.php?rest_route=\/wp\/v2\/posts\/7890","targetHints":{"allow":["GET"]}}],"collection":[{"href":"http:\/\/heavymetalonline.com.br\/index.php?rest_route=\/wp\/v2\/posts"}],"about":[{"href":"http:\/\/heavymetalonline.com.br\/index.php?rest_route=\/wp\/v2\/types\/post"}],"author":[{"embeddable":true,"href":"http:\/\/heavymetalonline.com.br\/index.php?rest_route=\/wp\/v2\/users\/12"}],"replies":[{"embeddable":true,"href":"http:\/\/heavymetalonline.com.br\/index.php?rest_route=%2Fwp%2Fv2%2Fcomments&post=7890"}],"version-history":[{"count":1,"href":"http:\/\/heavymetalonline.com.br\/index.php?rest_route=\/wp\/v2\/posts\/7890\/revisions"}],"predecessor-version":[{"id":7892,"href":"http:\/\/heavymetalonline.com.br\/index.php?rest_route=\/wp\/v2\/posts\/7890\/revisions\/7892"}],"wp:featuredmedia":[{"embeddable":true,"href":"http:\/\/heavymetalonline.com.br\/index.php?rest_route=\/wp\/v2\/media\/7891"}],"wp:attachment":[{"href":"http:\/\/heavymetalonline.com.br\/index.php?rest_route=%2Fwp%2Fv2%2Fmedia&parent=7890"}],"wp:term":[{"taxonomy":"category","embeddable":true,"href":"http:\/\/heavymetalonline.com.br\/index.php?rest_route=%2Fwp%2Fv2%2Fcategories&post=7890"},{"taxonomy":"post_tag","embeddable":true,"href":"http:\/\/heavymetalonline.com.br\/index.php?rest_route=%2Fwp%2Fv2%2Ftags&post=7890"}],"curies":[{"name":"wp","href":"https:\/\/api.w.org\/{rel}","templated":true}]}}