{"id":9545,"date":"2016-09-28T23:54:24","date_gmt":"2016-09-28T23:54:24","guid":{"rendered":"http:\/\/heavymetalonline.com.br\/?p=9545"},"modified":"2016-09-28T23:54:24","modified_gmt":"2016-09-28T23:54:24","slug":"anie-ingressos-disponiveis-para-gravacao-de-dvd-em-sao-paulo-no-catarse","status":"publish","type":"post","link":"http:\/\/heavymetalonline.com.br\/?p=9545","title":{"rendered":"ANIE: ingressos dispon\u00edveis para grava\u00e7\u00e3o de DVD em S\u00e3o Paulo no Catarse"},"content":{"rendered":"<p style=\"text-align: justify;\">O projeto ANIE lan\u00e7ou recentemente uma campanha de financiamento coletiva na catarse para grava\u00e7\u00e3o do 1\u00ba DVD da dupla Junior Carelli e Fernando Quesada. A grava\u00e7\u00e3o acontecer\u00e1 no dia 19 de novembro de 2016, s\u00e1bado, no Gillan\u2019s Inn English Rock Bar, em S\u00e3o Paulo. Os ingressos j\u00e1 est\u00e3o dispon\u00edveis no site da Catarse e o mais barato custa 27 reais. Neste valor o f\u00e3 tamb\u00e9m ter\u00e1 direito ao download do novo DVD ao vivo, download dos 16 v\u00eddeo clipes, download dos 16 \u00e1udios + poster digital e nome nos cr\u00e9ditos do DVD.<\/p>\n<p>Saiba como participar do DVD da ANIE e ganhar v\u00e1rios b\u00f4nus: <a href=\"https:\/\/www.catarse.me\/pt\/anie\">https:\/\/www.catarse.me\/pt\/anie<\/a><wbr \/>.\n<\/p>\n<p style=\"text-align: justify;\"><strong>Servi\u00e7o:<\/strong><br \/>\nANIE \u2013 Grava\u00e7\u00e3o de DVD<br \/>\nLocal: Gillan\u2019s Inn English Rock Bar<br \/>\nCidade: S\u00e3o Paulo\/SP<br \/>\nQuando: 19 de novembro (s\u00e1bado)<br \/>\nIngressos: <a href=\"https:\/\/www.catarse.me\/pt\/anie\">https:\/\/www.catarse.me\/pt\/anie<\/a><br \/>\nEndere\u00e7o: Luiz Dummont Villares, 628 \u2013 Santana<\/p>\n<p style=\"text-align: justify;\">Depois de anos de carreira e ap\u00f3s diversas turn\u00eas pelo Brasil e pelo Mundo com outras bandas (Shaman e Noturnall), a dupla decidiu colocar em pr\u00e1tica esse novo projeto. Nos juntamos, Junior Carelli (teclado e vocal) e Fernando Quesada (viol\u00e3o e vocal), pra lan\u00e7ar o ANIE, projeto que fortalece o som \u201cac\u00fastico\u201d dentro e fora do pa\u00eds.<\/p>\n<p style=\"text-align: justify;\">Esse projeto \u00e9 algo diferente do ac\u00fastico comum no Brasil. Arranjos mais complexos, mudan\u00e7as de melodia e influ\u00eancias que v\u00e3o do pop ao heavy metal. Tudo com piano, viol\u00e3o de 12 cordas e 2 vozes.<\/p>\n<p style=\"text-align: justify;\">Por toda aceita\u00e7\u00e3o que o projeto teve com o p\u00fablico e pela nossa paix\u00e3o pela m\u00fasica, n\u00f3s dois decidimos produzir esse nosso primeiro DVD de uma forma diferente. Queremos que todos voc\u00eas fa\u00e7am parte e sejam parte do DVD ANIE. Ser\u00e1 um DVD inesquec\u00edvel com um show em S\u00e3o Paulo cheio de convidados especiais e v\u00eddeos para todos os gostos.<\/p>\n<p style=\"text-align: justify;\">O projeto ANIE lan\u00e7ou neste ano de 2016, 12 v\u00eddeo clipes de m\u00fasicas pr\u00f3prias e mais diversos sons covers. Com o sucesso desse lan\u00e7amento, decidimos ent\u00e3o colocar tudo num show, que ser\u00e1 o primeiro show da dupla, e fazer um DVD ao mesmo tempo intimista e grandioso.<\/p>\n<p style=\"text-align: justify;\">Ser\u00e1 um DVD com tel\u00e3o sincronizado, luzes, convidados especiais, surpresas e muito mais.<\/p>\n<p style=\"text-align: justify;\">\u201cN\u00f3s mesmos vamos fazer todas as grava\u00e7\u00f5es de \u00e1udio, filmagens e edi\u00e7\u00f5es de \u00e1udio e v\u00eddeo. Somos uma dupla independente que realizamos todos os processos de produ\u00e7\u00e3o al\u00e9m da m\u00fasica, e por isso estamos chamando voc\u00eas para participarem disso com a gente\u201d, disse Fernando Quesada.<\/p>\n<p style=\"text-align: justify;\">\u201cNossa ideia com o ANIE \u00e9 usarmos esse projeto para descobrir novas formas de movimentar o mercado da m\u00fasica. Esse DVD vem com esse peso de fazer algo totalmente inusitado e in\u00e9dito, e dedicamos isso \u00e0 todos voc\u00eas que n\u00f3s apoiam, seguem nossos trabalho e juntos vamos mostrar que a m\u00fasica ainda est\u00e1 viva\u201d, revelou o tecladista Junior Carelli.\n<\/p>\n<p style=\"text-align: justify;\"><strong>Assista v\u00eddeo sobre o projeto<\/strong>:<\/p>\n<p>https:\/\/youtu.be\/QzQ1aMPL1XA<\/p>\n<p><strong>Mais informa\u00e7\u00f5es:<\/strong><br \/>\nSite Oficial \u2013 <a href=\"http:\/\/http:\/\/www.anieband.com\/\">http:\/\/www.anieband.com\/<\/a><br \/>\nFacebook \u2013 <a href=\"https:\/\/www.facebook.com\/anieband\/\">https:\/\/www.facebook.com\/<wbr \/>anieband\/<\/a><\/p>\n<p><img loading=\"lazy\" decoding=\"async\" class=\"aligncenter size-full wp-image-9546\" src=\"http:\/\/heavymetalonline.com.br\/wp-content\/uploads\/2016\/09\/anie_dvd.jpg\" alt=\"\" width=\"468\" height=\"662\" srcset=\"http:\/\/heavymetalonline.com.br\/wp-content\/uploads\/2016\/09\/anie_dvd.jpg 468w, http:\/\/heavymetalonline.com.br\/wp-content\/uploads\/2016\/09\/anie_dvd-212x300.jpg 212w, http:\/\/heavymetalonline.com.br\/wp-content\/uploads\/2016\/09\/anie_dvd-300x424.jpg 300w\" sizes=\"auto, (max-width: 468px) 100vw, 468px\" \/><\/p>\n","protected":false},"excerpt":{"rendered":"<p>A grava\u00e7\u00e3o acontecer\u00e1 no dia 19 de novembro de 2016, s\u00e1bado, no Gillan\u2019s Inn English Rock Bar, em S\u00e3o Paulo. Os ingressos j\u00e1 est\u00e3o dispon\u00edveis no site da Catarse e o mais barato custa 27 reais. <\/p>\n","protected":false},"author":1,"featured_media":9074,"comment_status":"closed","ping_status":"open","sticky":false,"template":"","format":"standard","meta":{"footnotes":""},"categories":[4],"tags":[671],"class_list":["post-9545","post","type-post","status-publish","format-standard","has-post-thumbnail","hentry","category-noticias","tag-anie"],"_links":{"self":[{"href":"http:\/\/heavymetalonline.com.br\/index.php?rest_route=\/wp\/v2\/posts\/9545","targetHints":{"allow":["GET"]}}],"collection":[{"href":"http:\/\/heavymetalonline.com.br\/index.php?rest_route=\/wp\/v2\/posts"}],"about":[{"href":"http:\/\/heavymetalonline.com.br\/index.php?rest_route=\/wp\/v2\/types\/post"}],"author":[{"embeddable":true,"href":"http:\/\/heavymetalonline.com.br\/index.php?rest_route=\/wp\/v2\/users\/1"}],"replies":[{"embeddable":true,"href":"http:\/\/heavymetalonline.com.br\/index.php?rest_route=%2Fwp%2Fv2%2Fcomments&post=9545"}],"version-history":[{"count":1,"href":"http:\/\/heavymetalonline.com.br\/index.php?rest_route=\/wp\/v2\/posts\/9545\/revisions"}],"predecessor-version":[{"id":9547,"href":"http:\/\/heavymetalonline.com.br\/index.php?rest_route=\/wp\/v2\/posts\/9545\/revisions\/9547"}],"wp:featuredmedia":[{"embeddable":true,"href":"http:\/\/heavymetalonline.com.br\/index.php?rest_route=\/wp\/v2\/media\/9074"}],"wp:attachment":[{"href":"http:\/\/heavymetalonline.com.br\/index.php?rest_route=%2Fwp%2Fv2%2Fmedia&parent=9545"}],"wp:term":[{"taxonomy":"category","embeddable":true,"href":"http:\/\/heavymetalonline.com.br\/index.php?rest_route=%2Fwp%2Fv2%2Fcategories&post=9545"},{"taxonomy":"post_tag","embeddable":true,"href":"http:\/\/heavymetalonline.com.br\/index.php?rest_route=%2Fwp%2Fv2%2Ftags&post=9545"}],"curies":[{"name":"wp","href":"https:\/\/api.w.org\/{rel}","templated":true}]}}