{"id":13843,"date":"2018-08-22T13:48:53","date_gmt":"2018-08-22T13:48:53","guid":{"rendered":"http:\/\/heavymetalonline.com.br\/?p=13843"},"modified":"2018-08-22T13:48:53","modified_gmt":"2018-08-22T13:48:53","slug":"warrel-dane-redetv-sonoridades-entrevista-a-banda-que-gravou-o-disco-postumo-do-vocalista","status":"publish","type":"post","link":"https:\/\/heavymetalonline.com.br\/?p=13843","title":{"rendered":"Warrel Dane: RedeTV! Sonoridades entrevista a banda que gravou o disco p\u00f3stumo do vocalista"},"content":{"rendered":"<p style=\"text-align: justify;\">A segunda temporada do programa RedeTV! Sonoridades segue firme com grandes entrevistados do cen\u00e1rio musical brasileiro e mundial. Nesta ter\u00e7a-feira (14\/08), \u00e0s 14h, a banda que acompanhou Warrel Dane at\u00e9 o fim da vida foi a entrevistada da vez.<\/p>\n<p style=\"text-align: justify;\">O grupo que tem entre os integrantes os guitarristas Thiago Oliveira (Confessori, Isa Nielsen) e Johnny Moraes (Hevilan, Pastore), o baixista Fabio Carito (Warrel Dane, Pastore, Instincted) e o baterista Marcus Dotta (Vikram) conversou com os apresentadores Maur\u00edcio \u201cJava\u201d Varnum Carvalho e Gabriela di Fran\u00e7a sobre o disco \u201cShadow Work\u201d, trabalho p\u00f3stumo do cantor Warrel Dane.<\/p>\n<p style=\"text-align: justify;\">Al\u00e9m de falarem dos bastidores do trabalho, os m\u00fasicos relembravam a conviv\u00eancia com o ex-frontman do Nevermore, entre outras curiosidades, num bate-papo imperd\u00edvel para os f\u00e3s de Warrel.<\/p>\n<p>A \u00edntegra voc\u00ea confere no v\u00eddeo:<\/p>\n<p><iframe loading=\"lazy\" src=\"https:\/\/www.youtube.com\/embed\/U8dw7rDsICI\" width=\"560\" height=\"315\" frameborder=\"0\" allowfullscreen=\"allowfullscreen\"><\/iframe><\/p>\n<p>O RedeTV! Sonoridades \u00e9 transmitido no Facebook e no YouTube da RedeTV!. S\u00e3o quase 5 milh\u00f5es de inscritos e \u00e9 o segundo maior entre as TVs abertas do Brasil.<\/p>\n<p>Apresentado por ele \u00e9 exibido sempre \u00e0s ter\u00e7as-feiras, a partir das 14 horas:<\/p>\n<p><a href=\"https:\/\/www.facebook.com\/REDETV\">https:\/\/www.facebook.com\/REDETV<\/a>.<\/p>\n","protected":false},"excerpt":{"rendered":"<p>A segunda temporada do programa RedeTV! Sonoridades segue firme com grandes entrevistados do cen\u00e1rio musical brasileiro e mundial.<\/p>\n","protected":false},"author":1,"featured_media":13844,"comment_status":"closed","ping_status":"open","sticky":false,"template":"","format":"standard","meta":{"footnotes":""},"categories":[4],"tags":[531],"class_list":["post-13843","post","type-post","status-publish","format-standard","has-post-thumbnail","hentry","category-noticias","tag-warrel-dane"],"_links":{"self":[{"href":"https:\/\/heavymetalonline.com.br\/index.php?rest_route=\/wp\/v2\/posts\/13843","targetHints":{"allow":["GET"]}}],"collection":[{"href":"https:\/\/heavymetalonline.com.br\/index.php?rest_route=\/wp\/v2\/posts"}],"about":[{"href":"https:\/\/heavymetalonline.com.br\/index.php?rest_route=\/wp\/v2\/types\/post"}],"author":[{"embeddable":true,"href":"https:\/\/heavymetalonline.com.br\/index.php?rest_route=\/wp\/v2\/users\/1"}],"replies":[{"embeddable":true,"href":"https:\/\/heavymetalonline.com.br\/index.php?rest_route=%2Fwp%2Fv2%2Fcomments&post=13843"}],"version-history":[{"count":1,"href":"https:\/\/heavymetalonline.com.br\/index.php?rest_route=\/wp\/v2\/posts\/13843\/revisions"}],"predecessor-version":[{"id":13845,"href":"https:\/\/heavymetalonline.com.br\/index.php?rest_route=\/wp\/v2\/posts\/13843\/revisions\/13845"}],"wp:featuredmedia":[{"embeddable":true,"href":"https:\/\/heavymetalonline.com.br\/index.php?rest_route=\/wp\/v2\/media\/13844"}],"wp:attachment":[{"href":"https:\/\/heavymetalonline.com.br\/index.php?rest_route=%2Fwp%2Fv2%2Fmedia&parent=13843"}],"wp:term":[{"taxonomy":"category","embeddable":true,"href":"https:\/\/heavymetalonline.com.br\/index.php?rest_route=%2Fwp%2Fv2%2Fcategories&post=13843"},{"taxonomy":"post_tag","embeddable":true,"href":"https:\/\/heavymetalonline.com.br\/index.php?rest_route=%2Fwp%2Fv2%2Ftags&post=13843"}],"curies":[{"name":"wp","href":"https:\/\/api.w.org\/{rel}","templated":true}]}}