{"id":16639,"date":"2020-10-02T19:42:45","date_gmt":"2020-10-02T19:42:45","guid":{"rendered":"http:\/\/heavymetalonline.com.br\/?p=16639"},"modified":"2020-10-02T19:49:37","modified_gmt":"2020-10-02T19:49:37","slug":"rage-in-my-eyes-relembrando-o-show-com-o-maiden-em-live-e-participacao-no-bode-metal-fest","status":"publish","type":"post","link":"https:\/\/heavymetalonline.com.br\/?p=16639","title":{"rendered":"Rage In My Eyes: Relembrando o show com o Maiden em live e participa\u00e7\u00e3o no Bode Metal Fest"},"content":{"rendered":"<p style=\"font-weight: 400; text-align: justify;\">Os pr\u00f3ximos dias ser\u00e3o de intensa movimenta\u00e7\u00e3o para a banda ga\u00facha\u00a0RAGE IN MY EYES.\u00a0No s\u00e1bado, 03\/10, a banda participar\u00e1 da primeira edi\u00e7\u00e3o do\u00a0Bode Metal Fest, que ser\u00e1 realizado pelo canal hom\u00f4nimo seguinte endere\u00e7o:\u00a0https:\/\/bit.ly\/2FAd6lW. A primeira noite do evento contar\u00e1 ainda com bandas como\u00a0Age of Artemis, Lyria, Caravellus, Silent Cry, Dark Valley\u00a0e diversas outras atra\u00e7\u00f5es. E no domingo o evento tamb\u00e9m contar\u00e1 com um cast de respeito. Para o baterista\u00a0Francis Cassol,\u00a0\u201cter recebido o convite do Bode foi uma grande honra, pois admiramos seu empenho com o Metal nacional e participar desta primeira edi\u00e7\u00e3o do evento marcar\u00e1 tamb\u00e9m nossa estreia em um festival online, que acreditamos ser uma chance de as bandas continuarem produzindo material nestes tempos sombrios em que vivemos com a pandemia\u201d.<\/p>\n<p><img loading=\"lazy\" decoding=\"async\" class=\"alignnone wp-image-16641\" src=\"http:\/\/heavymetalonline.com.br\/wp-content\/uploads\/2020\/10\/Bode-Metal-Fest-300x293.jpg\" alt=\"\" width=\"324\" height=\"316\" srcset=\"https:\/\/heavymetalonline.com.br\/wp-content\/uploads\/2020\/10\/Bode-Metal-Fest-300x293.jpg 300w, https:\/\/heavymetalonline.com.br\/wp-content\/uploads\/2020\/10\/Bode-Metal-Fest.jpg 750w\" sizes=\"auto, (max-width: 324px) 100vw, 324px\" \/><\/p>\n<p style=\"font-weight: 400; text-align: justify;\">Confirme participa\u00e7\u00e3o no evento:<\/p>\n<p style=\"font-weight: 400; text-align: justify;\"><a href=\"https:\/\/www.facebook.com\/events\/670877396883835\/\">https:\/\/www.facebook.com\/events\/670877396883835\/<\/a><\/p>\n<p style=\"font-weight: 400; text-align: justify;\">Al\u00e9m disso,\u00a0Jonathas Pozo\u00a0(vocal),\u00a0Magnus Wichmann\u00a0e\u00a0Leo Nunes\u00a0(guitarras),\u00a0Pedro Fauth\u00a0(baixo) e\u00a0Francis Cassol\u00a0(bateria) tamb\u00e9m agendaram uma live especial para o dia 09\/10, quando completar\u00e1 um ano da abertura para o show do\u00a0Iron Maiden\u00a0em Porto Alegre. O show hist\u00f3rico na Arena do Gr\u00eamio com certeza ser\u00e1 relembrado por muitos e muitos anos, como conta\u00a0Pedro Fauth:\u00a0\u201cGostar\u00edamos de celebrar esta data com um show de verdade, cara a cara no palco, mas, nos reuniremos online para relembrar o show, que \u00e9 celebrado por dois motivos: foi o primeiro show do\u00a0\u201cIce Cell\u201d, e claro, dividir o palco com o lend\u00e1rio\u00a0Maiden, uma das nossas maiores influ\u00eancias!\u201d.\u00a0A live ser\u00e1 realizada na sexta, 09\/10, a partir das 17h no canal do Youtube da banda, em\u00a0https:\/\/www.youtube.com\/RageInMyEyes. E para relembrar o show, assista ao v\u00eddeo clipe de\u00a0\u201cHole in the Shell\u201d, que cont\u00e9m algumas cenas gravadas pelos pr\u00f3prios f\u00e3s na abertura para o\u00a0Iron Maiden\u00a0e foi produzido por\u00a0Marcelo Melo Pereira.<\/p>\n<p style=\"font-weight: 400; text-align: justify;\">Ou\u00e7a \u201cIce Cell\u201d no Spotify:<\/p>\n<p style=\"font-weight: 400; text-align: justify;\"><a href=\"https:\/\/open.spotify.com\/album\/2BtduBVMyoLJYIMf6LhfH8\">https:\/\/open.spotify.com\/album\/2BtduBVMyoLJYIMf6LhfH8<\/a><\/p>\n<p style=\"font-weight: 400; text-align: justify;\">Assista ao v\u00eddeo clipe de \u201cHole in the Shell\u201d:<\/p>\n<p style=\"font-weight: 400; text-align: justify;\"><a href=\"https:\/\/www.youtube.com\/watch?v=qUAd5CRGUpY\">https:\/\/www.youtube.com\/watch?v=qUAd5CRGUpY<\/a><\/p>\n<p style=\"font-weight: 400; text-align: justify;\">Contatos:<\/p>\n<p style=\"font-weight: 400; text-align: justify;\">Site:\u00a0<a href=\"http:\/\/www.rageinmyeyes.com\">www.rageinmyeyes.com<\/a><\/p>\n<p style=\"font-weight: 400; text-align: justify;\">Youtube:\u00a0<a href=\"https:\/\/www.youtube.com\/RageInMyEyes\">https:\/\/www.youtube.com\/RageInMyEyes<\/a><\/p>\n<p style=\"font-weight: 400; text-align: justify;\">Facebook:\u00a0<a href=\"http:\/\/www.facebook.com\/rageinmyeyes\">http:\/\/www.facebook.com\/rageinmyeyes<\/a><\/p>\n<p style=\"font-weight: 400; text-align: justify;\">Instagram:\u00a0<a href=\"http:\/\/www.instagram.com\/rageinmyeyes\">http:\/\/www.instagram.com\/rageinmyeyes<\/a><\/p>\n","protected":false},"excerpt":{"rendered":"<p>Os pr\u00f3ximos dias ser\u00e3o de intensa movimenta\u00e7\u00e3o para a banda ga\u00facha\u00a0RAGE IN MY EYES.\u00a0No s\u00e1bado, 03\/10, a banda participar\u00e1 da primeira edi\u00e7\u00e3o do\u00a0Bode Metal Fest, que ser\u00e1 realizado pelo canal hom\u00f4nimo seguinte endere\u00e7o:\u00a0https:\/\/bit.ly\/2FAd6lW. A primeira noite do evento contar\u00e1 ainda com bandas como\u00a0Age of Artemis, Lyria, Caravellus, Silent Cry, Dark Valley\u00a0e diversas outras atra\u00e7\u00f5es. E [&hellip;]<\/p>\n","protected":false},"author":12,"featured_media":16640,"comment_status":"closed","ping_status":"open","sticky":false,"template":"","format":"standard","meta":{"footnotes":""},"categories":[17,60,538,53,231,4],"tags":[],"class_list":["post-16639","post","type-post","status-publish","format-standard","has-post-thumbnail","hentry","category-anuncios","category-bandas-pelo-mundo","category-destaques","category-especiais","category-minuto-metal","category-noticias"],"_links":{"self":[{"href":"https:\/\/heavymetalonline.com.br\/index.php?rest_route=\/wp\/v2\/posts\/16639","targetHints":{"allow":["GET"]}}],"collection":[{"href":"https:\/\/heavymetalonline.com.br\/index.php?rest_route=\/wp\/v2\/posts"}],"about":[{"href":"https:\/\/heavymetalonline.com.br\/index.php?rest_route=\/wp\/v2\/types\/post"}],"author":[{"embeddable":true,"href":"https:\/\/heavymetalonline.com.br\/index.php?rest_route=\/wp\/v2\/users\/12"}],"replies":[{"embeddable":true,"href":"https:\/\/heavymetalonline.com.br\/index.php?rest_route=%2Fwp%2Fv2%2Fcomments&post=16639"}],"version-history":[{"count":2,"href":"https:\/\/heavymetalonline.com.br\/index.php?rest_route=\/wp\/v2\/posts\/16639\/revisions"}],"predecessor-version":[{"id":16643,"href":"https:\/\/heavymetalonline.com.br\/index.php?rest_route=\/wp\/v2\/posts\/16639\/revisions\/16643"}],"wp:featuredmedia":[{"embeddable":true,"href":"https:\/\/heavymetalonline.com.br\/index.php?rest_route=\/wp\/v2\/media\/16640"}],"wp:attachment":[{"href":"https:\/\/heavymetalonline.com.br\/index.php?rest_route=%2Fwp%2Fv2%2Fmedia&parent=16639"}],"wp:term":[{"taxonomy":"category","embeddable":true,"href":"https:\/\/heavymetalonline.com.br\/index.php?rest_route=%2Fwp%2Fv2%2Fcategories&post=16639"},{"taxonomy":"post_tag","embeddable":true,"href":"https:\/\/heavymetalonline.com.br\/index.php?rest_route=%2Fwp%2Fv2%2Ftags&post=16639"}],"curies":[{"name":"wp","href":"https:\/\/api.w.org\/{rel}","templated":true}]}}