{"id":16903,"date":"2021-01-14T13:30:28","date_gmt":"2021-01-14T13:30:28","guid":{"rendered":"http:\/\/heavymetalonline.com.br\/?p=16903"},"modified":"2021-01-14T13:30:28","modified_gmt":"2021-01-14T13:30:28","slug":"sinaya-anuncia-detalhes-das-gravacoes-de-seu-novo-album","status":"publish","type":"post","link":"https:\/\/heavymetalonline.com.br\/?p=16903","title":{"rendered":"Sinaya anuncia detalhes das grava\u00e7\u00f5es de seu novo \u00e1lbum"},"content":{"rendered":"<p style=\"text-align: justify;\">A banda Sinaya anunciou detalhes do novo \u00e1lbum; as grava\u00e7\u00f5es ter\u00e3o in\u00edcio no dia 19\/04, e o est\u00fadio escolhido \u00e9 o moderno Est\u00fadio Fus\u00e3o do vocalista e produtor Thiago Bianchi (Noturnall e ex-Shaman), que assinou trabalhos do Angra, Shaman, Edu Ardanuy, Rafael Bittencourt, Tuatha de Danann, entre outros. A banda ficar\u00e1 confinada no est\u00fadio durante todo o per\u00edodo das grava\u00e7\u00f5es.<\/p>\n<p>A masteriza\u00e7\u00e3o e mixagem ser\u00e1 de Brendan Duffey (Calif\u00f3rnia), respons\u00e1vel por trabalhos com Kiko Loureiro, Angra, Andre Matos, Billy Sheehan, Dr. Sin, entre outros.<\/p>\n<p>O disco ter\u00e1 uma participa\u00e7\u00e3o especial, que ser\u00e1 anunciada em breve.<\/p>\n<p>A vocalista e guitarrista Mylena M\u00f4naco falou sobre as escolhas para o novo \u00e1lbum: &#8221;Escolhemos um est\u00fadio que a gente pudesse focar e nos dedicar 100% na grava\u00e7\u00e3o, sem outras pessoas e situa\u00e7\u00f5es que dispersassem a nossa aten\u00e7\u00e3o. \u00c9 o que muita banda grande faz l\u00e1 fora. Vamos ficar juntos trabalhando aproximadamente 12 dias, focados somente em gravar e na nossa conviv\u00eancia. Estamos muito felizes em poder trabalhar com o Thiago e o Brendan, s\u00e3o duas pessoas com um conhecimento gigantesco em Metal e super necess\u00e1rios na evolu\u00e7\u00e3o da Sinaya para esse \u00e1lbum. As m\u00fasicas novas est\u00e3o com outra cara e podemos garantir muita porrada por a\u00ed.&#8221;<\/p>\n<p style=\"text-align: justify;\"><img loading=\"lazy\" decoding=\"async\" class=\"alignnone size-medium wp-image-16904\" src=\"http:\/\/heavymetalonline.com.br\/wp-content\/uploads\/2021\/01\/Brendan-300x225.jpg\" alt=\"\" width=\"300\" height=\"225\" srcset=\"https:\/\/heavymetalonline.com.br\/wp-content\/uploads\/2021\/01\/Brendan-300x225.jpg 300w, https:\/\/heavymetalonline.com.br\/wp-content\/uploads\/2021\/01\/Brendan-768x576.jpg 768w, https:\/\/heavymetalonline.com.br\/wp-content\/uploads\/2021\/01\/Brendan-1024x768.jpg 1024w\" sizes=\"auto, (max-width: 300px) 100vw, 300px\" \/><\/p>\n<p>Os detalhes poder\u00e3o ser acompanhados pelas redes sociais da banda, j\u00e1 que diariamente ser\u00e3o postadas algumas partes do processo.<\/p>\n<p>Informa\u00e7\u00f5es sobre t\u00edtulo, capa, e outros detalhes, ser\u00e3o divulgados muito em breve.<\/p>\n<p>A banda continua com a campanha pra quem quiser e puder contribuir com sua hist\u00f3ria, atrav\u00e9s do link:\u00a0<a href=\"http:\/\/vaka.me\/1459374\">http:\/\/vaka.me\/1459374<\/a>\u00a0com a doa\u00e7\u00e3o de qualquer valor. O valor arrecadado ser\u00e1 empregado na grava\u00e7\u00e3o deste novo \u00e1lbum.<\/p>\n<p>A forma\u00e7\u00e3o da Sinaya traz Mylena M\u00f4naco (vocais e guitarra), Helena Nagagata (guitarra), Eric Akune (baixo) e Jana\u00edna Melo (bateria).<\/p>\n<p>Acompanhe a Sinaya em seus canais oficiais:<br \/>\n<a href=\"http:\/\/www.facebook.com\/sinayaofficial\">www.facebook.com\/sinayaofficial<\/a><br \/>\n<a href=\"http:\/\/www.instagram.com\/sinayaofficial\/\">www.instagram.com\/sinayaofficial\/<\/a><br \/>\n<a href=\"http:\/\/www.youtube.com\/user\/sinayathrash\">www.youtube.com\/user\/sinayathrash<\/a><br \/>\n<a href=\"http:\/\/www.sinayaofficial.com\">www.sinayaofficial.com<\/a><\/p>\n","protected":false},"excerpt":{"rendered":"<p>A banda Sinaya anunciou detalhes do novo \u00e1lbum; as grava\u00e7\u00f5es ter\u00e3o in\u00edcio no dia 19\/04, e o est\u00fadio escolhido \u00e9 o moderno Est\u00fadio Fus\u00e3o do vocalista e produtor Thiago Bianchi (Noturnall e ex-Shaman), que assinou trabalhos do Angra, Shaman, Edu Ardanuy, Rafael Bittencourt, Tuatha de Danann, entre outros. A banda ficar\u00e1 confinada no est\u00fadio durante [&hellip;]<\/p>\n","protected":false},"author":12,"featured_media":16906,"comment_status":"closed","ping_status":"open","sticky":false,"template":"","format":"standard","meta":{"footnotes":""},"categories":[60,9,89,231,59,4,86],"tags":[],"class_list":["post-16903","post","type-post","status-publish","format-standard","has-post-thumbnail","hentry","category-bandas-pelo-mundo","category-contato","category-fatos-marcantes","category-minuto-metal","category-na-mira","category-noticias","category-outros"],"_links":{"self":[{"href":"https:\/\/heavymetalonline.com.br\/index.php?rest_route=\/wp\/v2\/posts\/16903","targetHints":{"allow":["GET"]}}],"collection":[{"href":"https:\/\/heavymetalonline.com.br\/index.php?rest_route=\/wp\/v2\/posts"}],"about":[{"href":"https:\/\/heavymetalonline.com.br\/index.php?rest_route=\/wp\/v2\/types\/post"}],"author":[{"embeddable":true,"href":"https:\/\/heavymetalonline.com.br\/index.php?rest_route=\/wp\/v2\/users\/12"}],"replies":[{"embeddable":true,"href":"https:\/\/heavymetalonline.com.br\/index.php?rest_route=%2Fwp%2Fv2%2Fcomments&post=16903"}],"version-history":[{"count":1,"href":"https:\/\/heavymetalonline.com.br\/index.php?rest_route=\/wp\/v2\/posts\/16903\/revisions"}],"predecessor-version":[{"id":16907,"href":"https:\/\/heavymetalonline.com.br\/index.php?rest_route=\/wp\/v2\/posts\/16903\/revisions\/16907"}],"wp:featuredmedia":[{"embeddable":true,"href":"https:\/\/heavymetalonline.com.br\/index.php?rest_route=\/wp\/v2\/media\/16906"}],"wp:attachment":[{"href":"https:\/\/heavymetalonline.com.br\/index.php?rest_route=%2Fwp%2Fv2%2Fmedia&parent=16903"}],"wp:term":[{"taxonomy":"category","embeddable":true,"href":"https:\/\/heavymetalonline.com.br\/index.php?rest_route=%2Fwp%2Fv2%2Fcategories&post=16903"},{"taxonomy":"post_tag","embeddable":true,"href":"https:\/\/heavymetalonline.com.br\/index.php?rest_route=%2Fwp%2Fv2%2Ftags&post=16903"}],"curies":[{"name":"wp","href":"https:\/\/api.w.org\/{rel}","templated":true}]}}