{"id":16983,"date":"2021-04-16T17:24:41","date_gmt":"2021-04-16T17:24:41","guid":{"rendered":"http:\/\/heavymetalonline.com.br\/?p=16983"},"modified":"2021-04-16T17:24:41","modified_gmt":"2021-04-16T17:24:41","slug":"edu-falaschi-conheca-as-10-participacoes-especiais-no-album-vera-cruz","status":"publish","type":"post","link":"https:\/\/heavymetalonline.com.br\/?p=16983","title":{"rendered":"Edu Falaschi: conhe\u00e7a as 10 participa\u00e7\u00f5es especiais no \u00e1lbum \u201cVera Cruz\u201d"},"content":{"rendered":"<p style=\"text-align: justify;\">Aproximando-se do lan\u00e7amento de seu primeiro \u00e1lbum autoral, \u201cVera Cruz\u201d, o cantor e compositor Edu Falaschi apresenta todas as participa\u00e7\u00f5es especiais do disco e coment\u00e1rio sobre cada uma delas. O \u00e1lbum ser\u00e1 lan\u00e7ado no m\u00eas de Maio de 2021 pela MS Metal Records.<\/p>\n<p><strong>Edu Falaschi comenta:<\/strong><\/p>\n<p><em>\u201cEsse \u00e9 certamente um dos discos mais importantes da minha carreira, um \u00e1lbum que marca o in\u00edcio de uma nova era na minha hist\u00f3ria como m\u00fasico profissional e como artista solo. Com m\u00fasicas e t\u00e9cnica vocal que resgatam minhas principais caracter\u00edsticas da qual a maioria dos f\u00e3s me conheceu no in\u00edcio dos anos 2000, principalmente nos meus trabalhos no Symbols e Rebirth, venho com o Vera Cruz dar continuidade a essa hist\u00f3ria, com um disco conceitual, uma mistura de fic\u00e7\u00e3o, romance e fatos e que acontece durante o per\u00edodo de descobrimento do Brasil! Nesse contexto ent\u00e3o, eu decidi convidar \u00fanica e exclusivamente artista do Brasileiros, alguns de renome internacional, mas que representam legitimamente nossa brasilidade<\/em><\/p>\n<p><strong>Assista v\u00eddeo de apresenta\u00e7\u00e3o dos convidados<\/strong>: <a href=\"https:\/\/youtu.be\/4-8ZqgtnwcY\">\u00a0https:\/\/youtu.be\/4-8ZqgtnwcY<\/a><\/p>\n<p><strong>1 \u2013 Max Cavalera:<\/strong><br \/>\n<em>\u201c\u00c9 imensamente emocionante poder trabalhar e ter a honra de contar com a voz de um dos maiores \u00eddolos do Heavy Metal mundial, me lembro de ter escutado o Sepultura no seu in\u00edcio e de pensar o quanto aqueles caras eram diferenciados, amo toda a hist\u00f3ria da banda e tamb\u00e9m os trabalhos mais recentes do Max, mas a voz e o carisma dele me remetem a um tempo muito especial do metal e da minha vida, ent\u00e3o esse fator emocional conta muito para minha eterna gratid\u00e3o e felicidade em poder ter seu talento num disco t\u00e3o importante para mim\u201d.<\/em><\/p>\n<p><strong>2 \u2013 Elba Ramalho:<\/strong><br \/>\n<em>\u201cElba Ramalho \u00e9 uma das minhas grandes inspira\u00e7\u00f5es e influ\u00eancias. Uma artista refinada e de extrema import\u00e2ncia. Sua hist\u00f3ria e sua obra s\u00e3o um tesouro nacional. Suas ra\u00edzes est\u00e3o fortemente impressas na melodia e arranjos dessa can\u00e7\u00e3o. Eu n\u00e3o poderia estar mais feliz e ansioso para mostrar a voc\u00eas essa linda uni\u00e3o!\u201d<\/em><\/p>\n<p><strong>3 \u2013 Dennis Ward:<\/strong><br \/>\n<em>\u201cPoder trabalhar, eu e o Aquiles, com o mega produtor Dennis Ward novamente \u00e9 extremamente emocionante, ter essa verdadeira lenda a encargo da mixagem e masteriza\u00e7\u00e3o do Vera Cruz, me traz muitas lindas recorda\u00e7\u00f5es e ele sabe exatamente o que eu gosto em termos de sonoridade, sem contar que ele tem um bom gosto ultra refinado, o que contribuiu diretamente para um resultado maravilhoso! Um disco robusto, cristalino, com uma qualidade de \u00e1udio impressionante!\u201d<\/em><\/p>\n<p><strong>4 \u2013 Tito Falaschi:<\/strong><br \/>\n<em>\u201cTito Falaschi, meu irm\u00e3o, sempre foi conhecido por seu talento absurdo como multi-instrumentista, um dia ele me mandou uma das demos com um solo de guitarra apenas para preencher a parte instrumental, o solo \u00e9 t\u00e3o perfeito para a m\u00fasica que n\u00e3o tinha como ser outro! Ele gravou um lindo solo de guitarra na m\u00fasica Bonfire of The Vanities, al\u00e9m de fazer parte do n\u00facleo de p\u00f3s-produ\u00e7\u00e3o do disco! Uma honra e orgulho sem tamanho em ter meu irm\u00e3o como parte desse trabalho\u201d<\/em><\/p>\n<p><strong>5 \u2013 Pablo Greg:<\/strong><br \/>\n<em>\u201cComo um presente divino, tive a oportunidade de conhecer na hora certa um dos mais talentosos m\u00fasicos que j\u00e1 trabalhe! Produtor musical, arranjador, compositor, multi-instrumentista, ele foi respons\u00e1vel pelas maravilhosas orquestra\u00e7\u00f5es de todas as m\u00fasicas do \u00e1lbum e \u00e9 autor das duas Intros, Burden e Frol De La Mar, Greg colocou sua alma nesse projeto e isso me emociona muito!\u201d<\/em><\/p>\n<p><strong>6 \u2013 Federico Puppi:<\/strong><br \/>\n<em>\u201cConhecido pelo seu jeito \u00fanico de tocar, j\u00e1 se apresentou com grandes artistas como Gilberto Gil, Ana Carolina, P\u00e9ricles, Diogo Nogueira, Tiago Iorq, S\u00e9rgio Mendes (album \u201cMagic\u201d, nominado ao Grammy 2014), Jorge Israel, Paula Toller, Roberta S\u00e1, esse monstro do mundo dos graves, Federico Puppi, cravou seu talento nas M\u00fasicas Rainha do Luar e Bonfire of Vanities, com uma linha mel\u00f3dica maravilhosa que elevou as m\u00fasicas para um n\u00edvel muito alto!\u201d<\/em><\/p>\n<p><strong>7 \u2013 Tiago Mineiro:<\/strong><br \/>\n<em>Tiago Mineiro, meu grande amigo e companheiro dos meus trabalhos ac\u00fasticos, gravou as linhas de pianos nas m\u00fasicas Land Ahoy e Rainha do Luar. J\u00e1 tocou com grandes artistas da MPB, mas recentemente com a lenda Wagner Tiso! Sua maneira de construir as harmonias e melodias de piano sempre me encantaram, seu estilo refinado traz a linguagem do Jazz com a brasilidade que eu precisava! Genial!\u201d<\/em><\/p>\n<p><strong>8 \u2013 Maestro Adriano Machado:<\/strong><br \/>\n<em>Meu querido amigo Adriano Machado, j\u00e1 conhecido por ser respons\u00e1vel pelos arranjos e parte da reg\u00eancia do meu DVD Temple of Shadows in Concert, mais uma vez me deu a honra de contar com sua genialidade! Eu precisava de um arranjo de quarteto de cordas que fosse fora da curva e ele tirou de letra, fez um trabalho brilhante! Grande Maestro, com uma hist\u00f3ria gigante, tocou com mega artistas que vai do pop, erudito, trilha de filmes e o rock! Sua versatilidade \u00e9 assustadora!<\/em><\/p>\n<p><strong>9 \u2013 Rafael Menin\u00e3o:<\/strong><br \/>\n<em>Rafael Menin\u00e3o foi respons\u00e1vel pela Sanfona de Rainha do Luar! Um dia ap\u00f3s a sonhada confirma\u00e7\u00e3o de Elba, pensei por dias que seria lindo ter um instrumento que representasse fortemente o Nordeste! N\u00e3o me enganei! O resultado tr\u00e1s aquela nostalgia gostosa dos tempos de Luis Gonzaga, essa m\u00fasica mexe muito comigo! Existe uma alma exposta e latente nessa can\u00e7\u00e3o!<\/em><\/p>\n<p><strong>10 \u2013 Cor all:<\/strong><br \/>\n<em>Durante as grava\u00e7\u00f5es dos corais, numa brincadeira em meio a tantos momentos divertidos eu, Bianchi, Mi, Raissa e Fabio Caldeira, batizamos o coral de \u201cCor All\u201d uma refer\u00eancia aos cora\u00e7\u00f5es de todos n\u00f3s que estavam mergulhados nesse projeto! Eu jamais vou ter palavras para agradecer o carinho e dedica\u00e7\u00e3o que essas pessoas empregaram no Vera Cruz! Um \u00e1lbum feito com o amor, amizade, verdade, seriedade e dedica\u00e7\u00e3o que os f\u00e3s merecem!\u201d<\/em><br \/>\n<img loading=\"lazy\" decoding=\"async\" class=\"alignnone size-medium wp-image-16985\" src=\"http:\/\/heavymetalonline.com.br\/wp-content\/uploads\/2021\/04\/original_COVER-FULL-EDU-FALASCHI-web-300x300.jpg\" alt=\"\" width=\"300\" height=\"300\" srcset=\"https:\/\/heavymetalonline.com.br\/wp-content\/uploads\/2021\/04\/original_COVER-FULL-EDU-FALASCHI-web-300x300.jpg 300w, https:\/\/heavymetalonline.com.br\/wp-content\/uploads\/2021\/04\/original_COVER-FULL-EDU-FALASCHI-web-500x500.jpg 500w, https:\/\/heavymetalonline.com.br\/wp-content\/uploads\/2021\/04\/original_COVER-FULL-EDU-FALASCHI-web-768x768.jpg 768w, https:\/\/heavymetalonline.com.br\/wp-content\/uploads\/2021\/04\/original_COVER-FULL-EDU-FALASCHI-web.jpg 1000w\" sizes=\"auto, (max-width: 300px) 100vw, 300px\" \/><br \/>\nOs f\u00e3s j\u00e1 podem garantir o lan\u00e7amento na pr\u00e9-venda com um kit exclusivo e limitado.O lan\u00e7amento do kit contar\u00e1 com um Digibook de capa dura, CD e DVD, livreto com o resumo da est\u00f3ria, letras, fotos, camiseta e caneca. Tudo vir\u00e1 dentro de uma caixa contextualizada e especial, al\u00e9m de estarem autografadas e com dedicat\u00f3ria personalizada do artista.<\/p>\n<p><strong>Tracklist de Vera Cruz:<\/strong><\/p>\n<p>01 \u2013 Burden<br \/>\n02 \u2013 The Ancestry<br \/>\n03 \u2013 Sea Of Uncertainties<br \/>\n04 \u2013 Skies In Your Eyes<br \/>\n05 \u2013 Frol De La Mar<br \/>\n06 \u2013 Crosses<br \/>\n07 \u2013 Land Ahoy<br \/>\n08 \u2013 Fire With Fire<br \/>\n09 \u2013 Mirror Of Delusion<br \/>\n10 \u2013 Bonfire Of The Vanities<br \/>\n11 \u2013 Face Of The Storm feat Max Cavalera<br \/>\n12 \u2013 Rainha do Luar feat Elba Ramalho<\/p>\n<p><strong>SOBRE O VERA CRUZ<\/strong><\/p>\n<p>Vera Cruz \u00e9 o nome do primeiro \u00e1lbum solo gravado com repert\u00f3rio in\u00e9dito por Edu Falaschi, cantor e compositor paulistano projetado nos anos 2000 como vocalista da banda Angra, na qual permaneceu at\u00e9 2012.<\/p>\n<p>O trabalho teve o in\u00edcio das grava\u00e7\u00f5es em novembro de 2020 no Rio de Janeiro e est\u00e1 sendo produzido por Edu Falaschi e Roberto Barros e co-produzido por Thiago Bianchi. O disco conta com a participa\u00e7\u00e3o dos mesmos companheiros de banda de Falaschi que o acompanham desde o in\u00edcio da carreira solo: Aquiles Priester, F\u00e1bio Laguna, Raphael Dafras, Roberto Barros e Diogo Mafra.<\/p>\n<p>\u00cdcone da m\u00fasica brasileira, Elba Ramalho, foi confirmada como a primeira convidada especial do \u00e1lbum \u201cVera Cruz\u201d e ir\u00e1 realizar um dueto mais do que especial com Edu Falaschi no novo disco. Refor\u00e7ando a lista dos convidados chega o lend\u00e1rio Max Cavalera (Soulfly \/ Cavalera Conspiracy \/ Killer Be Killed \/ Go Ahead and Die) que apresentou aos f\u00e3s o nome da primeiro t\u00edtulo do Vera Cruz, a faixa que ele participa chamada \u201cFace of the Storm\u201d.<\/p>\n<p>Ambientado entre Brasil e Portugal nos tempos do descobrimento da ilha de Vera Cruz pelos colonizadores lusitanos, o romance \u00e9 o mote da cria\u00e7\u00e3o do repert\u00f3rio autoral composto por Falaschi, o conceito das letras foi criado por Edu Falaschi e desenvolvido por Fabio Caldeira. As orquestra\u00e7\u00f5es do \u00e1lbum foram inicialmente idealizadas por Edu Falaschi e produzidas, criadas e finalizadas por Pablo Greg.<\/p>\n<p>O \u00e1lbum Vera Cruz ser\u00e1 mixado e masterizado na Europa pelo lend\u00e1rio produtor Dennis Ward (Angra, Helloween, Pink Cream 69, Unisonic). \u201cPoder estar com o Dennis novamente \u00e9 extremamente emocionante, estar com ele de novo me traz muitas lindas recorda\u00e7\u00f5es e ele sabe exatamente o que eu gosto em termos de sonoridade, sem contar que ele tem um bom gosto absurdo para mixagens\u201d, afirma Edu sobre trabalhar com o Dennis Ward.<\/p>\n<p><strong>Garanta sua c\u00f3pia<\/strong>:\u00a0<a href=\"https:\/\/www.4fan.com.br\/marca\/edu-falaschi.html\">https:\/\/www.4fan.com.br\/marca\/edu-falaschi.html<\/a><\/p>\n<p><strong>Links relacionados:<\/strong><br \/>\nSite Oficial:<a href=\"http:\/\/www.edufalaschi.com.br\/\">\u00a0http:\/\/www.edufalaschi.com.br\/<\/a><br \/>\nFacebook:\u00a0<a href=\"https:\/\/www.facebook.com\/edufalaschiofficialpage\/\">https:\/\/www.facebook.com\/edufalaschiofficialpage\/<\/a><br \/>\nInstagram: @edu_falaschi<br \/>\nTwitter:\u00a0<a href=\"https:\/\/twitter.com\/falaschioficial\">https:\/\/twitter.com\/falaschioficial<\/a><br \/>\nYoutube:\u00a0<a href=\"https:\/\/www.youtube.com\/edufalaschiofficial\">https:\/\/www.youtube.com\/edufalaschiofficial \u00a0<\/a><\/p>\n","protected":false},"excerpt":{"rendered":"<p>Aproximando-se do lan\u00e7amento de seu primeiro \u00e1lbum autoral, \u201cVera Cruz\u201d, o cantor e compositor Edu Falaschi apresenta todas as participa\u00e7\u00f5es especiais do disco e coment\u00e1rio sobre cada uma delas. O \u00e1lbum ser\u00e1 lan\u00e7ado no m\u00eas de Maio de 2021 pela MS Metal Records. Edu Falaschi comenta: \u201cEsse \u00e9 certamente um dos discos mais importantes da [&hellip;]<\/p>\n","protected":false},"author":12,"featured_media":16984,"comment_status":"closed","ping_status":"open","sticky":false,"template":"","format":"standard","meta":{"footnotes":""},"categories":[60,21,89,231,59,4,61,86],"tags":[],"class_list":["post-16983","post","type-post","status-publish","format-standard","has-post-thumbnail","hentry","category-bandas-pelo-mundo","category-clipes","category-fatos-marcantes","category-minuto-metal","category-na-mira","category-noticias","category-opiniao-de-peso","category-outros"],"_links":{"self":[{"href":"https:\/\/heavymetalonline.com.br\/index.php?rest_route=\/wp\/v2\/posts\/16983","targetHints":{"allow":["GET"]}}],"collection":[{"href":"https:\/\/heavymetalonline.com.br\/index.php?rest_route=\/wp\/v2\/posts"}],"about":[{"href":"https:\/\/heavymetalonline.com.br\/index.php?rest_route=\/wp\/v2\/types\/post"}],"author":[{"embeddable":true,"href":"https:\/\/heavymetalonline.com.br\/index.php?rest_route=\/wp\/v2\/users\/12"}],"replies":[{"embeddable":true,"href":"https:\/\/heavymetalonline.com.br\/index.php?rest_route=%2Fwp%2Fv2%2Fcomments&post=16983"}],"version-history":[{"count":1,"href":"https:\/\/heavymetalonline.com.br\/index.php?rest_route=\/wp\/v2\/posts\/16983\/revisions"}],"predecessor-version":[{"id":16986,"href":"https:\/\/heavymetalonline.com.br\/index.php?rest_route=\/wp\/v2\/posts\/16983\/revisions\/16986"}],"wp:featuredmedia":[{"embeddable":true,"href":"https:\/\/heavymetalonline.com.br\/index.php?rest_route=\/wp\/v2\/media\/16984"}],"wp:attachment":[{"href":"https:\/\/heavymetalonline.com.br\/index.php?rest_route=%2Fwp%2Fv2%2Fmedia&parent=16983"}],"wp:term":[{"taxonomy":"category","embeddable":true,"href":"https:\/\/heavymetalonline.com.br\/index.php?rest_route=%2Fwp%2Fv2%2Fcategories&post=16983"},{"taxonomy":"post_tag","embeddable":true,"href":"https:\/\/heavymetalonline.com.br\/index.php?rest_route=%2Fwp%2Fv2%2Ftags&post=16983"}],"curies":[{"name":"wp","href":"https:\/\/api.w.org\/{rel}","templated":true}]}}