{"id":17258,"date":"2022-05-09T19:37:40","date_gmt":"2022-05-09T19:37:40","guid":{"rendered":"http:\/\/heavymetalonline.com.br\/?p=17258"},"modified":"2022-05-09T19:37:40","modified_gmt":"2022-05-09T19:37:40","slug":"antes-de-turne-edu-falaschi-apresenta-videoclipe-de-the-ancestry","status":"publish","type":"post","link":"https:\/\/heavymetalonline.com.br\/?p=17258","title":{"rendered":"Antes de turn\u00ea, Edu Falaschi apresenta videoclipe de \u201cThe Ancestry\u201d"},"content":{"rendered":"<p style=\"text-align: justify;\">O vocalista Edu Falaschi apresenta o clipe in\u00e9dito do segundo v\u00eddeo extra\u00eddo do \u00e1lbum \u201cVera Cruz\u201d, lan\u00e7ado no exterior pela King Records e no Brasil pela MS Metal Records. Ao lado de Aquiles Priester (bateria), Fabio Laguna (teclados), Roberto Barros (guitarra), Diogo Mafra (guitarra) e Raphael Dafras (baixo), o vocalista contou com a dire\u00e7\u00e3o e edi\u00e7\u00e3o do diretor Alex Curi.<\/p>\n<p style=\"text-align: justify;\"><strong>Assista \u201cThe Ancestry\u201d<\/strong>:\u00a0<a href=\"https:\/\/youtu.be\/dcwDLOiSvLI\" target=\"_blank\" rel=\"noopener\">https:\/\/youtu.be\/dcwDLOiSvLI<\/a><\/p>\n<p style=\"text-align: justify;\"><strong>Edu Falaschi comentou sobre o videoclipe<\/strong>:<\/p>\n<p style=\"text-align: justify;\"><em>\u201c\u00c9 uma grande alegria poder realizar mais um clipe do \u00e1lbum VERA CRUZ! Dessa vez uma m\u00fasica r\u00e1pida e com uma energia incr\u00edvel para os f\u00e3s do som mais power metal! Mais uma vez contei com a garra dos meus amigos e parceiros de banda que me ajudaram a criar algo \u00fanico e especial! Vamos com tudo para a turn\u00ea! Espero que gostem do clipe! Vejo voc\u00eas nos shows!\u201d<\/em><\/p>\n<p style=\"text-align: justify;\">Esse clipe conta mais sobre o criador da Ordem da Cruz de Nero, parte do conceito do disco que tamb\u00e9m trata sobre temas como a descoberta do Brasil por Portugal. Sobre a hist\u00f3ria da m\u00fasica, o escritor Fabio Caldeira explica: \u201cPor volta do ano 1500, durante a era das Grandes Navega\u00e7\u00f5es, uma antiga profecia se concretiza com o nascimento de uma crian\u00e7a carregando em seu peito uma marca de nascen\u00e7a com o sinal de uma cruz! Seu nome \u00e9 Jorge, o escolhido. Criado em Portugal pela Ordem de Cristo, depois de muitas gera\u00e7\u00f5es ele \u00e9 o \u00faltimo descendente do criador de uma ordem secreta maligna chamada Ordem da Cruz de Nero e \u00e9 perseguido desde o nascimento pelo l\u00edder desta ordem maligna, o Bispo Negro. Protegido pelo seu tutor, Pedro \u00c1lvares Cabral, Jorge \u00e9 levado de Portugal onde poderia ser morto e acaba partindo numa grande aventura, descobrindo as belezas de um novo mundo, a Ilha de Vera Cruz, por\u00e9m infiltrados nas caravelas, soldados da Ordem da Cruz de Nero vieram tamb\u00e9m para o Brasil para evitar que a profecia se cumprisse. Num conto de amor, perigo e revela\u00e7\u00f5es, Jorge descobre sobre seu destino! Estaria Jorge realmente seguro?\u201c<\/p>\n<p style=\"text-align: justify;\">Al\u00e9m do clipe, Edu Falaschi executar\u00e1 na \u00edntegra dois \u00e1lbuns fundamentais de sua carreira em uma grande turn\u00ea: \u201cRebirth\u201d e \u201cVera Cruz\u201d. O p\u00fablico poder\u00e1 apreciar ao vivo e, pela primeira vez, todas as m\u00fasicas do \u201cVera Cruz\u201d, sucesso absoluto de vendas, streamings, cr\u00edtica e opini\u00e3o p\u00fablica. De b\u00f4nus, os f\u00e3s ainda contar\u00e3o com tr\u00eas membros originais dos tempos de \u201cRebirth\u201d, como o baterista Aquiles Priester, o tecladista Fabio Laguna, e claro, o pr\u00f3prio vocalista Edu Falaschi para uma oportunidade \u00fanica de celebrar os vinte anos de \u201cRebirth\u201d.<\/p>\n<p style=\"text-align: justify;\"><strong>Assista tamb\u00e9m ao curta da \u201cLand Ahoy\u201d, primeiro clipe de Vera Cruz<\/strong>:\u00a0<a href=\"https:\/\/youtu.be\/qW0T7Kg-Vrs\" target=\"_blank\" rel=\"noopener\">https:\/\/youtu.be\/qW0T7Kg-Vrs<\/a><\/p>\n<p style=\"text-align: justify;\"><strong>Datas da \u201cEdu Falaschi Vera Cruz Tour\u201d<\/strong>:<\/p>\n<p style=\"text-align: justify;\">06\/08 \u2013 Curitiba \u2013 \u00d3pera de Arame \u2013\u00a0<a href=\"https:\/\/www.bilheto.com.br\/evento\/750\/edufalaschi\" target=\"_blank\" rel=\"noopener\">https:\/\/www.bilheto.com.br\/evento\/750\/edufalaschi<\/a><br \/>\n07\/08 \u2013 Porto Alegre \u2013 Opini\u00e3o Bar \u2013<br \/>\n<a href=\"https:\/\/bileto.sympla.com.br\/event\/71962\/d\/129848\/s\/809745\" target=\"_blank\" rel=\"noopener\">https:\/\/bileto.sympla.com.br\/event\/71962\/d\/129848\/s\/809745<\/a><br \/>\n12\/08 \u2013 Fortaleza \u2013 Complexo Armaz\u00e9m \u2013<br \/>\n<a href=\"https:\/\/www.bilheto.com.br\/evento\/722\/Edu_Falaschi_-_Vera_Cruz_Tour_2022\" target=\"_blank\" rel=\"noopener\">https:\/\/www.bilheto.com.br\/evento\/722\/Edu_Falaschi_-_Vera_Cruz_Tour_2022<\/a><br \/>\n14\/08 \u2013 Recife \u2013 Clube Portugu\u00eas \u2013<br \/>\n<a href=\"https:\/\/www.bilheto.com.br\/evento\/715\/Edu_Falaschi_-_Vera_Cruz_Tour_2022\" target=\"_blank\" rel=\"noopener\">https:\/\/www.bilheto.com.br\/evento\/715\/Edu_Falaschi_-_Vera_Cruz_Tour_2022<\/a><br \/>\n19\/08 \u2013 Juiz de Fora \u2013 Cultural Bar \u2013<br \/>\n<a href=\"https:\/\/www.sympla.com.br\/evento\/edu-falaschi-live-jf-rock-city-tv--edu-falaschi-vera-cruz-tour--kyndra--shows-locais\/1556736\" target=\"_blank\" rel=\"noopener\">https:\/\/www.sympla.com.br\/evento\/edu-falaschi-live-jf-rock-city-tv\u2013edu-falaschi-vera-cruz-tour\u2013kyndra\u2013shows-locais\/1556736<\/a><br \/>\n20\/08 \u2013 Rio de Janeiro \u2013 Sacadura 154 \u2013<br \/>\n<a href=\"https:\/\/www.bilheto.com.br\/evento\/745\/Edu_Falaschi_-_Vera_Cruz_Tour_2022\" target=\"_blank\" rel=\"noopener\">https:\/\/www.bilheto.com.br\/evento\/745\/Edu_Falaschi_-_Vera_Cruz_Tour_2022<\/a><br \/>\n21\/08 \u2013 S\u00e3o Paulo \u2013 Tokio Marine Hall (antigo Tom Brasil) \u2013<br \/>\n<a href=\"https:\/\/www.eventim.com.br\/event\/edu-falaschi-tokio-marine-hall-tokio-marine-hall-15239495\/\" target=\"_blank\" rel=\"noopener\">https:\/\/www.eventim.com.br\/event\/edu-falaschi-tokio-marine-hall-tokio-marine-hall-15239495\/<\/a><br \/>\n26\/08 \u2013 Belo Horizonte \u2013 Mister Rock \u2013\u00a0<a href=\"https:\/\/centraldoseventos.com.br\/edu-falaschi-vera-cruz-tour-2022\" target=\"_blank\" rel=\"noopener\">https:\/\/centraldoseventos.com.br\/edu-falaschi-vera-cruz-tour-2022<\/a><\/p>\n<p style=\"text-align: justify;\"><strong>Outras informa\u00e7\u00f5es<\/strong>:<br \/>\n<a href=\"http:\/\/www.edufalaschi.com.br\/\" target=\"_blank\" rel=\"noopener\">http:\/\/www.edufalaschi.com.br\/<\/a><\/p>\n<p style=\"text-align: justify;\"><iframe loading=\"lazy\" title=\"YouTube video player\" src=\"https:\/\/www.youtube.com\/embed\/dcwDLOiSvLI\" width=\"560\" height=\"315\" frameborder=\"0\" allowfullscreen=\"allowfullscreen\" data-mce-fragment=\"1\"><\/iframe><\/p>\n","protected":false},"excerpt":{"rendered":"<p>O vocalista Edu Falaschi apresenta o clipe in\u00e9dito do segundo v\u00eddeo extra\u00eddo do \u00e1lbum \u201cVera Cruz\u201d, lan\u00e7ado no exterior pela King Records e no Brasil pela MS Metal Records. Ao lado de Aquiles Priester (bateria), Fabio Laguna (teclados), Roberto Barros (guitarra), Diogo Mafra (guitarra) e Raphael Dafras (baixo), o vocalista contou com a dire\u00e7\u00e3o e [&hellip;]<\/p>\n","protected":false},"author":12,"featured_media":17260,"comment_status":"closed","ping_status":"open","sticky":false,"template":"","format":"standard","meta":{"footnotes":""},"categories":[60,4,86],"tags":[],"class_list":["post-17258","post","type-post","status-publish","format-standard","has-post-thumbnail","hentry","category-bandas-pelo-mundo","category-noticias","category-outros"],"_links":{"self":[{"href":"https:\/\/heavymetalonline.com.br\/index.php?rest_route=\/wp\/v2\/posts\/17258","targetHints":{"allow":["GET"]}}],"collection":[{"href":"https:\/\/heavymetalonline.com.br\/index.php?rest_route=\/wp\/v2\/posts"}],"about":[{"href":"https:\/\/heavymetalonline.com.br\/index.php?rest_route=\/wp\/v2\/types\/post"}],"author":[{"embeddable":true,"href":"https:\/\/heavymetalonline.com.br\/index.php?rest_route=\/wp\/v2\/users\/12"}],"replies":[{"embeddable":true,"href":"https:\/\/heavymetalonline.com.br\/index.php?rest_route=%2Fwp%2Fv2%2Fcomments&post=17258"}],"version-history":[{"count":1,"href":"https:\/\/heavymetalonline.com.br\/index.php?rest_route=\/wp\/v2\/posts\/17258\/revisions"}],"predecessor-version":[{"id":17261,"href":"https:\/\/heavymetalonline.com.br\/index.php?rest_route=\/wp\/v2\/posts\/17258\/revisions\/17261"}],"wp:featuredmedia":[{"embeddable":true,"href":"https:\/\/heavymetalonline.com.br\/index.php?rest_route=\/wp\/v2\/media\/17260"}],"wp:attachment":[{"href":"https:\/\/heavymetalonline.com.br\/index.php?rest_route=%2Fwp%2Fv2%2Fmedia&parent=17258"}],"wp:term":[{"taxonomy":"category","embeddable":true,"href":"https:\/\/heavymetalonline.com.br\/index.php?rest_route=%2Fwp%2Fv2%2Fcategories&post=17258"},{"taxonomy":"post_tag","embeddable":true,"href":"https:\/\/heavymetalonline.com.br\/index.php?rest_route=%2Fwp%2Fv2%2Ftags&post=17258"}],"curies":[{"name":"wp","href":"https:\/\/api.w.org\/{rel}","templated":true}]}}