{"id":18829,"date":"2023-10-30T20:25:10","date_gmt":"2023-10-30T20:25:10","guid":{"rendered":"http:\/\/heavymetalonline.com.br\/?p=18829"},"modified":"2023-10-30T20:25:10","modified_gmt":"2023-10-30T20:25:10","slug":"rock-in-rio-anuncia-novidades-em-ano-de-celebracao-dos-seus-40-anos-de-historia","status":"publish","type":"post","link":"https:\/\/heavymetalonline.com.br\/?p=18829","title":{"rendered":"Rock in Rio anuncia novidades em ano de celebra\u00e7\u00e3o dos seus 40 anos de hist\u00f3ria"},"content":{"rendered":"<p><img loading=\"lazy\" decoding=\"async\" class=\"alignnone size-full wp-image-18832\" src=\"http:\/\/heavymetalonline.com.br\/wp-content\/uploads\/2023\/10\/sel.png\" alt=\"\" width=\"1000\" height=\"658\" srcset=\"https:\/\/heavymetalonline.com.br\/wp-content\/uploads\/2023\/10\/sel.png 1000w, https:\/\/heavymetalonline.com.br\/wp-content\/uploads\/2023\/10\/sel-300x197.png 300w, https:\/\/heavymetalonline.com.br\/wp-content\/uploads\/2023\/10\/sel-768x505.png 768w, https:\/\/heavymetalonline.com.br\/wp-content\/uploads\/2023\/10\/sel-230x150.png 230w\" sizes=\"auto, (max-width: 1000px) 100vw, 1000px\" \/><\/p>\n<p style=\"text-align: center;\"><em>Homenagem Especial aos 40 anos do evento no R\u00e9veillon de Copacabana, lan\u00e7amento de livro, exposi\u00e7\u00e3o imersiva e musical est\u00e3o entre as a\u00e7\u00f5es comemorativas. Um filme sobre grandes encontros estreia na m\u00eddia nacional nesta segunda-feira, 30 <\/em><\/p>\n<p id=\"viewer-evv69\" class=\"xVISr Y9Dpf bCMSCT OZy-3 _40ACk Ecq9kg bCMSCT public-DraftStyleDefault-block-depth0 fixed-tab-size public-DraftStyleDefault-text-ltr\"><span class=\"B2EFF public-DraftStyleDefault-ltr\">Uma celebra\u00e7\u00e3o de 40 anos a altura do evento que colocou o Brasil na rota da cena musical do mundo. Vai ter festa? Com certeza. Haver\u00e1 grandes nomes da m\u00fasica nacional e internacional? Sem d\u00favida alguma. Ser\u00e1 a maior edi\u00e7\u00e3o de todas j\u00e1 realizadas? Para o Rock in Rio n\u00e3o existe a possibilidade de a pr\u00f3xima edi\u00e7\u00e3o n\u00e3o ser a melhor de todas. Mas, como para quem viveu 1985, o ano em que tudo come\u00e7ou, esta foi a melhor edi\u00e7\u00e3o da hist\u00f3ria do festival, a organiza\u00e7\u00e3o do evento d\u00e1 in\u00edcio a um ano de magia e novas experi\u00eancias homenageando a origem de tudo. A partir de uma campanha embalada ao som de <strong>\u201cYou Are So Beautiful\u201d<\/strong>, de Joe Cocker, o Rock in Rio brinca entre o passado, o presente e o futuro para lan\u00e7ar <strong>\u201cRock in Rio 40 anos e para sempre\u201d<\/strong>, refor\u00e7ando que o maior festival de m\u00fasica e entretenimento do mundo est\u00e1 na mem\u00f3ria afetiva dos f\u00e3s e faz parte de suas vidas. No pr\u00f3ximo ano, o Rock in Rio vai celebrar quatro d\u00e9cadas de grandes encontros: entre artistas, a Cidade do Rock e seus f\u00e3s, entre amigos, fam\u00edlias, ritmos e g\u00eaneros musicais. E para 2024, o p\u00fablico pode come\u00e7ar sua contagem regressiva n\u00e3o apenas para a Cidade do Rock, mas para dias de festa ao longo do ano. A primeira delas acontece na virada do ano, em um dos principais r\u00e9veillons do mundo, o de Copacabana, quando o Rock in Rio ser\u00e1 homenageado nesta grande festa. O festival tamb\u00e9m anuncia uma exposi\u00e7\u00e3o interativa e imersiva contando seus 40 anos, al\u00e9m da publica\u00e7\u00e3o de um table book e um novo musical inspirado em toda sua trajet\u00f3ria. <\/span><\/p>\n<div data-hook=\"rcv-block4\"><\/div>\n<div id=\"viewer-ah7j4\" class=\"xVISr Y9Dpf bCMSCT OZy-3 _40ACk Ecq9kg bCMSCT public-DraftStyleDefault-block-depth0 fixed-tab-size public-DraftStyleDefault-text-ltr\"><span class=\"B2EFF public-DraftStyleDefault-ltr\">\u00a0<\/span><\/div>\n<div data-hook=\"rcv-block5\"><\/div>\n<p id=\"viewer-a36bu\" class=\"xVISr Y9Dpf bCMSCT OZy-3 _40ACk Ecq9kg bCMSCT public-DraftStyleDefault-block-depth0 fixed-tab-size public-DraftStyleDefault-text-ltr\"><span class=\"B2EFF public-DraftStyleDefault-ltr\">\u201c<em>Ser\u00e1 uma edi\u00e7\u00e3o m\u00e1gica. Nosso melhor artista nesta edi\u00e7\u00e3o ser\u00e1 nosso p\u00fablico. E sabe por qu\u00ea? Pois \u00e9 ele quem d\u00e1 o tom da festa, que celebra cada minuto dentro da Cidade do Rock, com fam\u00edlias inteiras, com av\u00f3s, pais e filhos. N\u00e3o \u00e0 toa mal abrimos as portas e ele (o p\u00fablico) corre como se n\u00e3o houvesse amanh\u00e3 para viver esta experi\u00eancia. S\u00e3o dias de paz, de harmonia e sobretudo de uni\u00e3o. A m\u00fasica tem este poder de unir e de transformar a vida das pessoas. Estamos preparando muitas novidades e elas come\u00e7am j\u00e1 na virada para 2024, quando o nosso Rock in Rio ser\u00e1 homenageado em um dos r\u00e9veillons mais emblem\u00e1ticos do mundo. Ser\u00e1 uma edi\u00e7\u00e3o de novas experi\u00eancias e hist\u00f3rias, como as que ou\u00e7o em cada nova edi\u00e7\u00e3o. Fazemos parte da vida de milhares de pessoas, assim como o p\u00fablico faz parte do festival. A cada edi\u00e7\u00e3o, a festa fica melhor e em 2024 vamos comemorar estas quatro d\u00e9cadas dentro e fora da Cidade do Rock. E vamos celebrar ao lado de quem nos ajudou a escrever cada cap\u00edtulo dessa hist\u00f3ria, os nossos f\u00e3s, que continuam vibrando da mesma forma que em 1985, agora trazendo filhos e netos, fazendo da Cidade do Rock um lugar ainda mais especial\u201d<\/em>, celebra Roberto Medina, idealizador do Rock in Rio e presidente da <strong>Rock World<\/strong>.<\/span><\/p>\n<div data-hook=\"rcv-block6\"><\/div>\n<div id=\"viewer-68q8j\" class=\"xVISr Y9Dpf bCMSCT OZy-3 _40ACk Ecq9kg bCMSCT public-DraftStyleDefault-block-depth0 fixed-tab-size public-DraftStyleDefault-text-ltr\"><span class=\"B2EFF public-DraftStyleDefault-ltr\">\u00a0<\/span><\/div>\n<div data-hook=\"rcv-block7\"><\/div>\n<p id=\"viewer-1r3g8\" class=\"xVISr Y9Dpf bCMSCT OZy-3 _40ACk Ecq9kg bCMSCT public-DraftStyleDefault-block-depth0 fixed-tab-size public-DraftStyleDefault-text-ltr\"><span class=\"B2EFF public-DraftStyleDefault-ltr\">O ano era 1984, quando este sonho come\u00e7ou a ser colocado de p\u00e9. Um festival de m\u00fasica, que nasce como uma campanha publicit\u00e1ria, deu voz a uma gera\u00e7\u00e3o, promoveu a cidade do Rio de Janeiro como destino tur\u00edstico, colocou o Brasil na rota dos shows internacionais e iluminou a plateia pela primeira vez. Nas d\u00e9cadas seguintes, ganhou o mundo \u2014 chegando a Lisboa (Portugal), onde \u00e9 realizado at\u00e9 hoje, passando por Madrid (Espanha) e Las Vegas (USA), e tornou-se um verdadeiro parque de experi\u00eancias, promovendo momentos \u00fanicos e inovadores para os f\u00e3s.<\/span><\/p>\n<div data-hook=\"rcv-block8\"><\/div>\n<div id=\"viewer-2snq7\" class=\"xVISr Y9Dpf bCMSCT OZy-3 _40ACk Ecq9kg bCMSCT public-DraftStyleDefault-block-depth0 fixed-tab-size public-DraftStyleDefault-text-ltr\"><span class=\"B2EFF public-DraftStyleDefault-ltr\">\u00a0<\/span><\/div>\n<div data-hook=\"rcv-block9\"><\/div>\n<p id=\"viewer-1sbmr\" class=\"xVISr Y9Dpf bCMSCT OZy-3 _40ACk Ecq9kg bCMSCT public-DraftStyleDefault-block-depth0 fixed-tab-size public-DraftStyleDefault-text-ltr\"><span class=\"B2EFF public-DraftStyleDefault-ltr\">Roberto Medina conta que, em meio \u00e0s dificuldades e aos dias de querer desistir, acreditar no sonho valeu a pena. \u201cS\u00e3o quatro d\u00e9cadas de uma hist\u00f3ria que come\u00e7ou quando acreditamos em um sonho. N\u00e3o foi f\u00e1cil, teve dia de querer desistir, mas acreditamos, seguimos em frente e valeu a pena. Fomos longe, 22 edi\u00e7\u00f5es somando quatro pa\u00edses, crescemos muito e sem perder a magia. Mostramos ao mundo a compet\u00eancia do brasileiro na realiza\u00e7\u00e3o de eventos e colocamos o pa\u00eds na rota dos shows internacionais\u201d, ressalta.<\/span><\/p>\n<div data-hook=\"rcv-block10\"><\/div>\n<div data-hook=\"rcv-block11\"><\/div>\n<p id=\"viewer-1leig\" class=\"xVISr Y9Dpf bCMSCT OZy-3 _40ACk Ecq9kg bCMSCT public-DraftStyleDefault-block-depth0 fixed-tab-size public-DraftStyleDefault-text-ltr\"><span class=\"B2EFF public-DraftStyleDefault-ltr\"><strong>Festa come\u00e7a na virada do ano &#8211; R\u00e9veillon do Rio homenageia Rock in Rio<\/strong><\/span><\/p>\n<p id=\"viewer-eg6u0\" class=\"xVISr Y9Dpf bCMSCT OZy-3 _40ACk Ecq9kg bCMSCT public-DraftStyleDefault-block-depth0 fixed-tab-size public-DraftStyleDefault-text-ltr\"><span class=\"B2EFF public-DraftStyleDefault-ltr\">Transbordando os limites da Cidade do Rock, a organiza\u00e7\u00e3o anuncia uma s\u00e9rie de celebra\u00e7\u00f5es para festejar as quatro d\u00e9cadas. Come\u00e7ando pelo R\u00e9veillon do Rio, conhecido como o maior show da virada do mundo, em Copacabana. O p\u00fablico que estiver na praia de Copacabana, ou assistindo pela televis\u00e3o, poder\u00e1 acompanhar uma homenagem da Cidade para o festival, que carrega seu nome pelo mundo afora e que a cada novo evento gera um impacto econ\u00f4mico significativo para o Rio de Janeiro, al\u00e9m de gerar empregos. Um show muito especial embalar\u00e1 as areias e iluminar\u00e1 o c\u00e9u da praia mais ic\u00f4nica do Brasil, com hits emblem\u00e1ticos do Rock in Rio, declarado Patrim\u00f4nio Cultural Imaterial pelo Estado do Rio de Janeiro, e novidades que prometem surpreender.<\/span><\/p>\n<div data-hook=\"rcv-block13\"><\/div>\n<div data-hook=\"rcv-block14\"><\/div>\n<p id=\"viewer-b6el3\" class=\"xVISr Y9Dpf bCMSCT OZy-3 _40ACk Ecq9kg bCMSCT public-DraftStyleDefault-block-depth0 fixed-tab-size public-DraftStyleDefault-text-ltr\"><span class=\"B2EFF public-DraftStyleDefault-ltr\"><strong>Rock in Rio anuncia Exposi\u00e7\u00e3o, Livro e ainda um novo Musical para 2024<\/strong><\/span><\/p>\n<p><img loading=\"lazy\" decoding=\"async\" class=\"alignnone size-full wp-image-18830\" src=\"http:\/\/heavymetalonline.com.br\/wp-content\/uploads\/2023\/10\/Mockup_Book40anos_RockinRio.jpg\" alt=\"\" width=\"1920\" height=\"1080\" srcset=\"https:\/\/heavymetalonline.com.br\/wp-content\/uploads\/2023\/10\/Mockup_Book40anos_RockinRio.jpg 1920w, https:\/\/heavymetalonline.com.br\/wp-content\/uploads\/2023\/10\/Mockup_Book40anos_RockinRio-300x169.jpg 300w, https:\/\/heavymetalonline.com.br\/wp-content\/uploads\/2023\/10\/Mockup_Book40anos_RockinRio-768x432.jpg 768w, https:\/\/heavymetalonline.com.br\/wp-content\/uploads\/2023\/10\/Mockup_Book40anos_RockinRio-1024x576.jpg 1024w\" sizes=\"auto, (max-width: 1920px) 100vw, 1920px\" \/><\/p>\n<div class=\"nLG8d5\" data-hook=\"post-description\">\n<article class=\"blog-post-page-font\">\n<div class=\"post-content__body\">\n<div class=\"moHCnT\">\n<div class=\"moHCnT\">\n<div class=\"fTEXDR A2sIZ4 QEEfz0\" data-rce-version=\"9.14.6\">\n<div class=\"itVXy dojW8l s6hjqn _8a1b4\" dir=\"ltr\" data-id=\"rich-content-viewer\">\n<div class=\"mhGZq BAGeNT\">\n<p id=\"viewer-a538f\" class=\"xVISr Y9Dpf bCMSCT OZy-3 lnyWN yMZv8w bCMSCT public-DraftStyleDefault-block-depth0 fixed-tab-size public-DraftStyleDefault-text-ltr\"><span class=\"B2EFF public-DraftStyleDefault-ltr\">Ao longo do pr\u00f3ximo ano e \u00e0 altura dessa hist\u00f3ria grandiosa, o festival prepara uma exposi\u00e7\u00e3o imersiva e interativa, que celebrar\u00e1 o passado e lan\u00e7ar\u00e1 um olhar sobre o futuro do Rock in Rio por meio de pe\u00e7as, objetos e din\u00e2micas que contam a hist\u00f3ria dos 40 anos e que ao mesmo tempo refletem sobre o futuro, num ambiente l\u00fadico e m\u00e1gico.<\/span><\/p>\n<div data-hook=\"rcv-block18\"><\/div>\n<div id=\"viewer-fesla\" class=\"xVISr Y9Dpf bCMSCT OZy-3 _40ACk Ecq9kg bCMSCT public-DraftStyleDefault-block-depth0 fixed-tab-size public-DraftStyleDefault-text-ltr\"><span class=\"B2EFF public-DraftStyleDefault-ltr\">\u00a0<\/span><\/div>\n<div data-hook=\"rcv-block19\"><\/div>\n<p id=\"viewer-7g242\" class=\"xVISr Y9Dpf bCMSCT OZy-3 _40ACk Ecq9kg bCMSCT public-DraftStyleDefault-block-depth0 fixed-tab-size public-DraftStyleDefault-text-ltr\"><span class=\"B2EFF public-DraftStyleDefault-ltr\">Outra novidade ser\u00e1 o lan\u00e7amento de um novo table book, sob a perspectiva da arte do sonhar e fazer acontecer, o livro trar\u00e1 fotos, hist\u00f3rias e muitas curiosidades sobre o evento. Um item de colecionador para os amantes do festival.<\/span><\/p>\n<div data-hook=\"rcv-block20\"><\/div>\n<div id=\"viewer-ehj5d\" class=\"xVISr Y9Dpf bCMSCT OZy-3 _40ACk Ecq9kg bCMSCT public-DraftStyleDefault-block-depth0 fixed-tab-size public-DraftStyleDefault-text-ltr\"><span class=\"B2EFF public-DraftStyleDefault-ltr\">\u00a0<\/span><\/div>\n<div data-hook=\"rcv-block21\"><\/div>\n<p id=\"viewer-f55v8\" class=\"xVISr Y9Dpf bCMSCT OZy-3 _40ACk Ecq9kg bCMSCT public-DraftStyleDefault-block-depth0 fixed-tab-size public-DraftStyleDefault-text-ltr\"><span class=\"B2EFF public-DraftStyleDefault-ltr\">Se o Rock in Rio de 2022 ganhou o espet\u00e1culo Uirapuru e o The Town abrigou o \u201cThe Town, O Musical\u201d, na edi\u00e7\u00e3o que celebra os 40 anos do festival n\u00e3o ser\u00e1 diferente. Uma nova produ\u00e7\u00e3o Rock in Rio Originals, trar\u00e1 o evento e o Rio de Janeiro como narrativa. Com cria\u00e7\u00e3o de Roberto Medina, dire\u00e7\u00e3o musical de Z\u00e9 Ricardo, roteiro e dire\u00e7\u00e3o art\u00edstica de Charles M\u00f6eller, este projeto ganhar\u00e1 vida dentro e fora da Cidade do Rock. <\/span><\/p>\n<div data-hook=\"rcv-block22\"><\/div>\n<div data-hook=\"rcv-block23\"><\/div>\n<p id=\"viewer-1n3uo\" class=\"xVISr Y9Dpf bCMSCT OZy-3 _40ACk Ecq9kg bCMSCT public-DraftStyleDefault-block-depth0 fixed-tab-size public-DraftStyleDefault-text-ltr\"><span class=\"B2EFF public-DraftStyleDefault-ltr\"><strong>Na Cidade do Rock, a organiza\u00e7\u00e3o anuncia novidades para a celebra\u00e7\u00e3o de 40 anos<\/strong><\/span><\/p>\n<p id=\"viewer-m5u2\" class=\"xVISr Y9Dpf bCMSCT OZy-3 _40ACk Ecq9kg bCMSCT public-DraftStyleDefault-block-depth0 fixed-tab-size public-DraftStyleDefault-text-ltr\"><span class=\"B2EFF public-DraftStyleDefault-ltr\">No ano da celebra\u00e7\u00e3o dos 40 anos do Rock in Rio, quem tamb\u00e9m vir\u00e1 em maior tamanho ser\u00e1 o Palco Sunset. Pela primeira vez na hist\u00f3ria do festival, o palco dos grandes encontros, queridinho do p\u00fablico e da cr\u00edtica, ter\u00e1 a mesma boca de cena que o gigante Palco Mundo, refor\u00e7ando toda a sua pot\u00eancia e igualdade.<\/span><\/p>\n<div data-hook=\"rcv-block25\"><\/div>\n<div id=\"viewer-923ej\" class=\"xVISr Y9Dpf bCMSCT OZy-3 _40ACk Ecq9kg bCMSCT public-DraftStyleDefault-block-depth0 fixed-tab-size public-DraftStyleDefault-text-ltr\"><span class=\"B2EFF public-DraftStyleDefault-ltr\">\u00a0<\/span><\/div>\n<div data-hook=\"rcv-block26\"><\/div>\n<p id=\"viewer-9385c\" class=\"xVISr Y9Dpf bCMSCT OZy-3 _40ACk Ecq9kg bCMSCT public-DraftStyleDefault-block-depth0 fixed-tab-size public-DraftStyleDefault-text-ltr\"><span class=\"B2EFF public-DraftStyleDefault-ltr\">J\u00e1 o Palco Mundo, com uma megaestrutura de 104m de frente e 30m de altura, para 2024 receber\u00e1 novidades na cenografia. V\u00e1rias surpresas prometem encantar e gerar uma conex\u00e3o com o p\u00fablico, al\u00e9m de oportunidades de selfies, com um visual din\u00e2mico que trar\u00e1 ainda mais beleza para a Cidade do Rock. <\/span><\/p>\n<div data-hook=\"rcv-block27\"><\/div>\n<div data-hook=\"rcv-block28\"><\/div>\n<p id=\"viewer-fs99d\" class=\"xVISr Y9Dpf bCMSCT OZy-3 _40ACk Ecq9kg bCMSCT public-DraftStyleDefault-block-depth0 fixed-tab-size public-DraftStyleDefault-text-ltr\"><span class=\"B2EFF public-DraftStyleDefault-ltr\"><strong>Grandes encontros que acontecem na Cidade do Rock marca o primeiro movimento de comunica\u00e7\u00e3o do Rock in Rio 40 anos e para sempre <\/strong><\/span><\/p>\n<p id=\"viewer-aspch\" class=\"xVISr Y9Dpf bCMSCT OZy-3 _40ACk Ecq9kg bCMSCT public-DraftStyleDefault-block-depth0 fixed-tab-size public-DraftStyleDefault-text-ltr\"><span class=\"B2EFF public-DraftStyleDefault-ltr\">In\u00fameros foram os momentos marcantes de cada uma das 22 edi\u00e7\u00f5es do festival, no Brasil ou no exterior, come\u00e7ando pela Lama, pela ilumina\u00e7\u00e3o da plat\u00e9ia pela primeira vez at\u00e9 a edi\u00e7\u00e3o do reencontro, em 2022. Como primeira grande campanha de uma edi\u00e7\u00e3o t\u00e3o emblem\u00e1tica, o Rock in Rio carrega na emo\u00e7\u00e3o, marca registrada da sua rela\u00e7\u00e3o com o p\u00fablico os f\u00e3s para este lugar totalmente m\u00e1gico, fant\u00e1stico e que faz parte da vida de boa parte dos brasileiros: a Cidade do Rock. A proposta criativa do filme \u00e9 trabalhar a esfera dos grandes encontros, que acontecem na Cidade desde a primeira abertura dos port\u00f5es, no dia 10 de janeiro de 1985. O filme traz a hist\u00f3ria do grande encontro entre um casal que se conheceu na primeira edi\u00e7\u00e3o em 1985 e, desde ent\u00e3o, foram em todas as outras edi\u00e7\u00f5es, com o Rock in Rio fazendo parte das principais fases de vida deles e com a neta pequena continuando essa paix\u00e3o. \u00c9 uma hist\u00f3ria de amor entre eles e pelo Rock in Rio, mostrando que o festival \u00e9 passado de gera\u00e7\u00e3o para sempre, ele \u00e9 para sempre. Junto com a campanha, O Rock in Rio convida o p\u00fablico, grande protagonista desta trajet\u00f3ria, a comemorar usando a plataforma \u201cNossas Hist\u00f3rias\u201d, que ser\u00e1 lan\u00e7ada no dia 08 de novembro e onde o festival, com a ajuda do f\u00e3, vai reunir milhares de hist\u00f3rias dos encontros que a Cidade do Rock promoveu. Ser\u00e1 a oportunidade de os f\u00e3s do festival compartilharem na plataforma seus momentos m\u00e1gicos vividos nessas 22 edi\u00e7\u00f5es do Rock in Rio \u2014 nove no Rio de Janeiro.<\/span><\/p>\n<div data-hook=\"rcv-block30\"><\/div>\n<div data-hook=\"rcv-block31\"><\/div>\n<p id=\"viewer-3hgfm\" class=\"xVISr Y9Dpf bCMSCT OZy-3 _40ACk Ecq9kg bCMSCT public-DraftStyleDefault-block-depth0 fixed-tab-size public-DraftStyleDefault-text-ltr\"><span class=\"B2EFF public-DraftStyleDefault-ltr\"><strong>Sobre o Rock in Rio<\/strong><\/span><\/p>\n<p id=\"viewer-3lbv\" class=\"xVISr Y9Dpf bCMSCT OZy-3 _40ACk Ecq9kg bCMSCT public-DraftStyleDefault-block-depth0 fixed-tab-size public-DraftStyleDefault-text-ltr\"><span class=\"B2EFF public-DraftStyleDefault-ltr\">1984 marca o in\u00edcio das prepara\u00e7\u00f5es para a primeira edi\u00e7\u00e3o do evento idealizado por Roberto Medina e que hoje, 40 anos depois, \u00e9 considerado o maior festival de m\u00fasica e entretenimento do mundo \u2013 o Rock in Rio. A hist\u00f3ria do evento se entrela\u00e7a com a do entretenimento no Brasil, sendo respons\u00e1vel por colocar o pa\u00eds na rota dos eventos internacionais, j\u00e1 que pela primeira vez, um pa\u00eds da Am\u00e9rica do Sul sediou um evento musical dessa magnitude. Em uma \u00e1rea de 250 mil m2, em Jacarepagu\u00e1, durante dez dias, 1 milh\u00e3o e 380 mil pessoas foram iluminadas pela primeira vez e come\u00e7aram a fazer parte do grande espet\u00e1culo. No palco \u2014 o maior do mundo na \u00e9poca, com 80m de boca de cena \u2014 15 atra\u00e7\u00f5es nacionais e 16 internacionais. Originalmente organizado no Rio de Janeiro, o festival ganhou o mundo chegando a Lisboa (Portugal), onde \u00e9 realizado at\u00e9 hoje, passando por Madrid (Espanha) e Las Vegas (USA).<\/span><\/p>\n<div data-hook=\"rcv-block33\"><\/div>\n<div id=\"viewer-ejsgh\" class=\"xVISr Y9Dpf bCMSCT OZy-3 _40ACk Ecq9kg bCMSCT public-DraftStyleDefault-block-depth0 fixed-tab-size public-DraftStyleDefault-text-ltr\"><span class=\"B2EFF public-DraftStyleDefault-ltr\">\u00a0<\/span><\/div>\n<div data-hook=\"rcv-block34\"><\/div>\n<p id=\"viewer-4fqla\" class=\"xVISr Y9Dpf bCMSCT OZy-3 _40ACk Ecq9kg bCMSCT public-DraftStyleDefault-block-depth0 fixed-tab-size public-DraftStyleDefault-text-ltr\"><span class=\"B2EFF public-DraftStyleDefault-ltr\">Desde a primeira edi\u00e7\u00e3o, j\u00e1 gerou 265 mil empregos diretos e indiretos e, apenas na \u00faltima, em 2022, um impacto econ\u00f4mico de mais de 2 bilh\u00f5es na cidade do Rio de Janeiro. Tamb\u00e9m no ano passado, o Rock in Rio foi considerado patrim\u00f4nio cultural imaterial do estado do Rio de Janeiro. Pelas Cidades do Rock, desde 1985, j\u00e1 passaram mais de 11.2 milh\u00f5es de visitantes, que assistiram a 3.816 artistas em 130 dias de magia. Dentre os n\u00fameros gigantes do festival, mais de 64 milh\u00f5es de pessoas alcan\u00e7adas nas redes sociais apenas em 2022 e mais de 12 milh\u00f5es de f\u00e3s online. <\/span><\/p>\n<div data-hook=\"rcv-block35\"><\/div>\n<div id=\"viewer-e9j9d\" class=\"xVISr Y9Dpf bCMSCT OZy-3 _40ACk Ecq9kg bCMSCT public-DraftStyleDefault-block-depth0 fixed-tab-size public-DraftStyleDefault-text-ltr\"><span class=\"B2EFF public-DraftStyleDefault-ltr\">\u00a0<\/span><\/div>\n<div data-hook=\"rcv-block36\"><\/div>\n<p id=\"viewer-4ul4o\" class=\"xVISr Y9Dpf bCMSCT OZy-3 _40ACk Ecq9kg bCMSCT public-DraftStyleDefault-block-depth0 fixed-tab-size public-DraftStyleDefault-text-ltr\"><span class=\"B2EFF public-DraftStyleDefault-ltr\">Gerando impactos positivos nos pa\u00edses onde \u00e9 realizado e consciente do poder disseminador da marca, o<strong> Rock in Rio <\/strong>pauta-se por ser um evento com o prop\u00f3sito de construir um mundo melhor para pessoas mais felizes, confiantes e emp\u00e1ticas num planeta mais saud\u00e1vel. Adotando e incentivando pr\u00e1ticas que apoiam o coletivo, se une a empresas que possuem este mesmo olhar e diretriz. O festival investiu, junto com seus parceiros, mais de R$ 110 milh\u00f5es em diferentes projetos, passando por temas como sustentabilidade, educa\u00e7\u00e3o, m\u00fasica, florestas, entre outros.\u202fApenas na Amaz\u00f4nia, 73 milh\u00f5es de \u00e1rvores foram plantadas. A marca foi pioneira em ter a certifica\u00e7\u00e3o ISO 20121 \u2014 Eventos Sustent\u00e1veis e, em 2022, come\u00e7ou a trabalhar ambiciosas metas para 2030, alinhadas com os Objetivos de Desenvolvimento Sustent\u00e1vel (ODS). <\/span><\/p>\n<div data-hook=\"rcv-block37\"><\/div>\n<div id=\"viewer-ad4tn\" class=\"xVISr Y9Dpf bCMSCT OZy-3 _40ACk Ecq9kg bCMSCT public-DraftStyleDefault-block-depth0 fixed-tab-size public-DraftStyleDefault-text-ltr\"><span class=\"B2EFF public-DraftStyleDefault-ltr\">\u00a0<\/span><\/div>\n<div data-hook=\"rcv-block38\"><\/div>\n<p id=\"viewer-2q74s\" class=\"xVISr Y9Dpf bCMSCT OZy-3 _40ACk Ecq9kg bCMSCT public-DraftStyleDefault-block-depth0 fixed-tab-size public-DraftStyleDefault-text-ltr\"><span class=\"B2EFF public-DraftStyleDefault-ltr\">O ano de 2024 ser\u00e1 de muitas comemora\u00e7\u00f5es para o Rock in Rio. O ano em que tudo come\u00e7ou, 40 anos depois, d\u00e1 in\u00edcio \u00e0s celebra\u00e7\u00f5es. E a festa brasileira j\u00e1 est\u00e1 marcada: 13, 14, 15, 19, 20, 21 e 22 de setembro de 2024, no Parque Ol\u00edmpico, Rio de Janeiro; e a lisboeta tamb\u00e9m: 15, 16, 22 e 23 de junho de 2024, no Parque Tejo. Das 22 edi\u00e7\u00f5es anteriores, nove ocorreram no Brasil (1985, 1991, 2001, 2011, 2013, 2015, 2017, 2019 e 2022), nove em Portugal (2004, 2006, 2008, 2010, 2012, 2014, 2016, 2018 e 2022), tr\u00eas na Espanha (2008, 2010 e 2012) e uma nos Estados Unidos (2015).<\/span><\/p>\n<div data-hook=\"rcv-block39\"><\/div>\n<div id=\"viewer-f9s0r\" class=\"xVISr Y9Dpf bCMSCT OZy-3 _40ACk Ecq9kg bCMSCT public-DraftStyleDefault-block-depth0 fixed-tab-size public-DraftStyleDefault-text-ltr\"><span class=\"B2EFF public-DraftStyleDefault-ltr\">\u00a0<\/span><\/div>\n<div data-hook=\"rcv-block40\"><\/div>\n<p id=\"viewer-8ftmj\" class=\"xVISr Y9Dpf bCMSCT OZy-3 lnyWN yMZv8w bCMSCT public-DraftStyleDefault-block-depth0 fixed-tab-size public-DraftStyleDefault-text-ltr\"><span class=\"B2EFF public-DraftStyleDefault-ltr\"><strong>Fonte:<\/strong> Approach Comunica\u00e7\u00e3o <\/span><\/p>\n<div data-hook=\"rcv-block41\"><\/div>\n<div data-hook=\"rcv-block-last\"><\/div>\n<\/div>\n<\/div>\n<\/div>\n<\/div>\n<\/div>\n<\/div>\n<\/article>\n<\/div>\n<div id=\"post-footer\" class=\"OFA52E jG7PL8\"><\/div>\n","protected":false},"excerpt":{"rendered":"<p>Homenagem Especial aos 40 anos do evento no R\u00e9veillon de Copacabana, lan\u00e7amento de livro, exposi\u00e7\u00e3o imersiva e musical est\u00e3o entre as a\u00e7\u00f5es comemorativas. Um filme sobre grandes encontros estreia na m\u00eddia nacional nesta segunda-feira, 30 Uma celebra\u00e7\u00e3o de 40 anos a altura do evento que colocou o Brasil na rota da cena musical do mundo. [&hellip;]<\/p>\n","protected":false},"author":12,"featured_media":18832,"comment_status":"closed","ping_status":"open","sticky":false,"template":"","format":"standard","meta":{"footnotes":""},"categories":[4],"tags":[],"class_list":["post-18829","post","type-post","status-publish","format-standard","has-post-thumbnail","hentry","category-noticias"],"_links":{"self":[{"href":"https:\/\/heavymetalonline.com.br\/index.php?rest_route=\/wp\/v2\/posts\/18829","targetHints":{"allow":["GET"]}}],"collection":[{"href":"https:\/\/heavymetalonline.com.br\/index.php?rest_route=\/wp\/v2\/posts"}],"about":[{"href":"https:\/\/heavymetalonline.com.br\/index.php?rest_route=\/wp\/v2\/types\/post"}],"author":[{"embeddable":true,"href":"https:\/\/heavymetalonline.com.br\/index.php?rest_route=\/wp\/v2\/users\/12"}],"replies":[{"embeddable":true,"href":"https:\/\/heavymetalonline.com.br\/index.php?rest_route=%2Fwp%2Fv2%2Fcomments&post=18829"}],"version-history":[{"count":1,"href":"https:\/\/heavymetalonline.com.br\/index.php?rest_route=\/wp\/v2\/posts\/18829\/revisions"}],"predecessor-version":[{"id":18833,"href":"https:\/\/heavymetalonline.com.br\/index.php?rest_route=\/wp\/v2\/posts\/18829\/revisions\/18833"}],"wp:featuredmedia":[{"embeddable":true,"href":"https:\/\/heavymetalonline.com.br\/index.php?rest_route=\/wp\/v2\/media\/18832"}],"wp:attachment":[{"href":"https:\/\/heavymetalonline.com.br\/index.php?rest_route=%2Fwp%2Fv2%2Fmedia&parent=18829"}],"wp:term":[{"taxonomy":"category","embeddable":true,"href":"https:\/\/heavymetalonline.com.br\/index.php?rest_route=%2Fwp%2Fv2%2Fcategories&post=18829"},{"taxonomy":"post_tag","embeddable":true,"href":"https:\/\/heavymetalonline.com.br\/index.php?rest_route=%2Fwp%2Fv2%2Ftags&post=18829"}],"curies":[{"name":"wp","href":"https:\/\/api.w.org\/{rel}","templated":true}]}}