{"id":18919,"date":"2023-11-10T15:00:13","date_gmt":"2023-11-10T15:00:13","guid":{"rendered":"http:\/\/heavymetalonline.com.br\/?p=18919"},"modified":"2023-11-10T15:00:13","modified_gmt":"2023-11-10T15:00:13","slug":"megadeth-prepara-volta-triunfal-ao-brasil","status":"publish","type":"post","link":"https:\/\/heavymetalonline.com.br\/?p=18919","title":{"rendered":"Megadeth prepara volta triunfal ao Brasil"},"content":{"rendered":"<p><img loading=\"lazy\" decoding=\"async\" class=\"alignnone size-full wp-image-18922\" src=\"http:\/\/heavymetalonline.com.br\/wp-content\/uploads\/2023\/11\/unnamed-8.jpg\" alt=\"\" width=\"1280\" height=\"720\" srcset=\"https:\/\/heavymetalonline.com.br\/wp-content\/uploads\/2023\/11\/unnamed-8.jpg 1280w, https:\/\/heavymetalonline.com.br\/wp-content\/uploads\/2023\/11\/unnamed-8-300x169.jpg 300w, https:\/\/heavymetalonline.com.br\/wp-content\/uploads\/2023\/11\/unnamed-8-768x432.jpg 768w, https:\/\/heavymetalonline.com.br\/wp-content\/uploads\/2023\/11\/unnamed-8-1024x576.jpg 1024w\" sizes=\"auto, (max-width: 1280px) 100vw, 1280px\" \/><\/p>\n<p id=\"viewer-78rdu\" class=\"xVISr Y9Dpf bCMSCT OZy-3 lnyWN yMZv8w bCMSCT public-DraftStyleDefault-block-depth0 fixed-tab-size public-DraftStyleDefault-text-ltr\"><span class=\"B2EFF public-DraftStyleDefault-ltr\">Prepare-se para ouvir os melhores e mais revigorantes riffs da hist\u00f3ria do rock. <strong>Megadeth<\/strong> confirma o retorno triunfante \u00e0 Am\u00e9rica Latina para o lan\u00e7amento do 16\u00ba \u00e1lbum, <em>The Sick, The Dying&#8230; And The Dead<\/em>, com parada no Brasil! A banda de David Mustaine trar\u00e1 seu thrash metal intransigentemente feroz para S\u00e3o Paulo, em <strong>18 de abril, no Espa\u00e7o Unimed<\/strong>, com produ\u00e7\u00e3o da <strong>Mercury Concerts<\/strong>. <\/span><\/p>\n<p>&nbsp;<\/p>\n<p>&nbsp;<\/p>\n<p>&nbsp;<\/p>\n<p class=\"xVISr Y9Dpf bCMSCT OZy-3 lnyWN yMZv8w bCMSCT public-DraftStyleDefault-block-depth0 fixed-tab-size public-DraftStyleDefault-text-ltr\"><span class=\"B2EFF public-DraftStyleDefault-ltr\">A venda dos ingressos vai abrir para o p\u00fablico na ter\u00e7a-feira, 14 de novembro \u00e0s 10h, pela plataforma <a class=\"TWoY9 itht3\" href=\"https:\/\/www.ticket360.com.br\/evento\/27888\/ingressos-para-megadeth\" target=\"_blank\" rel=\"noopener noreferrer\" data-hook=\"linkViewer\"><u class=\"D-jZk\">Ticket 360<\/u><\/a>. E na v\u00e9spera, no mesmo hor\u00e1rio, ser\u00e1 aberta a pr\u00e9-venda exclusiva para os membros do f\u00e3-clube da banda. <\/span><\/p>\n<p>&nbsp;<\/p>\n<p>&nbsp;<\/p>\n<p>&nbsp;<\/p>\n<p class=\"xVISr Y9Dpf bCMSCT OZy-3 lnyWN yMZv8w bCMSCT public-DraftStyleDefault-block-depth0 fixed-tab-size public-DraftStyleDefault-text-ltr\"><span class=\"B2EFF public-DraftStyleDefault-ltr\">At\u00e9 hoje, o <strong>Megadeth<\/strong> j\u00e1 vendeu mais de 50 milh\u00f5es de discos em todo o mundo. \u201cSinto-me mais energizado agora do que antes\u201d, afirma Mustaine, guitarrista, vocalista e l\u00edder do Megadeth. Desde o \u00e1lbum de estreia, Killing Is My Business&#8230; and Business Is Good!, em 1985, a banda encontrou seu espa\u00e7o no rock, redefinindo o heavy metal e trazendo o que se tornaria a marca registrada de Mustaine, sua voz inigual\u00e1vel e seus \u00e1cidos coment\u00e1rios s\u00f3cio-pol\u00edticos. O reconhecimento veio em 2017, quando recebeu o Grammy por Melhor Performance de Metal pela faixa-t\u00edtulo \u201cDistopia\u201d, que alcan\u00e7ou a 3\u00aa posi\u00e7\u00e3o no Top 200 na Billboard, feito que n\u00e3o repetia desde 1992, com o cl\u00e1ssico \u201cCountdown to Extinction\u201d. Foram 12 nomina\u00e7\u00f5es para esta premia\u00e7\u00e3o. <\/span><\/p>\n<p>&nbsp;<\/p>\n<p>&nbsp;<\/p>\n<p>&nbsp;<\/p>\n<p class=\"xVISr Y9Dpf bCMSCT OZy-3 lnyWN yMZv8w bCMSCT public-DraftStyleDefault-block-depth0 fixed-tab-size public-DraftStyleDefault-text-ltr\"><span class=\"B2EFF public-DraftStyleDefault-ltr\">Em 2019, a banda seria uma das atra\u00e7\u00f5es do ROCKFEST, em S\u00e3o Paulo, mas Mustaine foi diagn\u00f3sticado com c\u00e2ncer na garganta e iniciou o tratamento imediatamente. Em seguida veio a pandemia, os cancelamentos das turn\u00eas&#8230; No entanto, em setembro do ano passado lan\u00e7aram o novo trabalho e ficou claro que a pot\u00eancia sonora retornou ao \u00e1pice, com riffs fren\u00e9ticos, solos de guitarra ferozmente intrincados e o mesmo esp\u00edrito inovador do in\u00edcio, tudo misturado com a precis\u00e3o e virtuosismo caracter\u00edsticos, e claro a voz rouca, singular e ir\u00f4nica de Mustaine. \u201cPela primeira vez em muito tempo, tudo o que precis\u00e1vamos neste disco est\u00e1 no seu devido lugar\u201d, afirma Mustaine, guitarrista, vocalista e l\u00edder do <strong>Megadeth<\/strong>. <\/span><\/p>\n<p>&nbsp;<\/p>\n<p>&nbsp;<\/p>\n<p>&nbsp;<\/p>\n<p class=\"xVISr Y9Dpf bCMSCT OZy-3 lnyWN yMZv8w bCMSCT public-DraftStyleDefault-block-depth0 fixed-tab-size public-DraftStyleDefault-text-ltr\"><span class=\"B2EFF public-DraftStyleDefault-ltr\"><strong>IN\u00cdCIO<\/strong> &#8211; Aos 21 anos, Mustaine saiu do Metallica e formou com muita garra seu pr\u00f3prio grupo de thrash metal. Vale ressaltar, que s\u00e3o coautoria dele muitos dos sucessos dos dois primeiros \u00e1lbuns do Metallica. O <strong>Megadeth<\/strong> mergulhou na est\u00e9tica do cinema e na nova onda do heavy metal brit\u00e2nico, com ritmos radicalmente mais r\u00e1pidos, maior agilidade t\u00e9cnica, arranjos complexos misturados \u00e0 agressividade primitiva do punk rock. O <strong>Megadeth<\/strong> \u00e9 um dos Big Four, os pioneiros desse novo rock que estava surgindo. \u201cCriei a banda mais pesada e ultra furiosa que eu poderia naquela \u00e9poca. Quando come\u00e7amos, n\u00e3o havia muita gente fazendo o que est\u00e1vamos fazendo. Ainda n\u00e3o h\u00e1 muitas bandas que estejam fazendo o que estamos fazendo\u201d, conta Mustaine, que em 2009 foi eleito o melhor guitarrista de rock de todo o mundo no \u201c<em>The 100 Greatest Metal Guitarists\u201d.<\/em><\/span><\/p>\n<div data-hook=\"rcv-block3\"><\/div>\n<div data-hook=\"rcv-block4\"><\/div>\n<p id=\"viewer-46vij\" class=\"xVISr Y9Dpf bCMSCT OZy-3 lnyWN yMZv8w bCMSCT public-DraftStyleDefault-block-depth0 fixed-tab-size public-DraftStyleDefault-text-ltr\"><span class=\"B2EFF public-DraftStyleDefault-ltr\"><em><strong>Turn\u00ea na Am\u00e9rica Latina<\/strong><\/em> <\/span><\/p>\n<p class=\"xVISr Y9Dpf bCMSCT OZy-3 lnyWN yMZv8w bCMSCT public-DraftStyleDefault-block-depth0 fixed-tab-size public-DraftStyleDefault-text-ltr\"><span class=\"B2EFF public-DraftStyleDefault-ltr\">06\/04\/2024 \u2013 Lima (Peru) <\/span><\/p>\n<p class=\"xVISr Y9Dpf bCMSCT OZy-3 lnyWN yMZv8w bCMSCT public-DraftStyleDefault-block-depth0 fixed-tab-size public-DraftStyleDefault-text-ltr\"><span class=\"B2EFF public-DraftStyleDefault-ltr\">09\/04\/2024 \u2013 Santiago (Chile) <\/span><\/p>\n<p class=\"xVISr Y9Dpf bCMSCT OZy-3 lnyWN yMZv8w bCMSCT public-DraftStyleDefault-block-depth0 fixed-tab-size public-DraftStyleDefault-text-ltr\"><span class=\"B2EFF public-DraftStyleDefault-ltr\">11\/04\/2024 \u2013 Montevid\u00e9u (Uruguai) <\/span><\/p>\n<p class=\"xVISr Y9Dpf bCMSCT OZy-3 lnyWN yMZv8w bCMSCT public-DraftStyleDefault-block-depth0 fixed-tab-size public-DraftStyleDefault-text-ltr\"><span class=\"B2EFF public-DraftStyleDefault-ltr\">13\/04\/2024 \u2013 Buenos Aires (Argentina) <\/span><\/p>\n<p class=\"xVISr Y9Dpf bCMSCT OZy-3 lnyWN yMZv8w bCMSCT public-DraftStyleDefault-block-depth0 fixed-tab-size public-DraftStyleDefault-text-ltr\"><span class=\"B2EFF public-DraftStyleDefault-ltr\">16\/04\/2024 \u2013 Asunci\u00f3n (Paraguay)<\/span><\/p>\n<p class=\"xVISr Y9Dpf bCMSCT OZy-3 lnyWN yMZv8w bCMSCT public-DraftStyleDefault-block-depth0 fixed-tab-size public-DraftStyleDefault-text-ltr\"><span class=\"B2EFF public-DraftStyleDefault-ltr\"> 18\/04\/2024 \u2013 S\u00e3o Paulo (Brasil)<\/span><\/p>\n<p class=\"xVISr Y9Dpf bCMSCT OZy-3 lnyWN yMZv8w bCMSCT public-DraftStyleDefault-block-depth0 fixed-tab-size public-DraftStyleDefault-text-ltr\"><span class=\"B2EFF public-DraftStyleDefault-ltr\"> 21\/04\/2024 \u2013 Bogot\u00e1 (Col\u00f4mbia) <\/span><\/p>\n<p class=\"xVISr Y9Dpf bCMSCT OZy-3 lnyWN yMZv8w bCMSCT public-DraftStyleDefault-block-depth0 fixed-tab-size public-DraftStyleDefault-text-ltr\"><span class=\"B2EFF public-DraftStyleDefault-ltr\">23\/04\/2024 \u2013 San Salvador (El Salvador) <\/span><\/p>\n<p class=\"xVISr Y9Dpf bCMSCT OZy-3 lnyWN yMZv8w bCMSCT public-DraftStyleDefault-block-depth0 fixed-tab-size public-DraftStyleDefault-text-ltr\"><span class=\"B2EFF public-DraftStyleDefault-ltr\">25\/04\/2024 \u2013 Cidade do M\u00e9xico (M\u00e9xico) <\/span><\/p>\n<p class=\"xVISr Y9Dpf bCMSCT OZy-3 lnyWN yMZv8w bCMSCT public-DraftStyleDefault-block-depth0 fixed-tab-size public-DraftStyleDefault-text-ltr\"><span class=\"B2EFF public-DraftStyleDefault-ltr\">27\/04\/2024 \u2013 Monterrey (M\u00e9xico) <\/span><\/p>\n<p>&nbsp;<\/p>\n<p>&nbsp;<\/p>\n<p>&nbsp;<\/p>\n<p class=\"xVISr Y9Dpf bCMSCT OZy-3 lnyWN yMZv8w bCMSCT public-DraftStyleDefault-block-depth0 fixed-tab-size public-DraftStyleDefault-text-ltr\"><span class=\"B2EFF public-DraftStyleDefault-ltr\"><strong>SOBRE A MERCURY CONCERTS<\/strong> <\/span><\/p>\n<p class=\"xVISr Y9Dpf bCMSCT OZy-3 lnyWN yMZv8w bCMSCT public-DraftStyleDefault-block-depth0 fixed-tab-size public-DraftStyleDefault-text-ltr\"><span class=\"B2EFF public-DraftStyleDefault-ltr\">A <strong>Mercury Concerts<\/strong> \u00e9 respons\u00e1vel pelo agenciamento de turn\u00eas internacionais na Am\u00e9rica Latina e tamb\u00e9m pela idealiza\u00e7\u00e3o e produ\u00e7\u00e3o de shows e festivais de grande sucesso em todo o Brasil. Entre suas realiza\u00e7\u00f5es nesses mais de 20 anos de hist\u00f3ria est\u00e3o festivais como Monsters of Rock, Ruffles Reggae, Close-up Planet, Skol Rock, S\u00e3o Paulo Trip e Rockfest. Al\u00e9m disso, a Mercury tamb\u00e9m realizou no pa\u00eds shows e turn\u00eas de artistas de renome como AC\/DC, Bon Jovi, Yes, Black Sabbath, David Gilmour, Sting, KISS, Guns N&#8217; Roses e Aerosmith. <\/span><\/p>\n<p>&nbsp;<\/p>\n<p>&nbsp;<\/p>\n<p>&nbsp;<\/p>\n<p class=\"xVISr Y9Dpf bCMSCT OZy-3 lnyWN yMZv8w bCMSCT public-DraftStyleDefault-block-depth0 fixed-tab-size public-DraftStyleDefault-text-ltr\"><span class=\"B2EFF public-DraftStyleDefault-ltr\"><strong>Mais informa\u00e7\u00f5es: <\/strong><\/span><\/p>\n<p class=\"xVISr Y9Dpf bCMSCT OZy-3 lnyWN yMZv8w bCMSCT public-DraftStyleDefault-block-depth0 fixed-tab-size public-DraftStyleDefault-text-ltr\"><span class=\"B2EFF public-DraftStyleDefault-ltr\"> Site oficial: <a class=\"TWoY9 itht3\" href=\"https:\/\/mercuryconcerts.com\/\" target=\"_blank\" rel=\"noopener noreferrer\" data-hook=\"linkViewer\"><u class=\"D-jZk\">https:\/\/mercuryconcerts.com\/<\/u><\/a> <\/span><\/p>\n<p class=\"xVISr Y9Dpf bCMSCT OZy-3 lnyWN yMZv8w bCMSCT public-DraftStyleDefault-block-depth0 fixed-tab-size public-DraftStyleDefault-text-ltr\"><span class=\"B2EFF public-DraftStyleDefault-ltr\">Redes Sociais: <a class=\"TWoY9 itht3\" href=\"https:\/\/www.instagram.com\/mercuryconcerts\/\" target=\"_blank\" rel=\"noopener noreferrer\" data-hook=\"linkViewer\"><u class=\"D-jZk\">@mercuryconcerts<\/u><\/a> <\/span><\/p>\n<p><img loading=\"lazy\" decoding=\"async\" class=\"alignnone size-full wp-image-18920\" src=\"http:\/\/heavymetalonline.com.br\/wp-content\/uploads\/2023\/11\/MEGA-IG.jpeg\" alt=\"\" width=\"1080\" height=\"1080\" srcset=\"https:\/\/heavymetalonline.com.br\/wp-content\/uploads\/2023\/11\/MEGA-IG.jpeg 1080w, https:\/\/heavymetalonline.com.br\/wp-content\/uploads\/2023\/11\/MEGA-IG-500x500.jpeg 500w, https:\/\/heavymetalonline.com.br\/wp-content\/uploads\/2023\/11\/MEGA-IG-300x300.jpeg 300w, https:\/\/heavymetalonline.com.br\/wp-content\/uploads\/2023\/11\/MEGA-IG-768x768.jpeg 768w, https:\/\/heavymetalonline.com.br\/wp-content\/uploads\/2023\/11\/MEGA-IG-1024x1024.jpeg 1024w\" sizes=\"auto, (max-width: 1080px) 100vw, 1080px\" \/><\/p>\n<p><em><strong>SERVI\u00c7O<\/strong><\/em><\/p>\n<p><strong>Data:<\/strong> 18 de abril de 2024 (quinta-Feira)<\/p>\n<p><strong>Local:<\/strong> Espa\u00e7o Unimed. Rua Tagipuru, 795<\/p>\n<p><strong>Portas:<\/strong> 19h30<\/p>\n<p><strong>MEGADETH<\/strong>: 21h30<\/p>\n<p><strong>Classifica\u00e7\u00e3o Et\u00e1ria:<\/strong> 16 (dezesseis) anos desacompanhados. Menores de 16 (dezesseis) anos poder\u00e3o comparecer ao evento desde que acompanhados dos pais e\/ou respons\u00e1veis legais. Informa\u00e7\u00e3o sujeita \u00e0 altera\u00e7\u00e3o, conforme decis\u00e3o judicial.<\/p>\n<p><strong>Pre\u00e7os\u00a0 \u00a0 \u00a0 \u00a0 \u00a0 \u00a0 \u00a0 \u00a0 \u00a0 \u00a0 \u00a0 \u00a0 \u00a0\u00a0<\/strong><strong>Inteira\u00a0 \u00a0 \u00a0 \u00a0 \u00a0 \u00a0 \u00a0 \u00a0 \u00a0Meia<\/strong><\/p>\n<p>Pista Premium\u00a0 \u00a0 \u00a0 \u00a0 \u00a0 \u00a0 \u00a0R$ 680,00\u00a0 \u00a0 \u00a0 \u00a0 \u00a0 \u00a0 \u00a0R$ 340,00<\/p>\n<p>Pista\u00a0 \u00a0 \u00a0 \u00a0 \u00a0 \u00a0 \u00a0 \u00a0 \u00a0 \u00a0 \u00a0 \u00a0 \u00a0 \u00a0 \u00a0 \u00a0R$ 440,00\u00a0 \u00a0 \u00a0 \u00a0 \u00a0 \u00a0 \u00a0R$ 220,00<\/p>\n<p>Mezanino\u00a0 \u00a0 \u00a0 \u00a0 \u00a0 \u00a0 \u00a0 \u00a0 \u00a0 \u00a0 \u00a0R$ 720,00\u00a0 \u00a0 \u00a0 \u00a0 \u00a0 \u00a0 \u00a0 R$ 360,00<\/p>\n<p>Camarote A\u00a0 \u00a0 \u00a0 \u00a0 \u00a0 \u00a0 \u00a0 \u00a0 \u00a0R$ 850,00\u00a0 \u00a0 \u00a0 \u00a0 \u00a0 \u00a0 \u00a0 R$ 425,00<\/p>\n<p>Camarote B\u00a0 \u00a0 \u00a0 \u00a0 \u00a0 \u00a0 \u00a0 \u00a0 R$ 800,00\u00a0 \u00a0 \u00a0 \u00a0 \u00a0 \u00a0 \u00a0 R$ 400,00<\/p>\n<p>Ingressos a venda a partir do dia 13\/11\/23 \u00e0s 10h \u2013 Pr\u00e9-Venda do F\u00e3 clube e 14\/11\/2023 \u2013 Para o p\u00fablico em geral &#8211; Ingressos Parcelados em at\u00e9 3X s\/ juros<\/p>\n<p>&nbsp;<\/p>\n<p>Na internet:<\/p>\n<p><a class=\"TWoY9 itht3\" href=\"https:\/\/www.ticket360.com.br\/evento\/27888\/ingressos-para-megadeth\" target=\"_blank\" rel=\"noopener noreferrer\" data-hook=\"linkViewer\"><u class=\"D-jZk\">https:\/\/www.ticket360.com.br\/evento\/27888\/ingressos-para-megadeth<\/u><\/a><\/p>\n<p>&nbsp;<\/p>\n<p>Postos de venda: Confira no link qual o ponto de venda mais pr\u00f3ximo:<\/p>\n<p><a class=\"TWoY9 itht3\" href=\"https:\/\/www.ticket360.com.br\/ponto-de-venda\" target=\"_blank\" rel=\"noopener noreferrer\" data-hook=\"linkViewer\"><u class=\"D-jZk\">https:\/\/www.ticket360.com.br\/ponto-de-venda<\/u><\/a><\/p>\n<p>&nbsp;<\/p>\n<p>&nbsp;<\/p>\n<p><strong>Ponto de venda sem taxa de conveni\u00eancia:<\/strong><\/p>\n<p>Bilheterias do Espa\u00e7o das Am\u00e9ricas<\/p>\n<p>Rua Tagipuru, 795 \u2013 Barra Funda \u2013 S\u00e3o Paulo<\/p>\n<p>Hor\u00e1rio de funcionamento: segunda a s\u00e1bado das 10h \u00e0s 19h, exceto feriados.<\/p>\n<p>Meia Entrada: Confira a pol\u00edtica de meia entrada em:<a class=\"TWoY9 itht3\" href=\"https:\/\/www.ticket360.com.br\/meia-entrada\" target=\"_blank\" rel=\"noopener noreferrer\" data-hook=\"linkViewer\"><u class=\"D-jZk\"> https:\/\/www.ticket360.com.br\/meia-entrada<\/u><\/a><\/p>\n<p>&nbsp;<\/p>\n<p>&nbsp;<\/p>\n<p>&nbsp;<\/p>\n<p><strong>Mapa de vendas:<\/strong><\/p>\n<p><img loading=\"lazy\" decoding=\"async\" class=\"alignnone size-full wp-image-18921\" src=\"http:\/\/heavymetalonline.com.br\/wp-content\/uploads\/2023\/11\/unnamed-1-3.jpg\" alt=\"\" width=\"679\" height=\"836\" srcset=\"https:\/\/heavymetalonline.com.br\/wp-content\/uploads\/2023\/11\/unnamed-1-3.jpg 679w, https:\/\/heavymetalonline.com.br\/wp-content\/uploads\/2023\/11\/unnamed-1-3-244x300.jpg 244w\" sizes=\"auto, (max-width: 679px) 100vw, 679px\" \/><\/p>\n<p id=\"viewer-egtpl\" class=\"xVISr Y9Dpf bCMSCT OZy-3 lnyWN yMZv8w bCMSCT public-DraftStyleDefault-block-depth0 fixed-tab-size public-DraftStyleDefault-text-ltr\"><span class=\"B2EFF public-DraftStyleDefault-ltr\"><strong>Fonte:<\/strong> Catto Comunica\u00e7\u00e3o<\/span><\/p>\n<div data-hook=\"rcv-block10\"><\/div>\n<div id=\"viewer-27o7e\" class=\"xVISr Y9Dpf bCMSCT OZy-3 lnyWN yMZv8w bCMSCT public-DraftStyleDefault-block-depth0 fixed-tab-size public-DraftStyleDefault-text-ltr\"><\/div>\n","protected":false},"excerpt":{"rendered":"<p>Prepare-se para ouvir os melhores e mais revigorantes riffs da hist\u00f3ria do rock. Megadeth confirma o retorno triunfante \u00e0 Am\u00e9rica Latina para o lan\u00e7amento do 16\u00ba \u00e1lbum, The Sick, The Dying&#8230; And The Dead, com parada no Brasil! A banda de David Mustaine trar\u00e1 seu thrash metal intransigentemente feroz para S\u00e3o Paulo, em 18 de [&hellip;]<\/p>\n","protected":false},"author":12,"featured_media":18922,"comment_status":"closed","ping_status":"open","sticky":false,"template":"","format":"standard","meta":{"footnotes":""},"categories":[4],"tags":[],"class_list":["post-18919","post","type-post","status-publish","format-standard","has-post-thumbnail","hentry","category-noticias"],"_links":{"self":[{"href":"https:\/\/heavymetalonline.com.br\/index.php?rest_route=\/wp\/v2\/posts\/18919","targetHints":{"allow":["GET"]}}],"collection":[{"href":"https:\/\/heavymetalonline.com.br\/index.php?rest_route=\/wp\/v2\/posts"}],"about":[{"href":"https:\/\/heavymetalonline.com.br\/index.php?rest_route=\/wp\/v2\/types\/post"}],"author":[{"embeddable":true,"href":"https:\/\/heavymetalonline.com.br\/index.php?rest_route=\/wp\/v2\/users\/12"}],"replies":[{"embeddable":true,"href":"https:\/\/heavymetalonline.com.br\/index.php?rest_route=%2Fwp%2Fv2%2Fcomments&post=18919"}],"version-history":[{"count":1,"href":"https:\/\/heavymetalonline.com.br\/index.php?rest_route=\/wp\/v2\/posts\/18919\/revisions"}],"predecessor-version":[{"id":18923,"href":"https:\/\/heavymetalonline.com.br\/index.php?rest_route=\/wp\/v2\/posts\/18919\/revisions\/18923"}],"wp:featuredmedia":[{"embeddable":true,"href":"https:\/\/heavymetalonline.com.br\/index.php?rest_route=\/wp\/v2\/media\/18922"}],"wp:attachment":[{"href":"https:\/\/heavymetalonline.com.br\/index.php?rest_route=%2Fwp%2Fv2%2Fmedia&parent=18919"}],"wp:term":[{"taxonomy":"category","embeddable":true,"href":"https:\/\/heavymetalonline.com.br\/index.php?rest_route=%2Fwp%2Fv2%2Fcategories&post=18919"},{"taxonomy":"post_tag","embeddable":true,"href":"https:\/\/heavymetalonline.com.br\/index.php?rest_route=%2Fwp%2Fv2%2Ftags&post=18919"}],"curies":[{"name":"wp","href":"https:\/\/api.w.org\/{rel}","templated":true}]}}