{"id":18970,"date":"2023-11-17T14:11:26","date_gmt":"2023-11-17T14:11:26","guid":{"rendered":"http:\/\/heavymetalonline.com.br\/?p=18970"},"modified":"2023-11-17T14:11:26","modified_gmt":"2023-11-17T14:11:26","slug":"rock-in-rio-convida-os-fas-a-compartilharem-seus-momentos-inesqueciveis-vividos-com-o-festival","status":"publish","type":"post","link":"https:\/\/heavymetalonline.com.br\/?p=18970","title":{"rendered":"Rock in Rio convida os f\u00e3s a compartilharem seus momentos inesquec\u00edveis vividos com o festival"},"content":{"rendered":"<div class=\"nLG8d5\" data-hook=\"post-description\">\n<article class=\"blog-post-page-font\">\n<div class=\"post-content__body\">\n<div class=\"moHCnT\">\n<div class=\"moHCnT\">\n<div class=\"fTEXDR A2sIZ4 QEEfz0\" data-rce-version=\"9.14.7\">\n<div class=\"itVXy dojW8l s6hjqn _8a1b4\" dir=\"ltr\" data-id=\"rich-content-viewer\">\n<p>&nbsp;<\/p>\n<div class=\"mhGZq BAGeNT\">\n<p id=\"viewer-c11sp\" class=\"xVISr Y9Dpf bCMSCT OZy-3 _40ACk Ecq9kg bCMSCT public-DraftStyleDefault-block-depth0 fixed-tab-size public-DraftStyleDefault-text-ltr\"><span class=\"B2EFF public-DraftStyleDefault-ltr\"><img loading=\"lazy\" decoding=\"async\" class=\"alignnone size-full wp-image-18380\" src=\"http:\/\/heavymetalonline.com.br\/wp-content\/uploads\/2023\/09\/unnamed.png\" alt=\"\" width=\"703\" height=\"309\" srcset=\"https:\/\/heavymetalonline.com.br\/wp-content\/uploads\/2023\/09\/unnamed.png 703w, https:\/\/heavymetalonline.com.br\/wp-content\/uploads\/2023\/09\/unnamed-300x132.png 300w\" sizes=\"auto, (max-width: 703px) 100vw, 703px\" \/><\/span><\/p>\n<p style=\"text-align: center;\"><em>Celebrando as hist\u00f3rias mais emocionantes e resgatando a magia dos 40 anos, festival lan\u00e7a plataforma de conte\u00fado &#8220;Grandes Encontros&#8221;<\/em><\/p>\n<p class=\"xVISr Y9Dpf bCMSCT OZy-3 _40ACk Ecq9kg bCMSCT public-DraftStyleDefault-block-depth0 fixed-tab-size public-DraftStyleDefault-text-ltr\"><span class=\"B2EFF public-DraftStyleDefault-ltr\">Desde a primeira edi\u00e7\u00e3o, em 1985, j\u00e1 passaram mais de 11.2 milh\u00f5es de visitantes nas quatro Cidades do Rock que o Rio de Janeiro j\u00e1 hospedou \u2014 al\u00e9m das em Lisboa, Madri e Las Vegas. Esses f\u00e3s assistiram a 3.816 artistas em 130 dias de magia. A Cidade do Rock \u00e9 onde hist\u00f3rias incr\u00edveis acontecem, onde conex\u00f5es s\u00e3o formadas e onde os momentos se tornam eternos. Amigos que se re\u00fanem ano ap\u00f3s ano, fam\u00edlias que transformam o festival em tradi\u00e7\u00e3o e casais que encontram o amor no meio da m\u00fasica. Ao longo desses 40 anos, a Cidade do Rock foi o palco de momentos especiais que se transformaram em mem\u00f3rias que ficam para vida toda, e cada edi\u00e7\u00e3o guardadas para sempre. A partir de agora, esses momentos transbordar\u00e3o a mem\u00f3ria dos f\u00e3s e v\u00e3o se reunir em uma plataforma chamada <a class=\"TWoY9 itht3\" href=\"https:\/\/click.presskit.com.br\/url\/9841258c50\/6552760340d\" target=\"_blank\" rel=\"noopener noreferrer\" data-hook=\"linkViewer\"><u class=\"D-jZk\">\u201cGrandes Encontros\u201d<\/u><\/a>. \u00c9 por l\u00e1 que, com a ajuda do f\u00e3, grande protagonista dessa trajet\u00f3ria, vamos conhecer as milhares de hist\u00f3rias dos grandes encontros que a Cidade do Rock promoveu. Ser\u00e1 a oportunidade de os f\u00e3s do festival compartilharem seus momentos m\u00e1gicos vividos nessas 22 edi\u00e7\u00f5es do Rock in Rio \u2014 nove no Rio de Janeiro. <\/span><\/p>\n<div id=\"viewer-5cs51\" class=\"xVISr Y9Dpf bCMSCT OZy-3 _40ACk Ecq9kg bCMSCT public-DraftStyleDefault-block-depth0 fixed-tab-size public-DraftStyleDefault-text-ltr\"><span class=\"B2EFF public-DraftStyleDefault-ltr\">\u00a0<\/span><\/div>\n<p id=\"viewer-8joeo\" class=\"xVISr Y9Dpf bCMSCT OZy-3 _40ACk Ecq9kg bCMSCT public-DraftStyleDefault-block-depth0 fixed-tab-size public-DraftStyleDefault-text-ltr\"><span class=\"B2EFF public-DraftStyleDefault-ltr\">A plataforma <a class=\"TWoY9 itht3\" href=\"https:\/\/click.presskit.com.br\/url\/9841258c50\/6552760340d\" target=\"_blank\" rel=\"noopener noreferrer\" data-hook=\"linkViewer\"><u class=\"D-jZk\">\u201cGrandes Encontros\u201d<\/u><\/a> faz parte da colet\u00e2nea de conte\u00fado da campanha \u201cRock in Rio 40 anos e para sempre\u201d, na qual o Rock in Rio brinca com o passado e o futuro, refor\u00e7ando que o maior festival de m\u00fasica e entretenimento do mundo est\u00e1 na mem\u00f3ria afetiva dos f\u00e3s e faz parte de suas vidas. A celebra\u00e7\u00e3o dos 40 anos do Rock in Rio tamb\u00e9m promete uma Cidade do Rock cheia de novidades: novo palco Mundo, Sunset ainda maior, uma nova \u00e1rea chamada Global Village, um musical in\u00e9dito e muito mais. O Rock in Rio est\u00e1 marcado para os dias 13, 14, 15, 19, 20, 21 e 22 de setembro de 2024, na Cidade do Rock, no Rio de Janeiro.<\/span><\/p>\n<div id=\"viewer-1m28v\" class=\"xVISr Y9Dpf bCMSCT OZy-3 _40ACk Ecq9kg bCMSCT public-DraftStyleDefault-block-depth0 fixed-tab-size public-DraftStyleDefault-text-ltr\"><span class=\"B2EFF public-DraftStyleDefault-ltr\">\u00a0<\/span><\/div>\n<p id=\"viewer-c29tr\" class=\"xVISr Y9Dpf bCMSCT OZy-3 _40ACk Ecq9kg bCMSCT public-DraftStyleDefault-block-depth0 fixed-tab-size public-DraftStyleDefault-text-ltr\"><span class=\"B2EFF public-DraftStyleDefault-ltr\">Roberto Medina, idealizador do Rock in Rio, avalia que a m\u00fasica tem um poder transformador e restaurador na vida das pessoas e o festival se torna um fio condutor para essas experi\u00eancias acontecerem. <em>\u201cH\u00e1 quase 40 anos eu ou\u00e7o as hist\u00f3rias mais incr\u00edveis que as pessoas tiveram com o Rock in Rio ou que o festival, de alguma forma, proporcionou a elas. Seja um encontro de f\u00e3s com \u00eddolos, amigos, novos casais, at\u00e9 mesmo na realiza\u00e7\u00e3o de sonhos mais profundos. \u00c9 emocionante pra mim abrir esse espa\u00e7o para que os f\u00e3s possam compartilhar com todo mundo a pot\u00eancia e import\u00e2ncia que o Rock in Rio tem na suas vidas, as mem\u00f3rias inesquec\u00edveis que cada um guarda dentro de si. As pessoas s\u00e3o as protagonistas do nosso espet\u00e1culo e s\u00e3o elas que fazem os 40 anos do Rock in Rio serem t\u00e3o emblem\u00e1ticos, agora e sempre. N\u00e3o \u00e0 toa, fomos o primeiro festival a iluminar a plateia e assim seguiremos. Somos uma coisa s\u00f3\u201d<\/em>. <\/span><\/p>\n<p id=\"viewer-4agmu\" class=\"xVISr Y9Dpf bCMSCT OZy-3 _40ACk Ecq9kg bCMSCT public-DraftStyleDefault-block-depth0 fixed-tab-size public-DraftStyleDefault-text-ltr\"><span class=\"B2EFF public-DraftStyleDefault-ltr\"><strong>S\u00e3o 40 anos de hist\u00f3rias inesquec\u00edveis e que agora ser\u00e3o eternizadas<\/strong><\/span><\/p>\n<p id=\"viewer-3833t\" class=\"xVISr Y9Dpf bCMSCT OZy-3 _40ACk Ecq9kg bCMSCT public-DraftStyleDefault-block-depth0 fixed-tab-size public-DraftStyleDefault-text-ltr\"><span class=\"B2EFF public-DraftStyleDefault-ltr\">A plataforma \u00e9 um espa\u00e7o para reunir hist\u00f3rias e reviver mem\u00f3rias das pessoas, marcas, colaboradores e todos que t\u00eam uma rela\u00e7\u00e3o especial com o Rock in Rio. O festival convida os f\u00e3s a eternizar suas hist\u00f3rias de forma especial, ilustrada e que pode ser compartilhada nas redes sociais do Rock in Rio, marcando esse encontro para sempre! Para subir uma hist\u00f3ria na plataforma \u00e9 muito simples: basta acessar o site (clique <a class=\"TWoY9 itht3\" href=\"https:\/\/click.presskit.com.br\/url\/9841258c50\/6552760340d\" target=\"_blank\" rel=\"noopener noreferrer\" data-hook=\"linkViewer\"><u class=\"D-jZk\">aqui<\/u><\/a>), preencher a ficha de cadastro e compartilhar um depoimento em at\u00e9 1.000 caracteres. Os f\u00e3s tamb\u00e9m podem subir uma foto. Importante lembrar que vale tudo, menos discursos de \u00f3dio e conte\u00fados impr\u00f3prios. A plataforma contar\u00e1 com modera\u00e7\u00e3o para melhor atender aos princ\u00edpios da comunidade.<\/span><\/p>\n<div id=\"viewer-4nm8r\" class=\"xVISr Y9Dpf bCMSCT OZy-3 _40ACk Ecq9kg bCMSCT public-DraftStyleDefault-block-depth0 fixed-tab-size public-DraftStyleDefault-text-ltr\"><span class=\"B2EFF public-DraftStyleDefault-ltr\">\u00a0<\/span><\/div>\n<p id=\"viewer-fsct3\" class=\"xVISr Y9Dpf bCMSCT OZy-3 _40ACk Ecq9kg bCMSCT public-DraftStyleDefault-block-depth0 fixed-tab-size public-DraftStyleDefault-text-ltr\"><span class=\"B2EFF public-DraftStyleDefault-ltr\">Uma das hist\u00f3rias que estar\u00e1 no \u201cGrandes Encontros\u201d \u00e9 a de Carlos Eduardo Ortega, que conta que o Rock in Rio sempre foi um sonho para ele e, no seu anivers\u00e1rio de 15 anos, em 2015, ganhou o ingresso de presente dos pais. Uma semana antes sua av\u00f3 faleceu, mas o sentimento de realizar o grande sonho foi decisivo. Mesmo abalado com a dor da perda, Cadu entendeu que seria o desejo de sua av\u00f3 que ele fosse e vivesse cada segundo. <em>\u201cEu fui. E vivi um dos momentos mais lindos da minha vida com a certeza de que ela estava ali. Prometi que jamais perderia a oportunidade de viver esse sonho que nunca morre, assim como todo o amor que eu sentia pela minha av\u00f3. Desde ent\u00e3o n\u00e3o perco nenhuma edi\u00e7\u00e3o, sigo me encontrando com todos os amigos que conheci e a cada nova edi\u00e7\u00e3o conven\u00e7o outros amigos e fam\u00edlia a experimentarem essa experi\u00eancia linda. Rock in Rio \u00e9 amor, \u00e9 mem\u00f3ria pra vida, \u00e9 meu sonho que nunca morre\u201d<\/em>. <\/span><\/p>\n<div id=\"viewer-47ttk\" class=\"xVISr Y9Dpf bCMSCT OZy-3 _40ACk Ecq9kg bCMSCT public-DraftStyleDefault-block-depth0 fixed-tab-size public-DraftStyleDefault-text-ltr\"><span class=\"B2EFF public-DraftStyleDefault-ltr\">\u00a0<\/span><\/div>\n<p id=\"viewer-9se9q\" class=\"xVISr Y9Dpf bCMSCT OZy-3 _40ACk Ecq9kg bCMSCT public-DraftStyleDefault-block-depth0 fixed-tab-size public-DraftStyleDefault-text-ltr\"><span class=\"B2EFF public-DraftStyleDefault-ltr\">Em 1985 foi o ano que se encerrou a ditadura militar no pa\u00eds. Os jovens estavam ansiosos pela t\u00e3o sonhada liberdade e a hist\u00f3ria de Claudio Pinho vai de encontro a esse momento, em uma \u00e9poca anterior \u00e0 certas regras de tr\u00e2nsito. Ele conta que sua irm\u00e3 mais velha, ent\u00e3o com 23 anos, levou oito para o Rock in Rio, em um Itamaraty 1968. O mais impressionante \u00e9 que o carro ainda existe e \u00e9 o meio de transporte utilizado por Claudio no dia a dia, que o mant\u00e9m restaurado e customizado. <\/span><\/p>\n<div id=\"viewer-butma\" class=\"xVISr Y9Dpf bCMSCT OZy-3 _40ACk Ecq9kg bCMSCT public-DraftStyleDefault-block-depth0 fixed-tab-size public-DraftStyleDefault-text-ltr\"><span class=\"B2EFF public-DraftStyleDefault-ltr\">\u00a0<\/span><\/div>\n<p id=\"viewer-1jbsi\" class=\"xVISr Y9Dpf bCMSCT OZy-3 _40ACk Ecq9kg bCMSCT public-DraftStyleDefault-block-depth0 fixed-tab-size public-DraftStyleDefault-text-ltr\"><span class=\"B2EFF public-DraftStyleDefault-ltr\">J\u00e1 Fabiano Gil da Silva conta uma hist\u00f3ria que, n\u00e3o apenas transcende gera\u00e7\u00f5es, mas tamb\u00e9m emociona. Na primeira edi\u00e7\u00e3o a que compareceu, em 2001, sua falecida esposa estava gr\u00e1vida do primeiro filho do casal. Em 2013, Fabiano levou o jovem Bernardo, ent\u00e3o com 12 anos, para compartilhar a emo\u00e7\u00e3o e a experi\u00eancia de seu primeiro Rock in Rio. <\/span><\/p>\n<p id=\"viewer-e0b06\" class=\"xVISr Y9Dpf bCMSCT OZy-3 _40ACk Ecq9kg bCMSCT public-DraftStyleDefault-block-depth0 fixed-tab-size public-DraftStyleDefault-text-ltr\"><span class=\"B2EFF public-DraftStyleDefault-ltr\">A hist\u00f3ria de Luana Varella com o Rock in Rio come\u00e7a em 2001, quando Sandy e Junior se apresentaram no festival. Na \u00e9poca, com 11 anos e zero reais no bolso, Luana curtiu o show pela r\u00e1dio. Os anos se passaram e ela nunca desistiu de ir ao festival. Em 2011, no retorno do Rock in Rio ao Rio de Janeiro, Luana estava l\u00e1, no primeiro dia. \u201ca sensa\u00e7\u00e3o foi \u00fanica! Passou um filme na minha cabe\u00e7a, eu lembrei de cada l\u00e1grima que saiu do meu olho l\u00e1 em 2001, no meu quarto escuro, daquela menininha que achava que esse sonho era imposs\u00edvel\u201d. Luana j\u00e1 foi a sete edi\u00e7\u00f5es, incluindo o Rock in Rio Lisboa e explica: \u201cEstar no Rock in Rio a cada edi\u00e7\u00e3o me d\u00e1 um g\u00e1s que eu n\u00e3o consigo explicar. \u00c9 um misto de esperan\u00e7a, de for\u00e7a e muita garra, que s\u00f3 quem pisa naquele gramado sabe do que eu t\u00f4 falando\u201d.<\/span><\/p>\n<div id=\"viewer-51a4f\" class=\"xVISr Y9Dpf bCMSCT OZy-3 _40ACk Ecq9kg bCMSCT public-DraftStyleDefault-block-depth0 fixed-tab-size public-DraftStyleDefault-text-ltr\"><span class=\"B2EFF public-DraftStyleDefault-ltr\">\u00a0<\/span><\/div>\n<p id=\"viewer-amtjo\" class=\"xVISr Y9Dpf bCMSCT OZy-3 _40ACk Ecq9kg bCMSCT public-DraftStyleDefault-block-depth0 fixed-tab-size public-DraftStyleDefault-text-ltr\"><span class=\"B2EFF public-DraftStyleDefault-ltr\"><strong>Rock in Rio celebra 40 anos de hist\u00f3ria com Exposi\u00e7\u00e3o, Livro e ainda um novo Musical para 2024<\/strong><\/span><\/p>\n<p id=\"viewer-1glj3\" class=\"xVISr Y9Dpf bCMSCT OZy-3 _40ACk Ecq9kg bCMSCT public-DraftStyleDefault-block-depth0 fixed-tab-size public-DraftStyleDefault-text-ltr\"><span class=\"B2EFF public-DraftStyleDefault-ltr\">No pr\u00f3ximo ano, o Rock in Rio vai celebrar quatro d\u00e9cadas de grandes encontros: entre artistas, a Cidade do Rock e seus f\u00e3s, entre amigos, fam\u00edlias, ritmos e g\u00eaneros musicais. E para 2024, o p\u00fablico pode come\u00e7ar sua contagem regressiva n\u00e3o apenas para a Cidade do Rock, mas para dias de festa ao longo do ano. A primeira delas acontece na virada do ano, em um dos principais r\u00e9veillons do mundo, o de Copacabana, quando o Rock in Rio ser\u00e1 homenageado nesta grande festa. O p\u00fablico que estiver na praia de Copacabana, ou assistindo pela televis\u00e3o, poder\u00e1 acompanhar uma apresenta\u00e7\u00e3o digna de celebra\u00e7\u00e3o de 40 anos, com show de drones, apresenta\u00e7\u00e3o de orquestras e muito mais. <\/span><\/p>\n<div id=\"viewer-2871p\" class=\"xVISr Y9Dpf bCMSCT OZy-3 _40ACk Ecq9kg bCMSCT public-DraftStyleDefault-block-depth0 fixed-tab-size public-DraftStyleDefault-text-ltr\"><span class=\"B2EFF public-DraftStyleDefault-ltr\">\u00a0<\/span><\/div>\n<p id=\"viewer-2jqon\" class=\"xVISr Y9Dpf bCMSCT OZy-3 _40ACk Ecq9kg bCMSCT public-DraftStyleDefault-block-depth0 fixed-tab-size public-DraftStyleDefault-text-ltr\"><span class=\"B2EFF public-DraftStyleDefault-ltr\">O festival tamb\u00e9m prepara uma exposi\u00e7\u00e3o interativa e imersiva contando seus 40 anos, al\u00e9m da publica\u00e7\u00e3o de um table book e um novo musical inspirado em toda sua trajet\u00f3ria. Se o Rock in Rio de 2022 ganhou o espet\u00e1culo Uirapuru e o The Town abrigou o \u201cThe Town, O Musical\u201d, na edi\u00e7\u00e3o que celebra os 40 anos do festival n\u00e3o ser\u00e1 diferente. Uma nova produ\u00e7\u00e3o Rock in Rio Originals, trar\u00e1 o evento e o Rio de Janeiro como narrativa. Com cria\u00e7\u00e3o de Roberto Medina, dire\u00e7\u00e3o musical de Z\u00e9 Ricardo, roteiro e dire\u00e7\u00e3o art\u00edstica de Charles M\u00f6eller, este projeto ganhar\u00e1 vida dentro e fora da Cidade do Rock. <\/span><\/p>\n<p id=\"viewer-850hr\" class=\"xVISr Y9Dpf bCMSCT OZy-3 _40ACk Ecq9kg bCMSCT public-DraftStyleDefault-block-depth0 fixed-tab-size public-DraftStyleDefault-text-ltr\"><span class=\"B2EFF public-DraftStyleDefault-ltr\"><strong>Na Cidade do Rock, a organiza\u00e7\u00e3o anuncia novidades para a celebra\u00e7\u00e3o de 40 anos<\/strong><\/span><\/p>\n<p id=\"viewer-ji2d\" class=\"xVISr Y9Dpf bCMSCT OZy-3 _40ACk Ecq9kg bCMSCT public-DraftStyleDefault-block-depth0 fixed-tab-size public-DraftStyleDefault-text-ltr\"><span class=\"B2EFF public-DraftStyleDefault-ltr\">No ano da celebra\u00e7\u00e3o dos 40 anos do Rock in Rio, quem tamb\u00e9m vir\u00e1 em maior tamanho ser\u00e1 o Palco Sunset. Pela primeira vez na hist\u00f3ria do festival, o palco dos grandes encontros, queridinho do p\u00fablico e da cr\u00edtica, ter\u00e1 a mesma boca de cena que o gigante Palco Mundo, refor\u00e7ando toda a sua pot\u00eancia e igualdade.<\/span><\/p>\n<p id=\"viewer-fd5no\" class=\"xVISr Y9Dpf bCMSCT OZy-3 _40ACk Ecq9kg bCMSCT public-DraftStyleDefault-block-depth0 fixed-tab-size public-DraftStyleDefault-text-ltr\"><span class=\"B2EFF public-DraftStyleDefault-ltr\">J\u00e1 o Palco Mundo, com uma megaestrutura de 104m de frente e 30m de altura, para 2024 receber\u00e1 novidades na cenografia. V\u00e1rias surpresas prometem encantar e gerar uma conex\u00e3o com o p\u00fablico, al\u00e9m de oportunidades de selfies, com um visual din\u00e2mico que trar\u00e1 ainda mais beleza para a Cidade do Rock.<\/span><\/p>\n<div id=\"viewer-1ufj1\" class=\"xVISr Y9Dpf bCMSCT OZy-3 _40ACk Ecq9kg bCMSCT public-DraftStyleDefault-block-depth0 fixed-tab-size public-DraftStyleDefault-text-ltr\"><span class=\"B2EFF public-DraftStyleDefault-ltr\">\u00a0<\/span><\/div>\n<p id=\"viewer-50uvr\" class=\"xVISr Y9Dpf bCMSCT OZy-3 _40ACk Ecq9kg bCMSCT public-DraftStyleDefault-block-depth0 fixed-tab-size public-DraftStyleDefault-text-ltr\"><span class=\"B2EFF public-DraftStyleDefault-ltr\"><strong>Sobre o Rock in Rio<\/strong><\/span><\/p>\n<p id=\"viewer-7b0ju\" class=\"xVISr Y9Dpf bCMSCT OZy-3 _40ACk Ecq9kg bCMSCT public-DraftStyleDefault-block-depth0 fixed-tab-size public-DraftStyleDefault-text-ltr\"><span class=\"B2EFF public-DraftStyleDefault-ltr\">1984 marca o in\u00edcio das prepara\u00e7\u00f5es para a primeira edi\u00e7\u00e3o do evento idealizado por Roberto Medina e que hoje, 40 anos depois, \u00e9 considerado o maior festival de m\u00fasica e entretenimento do mundo \u2013 o Rock in Rio. A hist\u00f3ria do evento se entrela\u00e7a com a do entretenimento no Brasil, sendo respons\u00e1vel por colocar o pa\u00eds na rota dos eventos internacionais, j\u00e1 que pela primeira vez, um pa\u00eds da Am\u00e9rica do Sul sediou um evento musical dessa magnitude. Em uma \u00e1rea de 250 mil m2, em Jacarepagu\u00e1, durante dez dias, 1 milh\u00e3o e 380 mil pessoas foram iluminadas pela primeira vez e come\u00e7aram a fazer parte do grande espet\u00e1culo. No palco \u2014 o maior do mundo na \u00e9poca, com 80m de boca de cena \u2014 15 atra\u00e7\u00f5es nacionais e 16 internacionais. Originalmente organizado no Rio de Janeiro, o festival ganhou o mundo chegando a Lisboa (Portugal), onde \u00e9 realizado at\u00e9 hoje, passando por Madrid (Espanha) e Las Vegas (USA). <\/span><\/p>\n<p id=\"viewer-397rk\" class=\"xVISr Y9Dpf bCMSCT OZy-3 _40ACk Ecq9kg bCMSCT public-DraftStyleDefault-block-depth0 fixed-tab-size public-DraftStyleDefault-text-ltr\"><span class=\"B2EFF public-DraftStyleDefault-ltr\">Desde a primeira edi\u00e7\u00e3o, j\u00e1 gerou 265 mil empregos diretos e indiretos e, apenas na \u00faltima, em 2022, um impacto econ\u00f4mico de mais de 2 bilh\u00f5es na cidade do Rio de Janeiro. Tamb\u00e9m no ano passado, o Rock in Rio foi considerado patrim\u00f4nio cultural imaterial do estado do Rio de Janeiro. Pelas Cidades do Rock, desde 1985, j\u00e1 passaram mais de 11.2 milh\u00f5es de visitantes, que assistiram a 3.816 artistas em 130 dias de magia. Dentre os n\u00fameros gigantes do festival, mais de 64 milh\u00f5es de pessoas alcan\u00e7adas nas redes sociais apenas em 2022 e mais de 12 milh\u00f5es de f\u00e3s online. <\/span><\/p>\n<p id=\"viewer-arp4h\" class=\"xVISr Y9Dpf bCMSCT OZy-3 _40ACk Ecq9kg bCMSCT public-DraftStyleDefault-block-depth0 fixed-tab-size public-DraftStyleDefault-text-ltr\"><span class=\"B2EFF public-DraftStyleDefault-ltr\">Gerando impactos positivos nos pa\u00edses onde \u00e9 realizado e consciente do poder disseminador da marca, o Rock in Rio pauta-se por ser um evento com o prop\u00f3sito de construir um mundo melhor para pessoas mais felizes, confiantes e emp\u00e1ticas num planeta mais saud\u00e1vel. Adotando e incentivando pr\u00e1ticas que apoiam o coletivo, se une a empresas que possuem este mesmo olhar e diretriz. O festival investiu, junto com seus parceiros, mais de R\uff04 110 milh\u00f5es em diferentes projetos, passando por temas como sustentabilidade, educa\u00e7\u00e3o, m\u00fasica, florestas, entre outros.\u202fApenas na Amaz\u00f4nia, 73 milh\u00f5es de \u00e1rvores foram plantadas. A marca foi pioneira em ter a certifica\u00e7\u00e3o ISO 20121 \u2014 Eventos Sustent\u00e1veis e, em 2022, come\u00e7ou a trabalhar ambiciosas metas para 2030, alinhadas com os Objetivos de Desenvolvimento Sustent\u00e1vel (ODS). <\/span><\/p>\n<p id=\"viewer-e8rpo\" class=\"xVISr Y9Dpf bCMSCT OZy-3 _40ACk Ecq9kg bCMSCT public-DraftStyleDefault-block-depth0 fixed-tab-size public-DraftStyleDefault-text-ltr\"><span class=\"B2EFF public-DraftStyleDefault-ltr\">O ano de 2024 ser\u00e1 de muitas comemora\u00e7\u00f5es para o Rock in Rio. O ano em que tudo come\u00e7ou, 40 anos depois, d\u00e1 in\u00edcio \u00e0s celebra\u00e7\u00f5es. E a festa brasileira j\u00e1 est\u00e1 marcada: 13, 14, 15, 19, 20, 21 e 22 de setembro de 2024, no Parque Ol\u00edmpico, Rio de Janeiro; e a lisboeta tamb\u00e9m: 15, 16, 22 e 23 de junho de 2024, no Parque Tejo. Das 22 edi\u00e7\u00f5es anteriores, nove ocorreram no Brasil (1985, 1991, 2001, 2011, 2013, 2015, 2017, 2019 e 2022), nove em Portugal (2004, 2006, 2008, 2010, 2012, 2014, 2016, 2018 e 2022), tr\u00eas na Espanha (2008, 2010 e 2012) e uma nos Estados Unidos (2015).<\/span><\/p>\n<div id=\"viewer-26g4h\" class=\"xVISr Y9Dpf bCMSCT OZy-3 _40ACk Ecq9kg bCMSCT public-DraftStyleDefault-block-depth0 fixed-tab-size public-DraftStyleDefault-text-ltr\"><span class=\"B2EFF public-DraftStyleDefault-ltr\">\u00a0<\/span><\/div>\n<p id=\"viewer-7erce\" class=\"xVISr Y9Dpf bCMSCT OZy-3 _40ACk Ecq9kg bCMSCT public-DraftStyleDefault-block-depth0 fixed-tab-size public-DraftStyleDefault-text-ltr\"><span class=\"B2EFF public-DraftStyleDefault-ltr\"><strong>Fonte: <\/strong>Approach Comunica\u00e7\u00e3o<\/span><\/p>\n<\/div>\n<\/div>\n<\/div>\n<\/div>\n<\/div>\n<\/div>\n<\/article>\n<\/div>\n<div id=\"post-footer\" class=\"OFA52E jG7PL8\"><\/div>\n","protected":false},"excerpt":{"rendered":"<p>&nbsp; Celebrando as hist\u00f3rias mais emocionantes e resgatando a magia dos 40 anos, festival lan\u00e7a plataforma de conte\u00fado &#8220;Grandes Encontros&#8221; Desde a primeira edi\u00e7\u00e3o, em 1985, j\u00e1 passaram mais de 11.2 milh\u00f5es de visitantes nas quatro Cidades do Rock que o Rio de Janeiro j\u00e1 hospedou \u2014 al\u00e9m das em Lisboa, Madri e Las Vegas. [&hellip;]<\/p>\n","protected":false},"author":12,"featured_media":18380,"comment_status":"closed","ping_status":"open","sticky":false,"template":"","format":"standard","meta":{"footnotes":""},"categories":[4],"tags":[],"class_list":["post-18970","post","type-post","status-publish","format-standard","has-post-thumbnail","hentry","category-noticias"],"_links":{"self":[{"href":"https:\/\/heavymetalonline.com.br\/index.php?rest_route=\/wp\/v2\/posts\/18970","targetHints":{"allow":["GET"]}}],"collection":[{"href":"https:\/\/heavymetalonline.com.br\/index.php?rest_route=\/wp\/v2\/posts"}],"about":[{"href":"https:\/\/heavymetalonline.com.br\/index.php?rest_route=\/wp\/v2\/types\/post"}],"author":[{"embeddable":true,"href":"https:\/\/heavymetalonline.com.br\/index.php?rest_route=\/wp\/v2\/users\/12"}],"replies":[{"embeddable":true,"href":"https:\/\/heavymetalonline.com.br\/index.php?rest_route=%2Fwp%2Fv2%2Fcomments&post=18970"}],"version-history":[{"count":1,"href":"https:\/\/heavymetalonline.com.br\/index.php?rest_route=\/wp\/v2\/posts\/18970\/revisions"}],"predecessor-version":[{"id":18971,"href":"https:\/\/heavymetalonline.com.br\/index.php?rest_route=\/wp\/v2\/posts\/18970\/revisions\/18971"}],"wp:featuredmedia":[{"embeddable":true,"href":"https:\/\/heavymetalonline.com.br\/index.php?rest_route=\/wp\/v2\/media\/18380"}],"wp:attachment":[{"href":"https:\/\/heavymetalonline.com.br\/index.php?rest_route=%2Fwp%2Fv2%2Fmedia&parent=18970"}],"wp:term":[{"taxonomy":"category","embeddable":true,"href":"https:\/\/heavymetalonline.com.br\/index.php?rest_route=%2Fwp%2Fv2%2Fcategories&post=18970"},{"taxonomy":"post_tag","embeddable":true,"href":"https:\/\/heavymetalonline.com.br\/index.php?rest_route=%2Fwp%2Fv2%2Ftags&post=18970"}],"curies":[{"name":"wp","href":"https:\/\/api.w.org\/{rel}","templated":true}]}}