{"id":19012,"date":"2023-11-22T14:43:36","date_gmt":"2023-11-22T14:43:36","guid":{"rendered":"http:\/\/heavymetalonline.com.br\/?p=19012"},"modified":"2023-11-22T14:43:36","modified_gmt":"2023-11-22T14:43:36","slug":"com-korpiklaani-odins-krieger-fest-2023-comeca-nessa-semana-em-3-capitais","status":"publish","type":"post","link":"https:\/\/heavymetalonline.com.br\/?p=19012","title":{"rendered":"Com Korpiklaani, Odin&#8217;s Krieger Fest 2023 come\u00e7a nessa semana em 3 capitais"},"content":{"rendered":"<p><img loading=\"lazy\" decoding=\"async\" class=\"alignnone size-full wp-image-19016\" src=\"http:\/\/heavymetalonline.com.br\/wp-content\/uploads\/2023\/11\/unnamed-13.jpg\" alt=\"\" width=\"1180\" height=\"884\" srcset=\"https:\/\/heavymetalonline.com.br\/wp-content\/uploads\/2023\/11\/unnamed-13.jpg 1180w, https:\/\/heavymetalonline.com.br\/wp-content\/uploads\/2023\/11\/unnamed-13-300x225.jpg 300w, https:\/\/heavymetalonline.com.br\/wp-content\/uploads\/2023\/11\/unnamed-13-768x575.jpg 768w, https:\/\/heavymetalonline.com.br\/wp-content\/uploads\/2023\/11\/unnamed-13-1024x767.jpg 1024w\" sizes=\"auto, (max-width: 1180px) 100vw, 1180px\" \/><\/p>\n<p>Cr\u00e9dito<span class=\"KviDO\">:<\/span> Peero Lakanen<\/p>\n<p style=\"text-align: center;\"><em>Tradicional festival de m\u00fasica folk\/medieval acontece em S\u00e3o Paulo (SP, 24\/11), Porto Alegre (RS, 25\/11) e Rio de Janeiro (RJ, 26\/11)<\/em><\/p>\n<p id=\"viewer-q6qn\" class=\"xVISr Y9Dpf bCMSCT OZy-3 _40ACk Ecq9kg bCMSCT public-DraftStyleDefault-block-depth0 fixed-tab-size public-DraftStyleDefault-text-ltr\"><span class=\"B2EFF public-DraftStyleDefault-ltr\">O <strong>Korpiklaani<\/strong> est\u00e1 volta ao Brasil como atra\u00e7\u00e3o principal do <strong>Odin&#8217;s Krieger Fest<\/strong>. Na edi\u00e7\u00e3o 2023 do festival, que acontece em S\u00e3o Paulo (SP), Porto Alegre (RS) e Rio de Janeiro (RJ), a tradicional banda finlandesa traz a turn\u00ea que celebra 20 anos de sua vitoriosa e respeitada carreira internacional.<\/span><\/p>\n<div data-hook=\"rcv-block5\"><\/div>\n<div id=\"viewer-77u70\" class=\"xVISr Y9Dpf bCMSCT OZy-3 _40ACk Ecq9kg bCMSCT public-DraftStyleDefault-block-depth0 fixed-tab-size public-DraftStyleDefault-text-ltr\"><span class=\"B2EFF public-DraftStyleDefault-ltr\">\u00a0<\/span><\/div>\n<div data-hook=\"rcv-block6\"><\/div>\n<p id=\"viewer-87iv5\" class=\"xVISr Y9Dpf bCMSCT OZy-3 _40ACk Ecq9kg bCMSCT public-DraftStyleDefault-block-depth0 fixed-tab-size public-DraftStyleDefault-text-ltr\"><span class=\"B2EFF public-DraftStyleDefault-ltr\"><strong>O Odin&#8217;s Krieger Fest 2023 com Korpiklaani<\/strong> come\u00e7a na capital paulista, dia 24\/11, no Carioca Club, e segue dia 25\/11 para Porto Alegre, no O Culto. A \u00faltima parada \u00e9 Rio de Janeiro, no Agyto, dia 26\/11.<\/span><\/p>\n<div data-hook=\"rcv-block7\"><\/div>\n<div id=\"viewer-a9k79\" class=\"xVISr Y9Dpf bCMSCT OZy-3 _40ACk Ecq9kg bCMSCT public-DraftStyleDefault-block-depth0 fixed-tab-size public-DraftStyleDefault-text-ltr\"><span class=\"B2EFF public-DraftStyleDefault-ltr\">\u00a0<\/span><\/div>\n<div data-hook=\"rcv-block8\"><\/div>\n<p id=\"viewer-frbr3\" class=\"xVISr Y9Dpf bCMSCT OZy-3 _40ACk Ecq9kg bCMSCT public-DraftStyleDefault-block-depth0 fixed-tab-size public-DraftStyleDefault-text-ltr\"><span class=\"B2EFF public-DraftStyleDefault-ltr\">Banda renomadas e revela\u00e7\u00f5es nacionais do circuito folk\/medieval tamb\u00e9m se apresentam nesta edi\u00e7\u00e3o do Odin&#8217;s, como abertura ao sexteto finlandeses: Terra Celta, Taberna Folk, Eldhrimnir e Tunas Celtic Band em S\u00e3o Paulo; Hugin Munin e Lugh em Porto Alegre; Tailten e Pagan Throne no Rio de Janeiro.<\/span><\/p>\n<div data-hook=\"rcv-block9\"><\/div>\n<div id=\"viewer-a7ivu\" class=\"xVISr Y9Dpf bCMSCT OZy-3 _40ACk Ecq9kg bCMSCT public-DraftStyleDefault-block-depth0 fixed-tab-size public-DraftStyleDefault-text-ltr\"><span class=\"B2EFF public-DraftStyleDefault-ltr\">\u00a0<\/span><\/div>\n<div data-hook=\"rcv-block10\"><\/div>\n<p id=\"viewer-841ut\" class=\"xVISr Y9Dpf bCMSCT OZy-3 _40ACk Ecq9kg bCMSCT public-DraftStyleDefault-block-depth0 fixed-tab-size public-DraftStyleDefault-text-ltr\"><span class=\"B2EFF public-DraftStyleDefault-ltr\">O <strong>Korpiklaani<\/strong> une m\u00fasica folcl\u00f3rica com heavy metal desde 2003 com m\u00fasicas cantadas em finland\u00eas sobre mitologia, natureza e festan\u00e7as. Dez anos antes, a banda cantava em ingl\u00eas, tinha outra orienta\u00e7\u00e3o musical e se chamava Shamaani Duo (1993 a 1997) e Shaman (1997 a 2003).<\/span><\/p>\n<div data-hook=\"rcv-block11\"><\/div>\n<div id=\"viewer-aqk82\" class=\"xVISr Y9Dpf bCMSCT OZy-3 _40ACk Ecq9kg bCMSCT public-DraftStyleDefault-block-depth0 fixed-tab-size public-DraftStyleDefault-text-ltr\"><span class=\"B2EFF public-DraftStyleDefault-ltr\">\u00a0<\/span><\/div>\n<div data-hook=\"rcv-block12\"><\/div>\n<p id=\"viewer-e2m33\" class=\"xVISr Y9Dpf bCMSCT OZy-3 _40ACk Ecq9kg bCMSCT public-DraftStyleDefault-block-depth0 fixed-tab-size public-DraftStyleDefault-text-ltr\"><span class=\"B2EFF public-DraftStyleDefault-ltr\">Atualmente a banda \u00e9 Jonne J\u00e4rvel\u00e4 (vocais e guitarra), Sami Perttula (acordeon), Tuomas Rounakari (violino), Jarkko Aaltonen (baixo), Kalle &#8216;Cane&#8217; Savij\u00e4rvi (guitarra) e Samuli Mikkonen (bateria e percuss\u00e3o).<\/span><\/p>\n<div data-hook=\"rcv-block13\"><\/div>\n<div id=\"viewer-4rdm6\" class=\"xVISr Y9Dpf bCMSCT OZy-3 _40ACk Ecq9kg bCMSCT public-DraftStyleDefault-block-depth0 fixed-tab-size public-DraftStyleDefault-text-ltr\"><span class=\"B2EFF public-DraftStyleDefault-ltr\">\u00a0<\/span><\/div>\n<div data-hook=\"rcv-block14\"><\/div>\n<p id=\"viewer-a9hqh\" class=\"xVISr Y9Dpf bCMSCT OZy-3 _40ACk Ecq9kg bCMSCT public-DraftStyleDefault-block-depth0 fixed-tab-size public-DraftStyleDefault-text-ltr\"><span class=\"B2EFF public-DraftStyleDefault-ltr\">A turn\u00ea do Korpiklaani no <strong>Odin&#8217;s Krieger Fest 2023<\/strong> apresentar\u00e1 repert\u00f3rio especial com m\u00fasicas dos 10 discos lan\u00e7ados ao longo dos 20 anos de banda.<\/span><\/p>\n<div data-hook=\"rcv-block15\"><\/div>\n<div id=\"viewer-8uc4e\" class=\"xVISr Y9Dpf bCMSCT OZy-3 _40ACk Ecq9kg bCMSCT public-DraftStyleDefault-block-depth0 fixed-tab-size public-DraftStyleDefault-text-ltr\"><span class=\"B2EFF public-DraftStyleDefault-ltr\">\u00a0<\/span><\/div>\n<div data-hook=\"rcv-block16\"><\/div>\n<p id=\"viewer-9430j\" class=\"xVISr Y9Dpf bCMSCT OZy-3 _40ACk Ecq9kg bCMSCT public-DraftStyleDefault-block-depth0 fixed-tab-size public-DraftStyleDefault-text-ltr\"><span class=\"B2EFF public-DraftStyleDefault-ltr\">Do debut Spirit of the Forest (2003), passando pelos cl\u00e1ssicos Tervaskanto (2007), Karkelo (2009) e Manala (2012), ao mais recente, Jylh\u00e4 (2021), o Korpiklaani consolida o status de banda da linha de frente do folk metal mundial, com uma legi\u00e3o e f\u00e3s ao redor do globo.<\/span><\/p>\n<div data-hook=\"rcv-block17\"><\/div>\n<p id=\"viewer-hg4u\" class=\"xVISr Y9Dpf bCMSCT OZy-3 _40ACk Ecq9kg bCMSCT public-DraftStyleDefault-block-depth0 fixed-tab-size public-DraftStyleDefault-text-ltr\"><span class=\"B2EFF public-DraftStyleDefault-ltr\">Entre melodias alegres e riffs pesados e agressivos, o Korpiklaani \u00e9 capaz de fazer plateias gigantes dan\u00e7ar e bater cabe\u00e7a ao mesmo tempo &#8211; e o Odin&#8217;s Krieger Fest \u00e9 o lugar perfeito para a bagun\u00e7a boa que promove o sexteto finland\u00eas!<\/span><\/p>\n<div data-hook=\"rcv-block18\"><\/div>\n<div id=\"viewer-q90b\" class=\"xVISr Y9Dpf bCMSCT OZy-3 _40ACk Ecq9kg bCMSCT public-DraftStyleDefault-block-depth0 fixed-tab-size public-DraftStyleDefault-text-ltr\"><span class=\"B2EFF public-DraftStyleDefault-ltr\">\u00a0<\/span><\/div>\n<div data-hook=\"rcv-block19\"><\/div>\n<p id=\"viewer-bjcvq\" class=\"xVISr Y9Dpf bCMSCT OZy-3 _40ACk Ecq9kg bCMSCT public-DraftStyleDefault-block-depth0 fixed-tab-size public-DraftStyleDefault-text-ltr\"><span class=\"B2EFF public-DraftStyleDefault-ltr\">O<strong> Odin&#8217;s Krieger Fest<\/strong> \u00e9 uma realiza\u00e7\u00e3o da <strong>OKF Produ\u00e7\u00f5es<\/strong>.<\/span><\/p>\n<div data-hook=\"rcv-block20\"><\/div>\n<div id=\"viewer-10lib\" class=\"xVISr Y9Dpf bCMSCT OZy-3 _40ACk Ecq9kg bCMSCT public-DraftStyleDefault-block-depth0 fixed-tab-size public-DraftStyleDefault-text-ltr\"><span class=\"B2EFF public-DraftStyleDefault-ltr\">\u00a0<\/span><\/div>\n<div data-hook=\"rcv-block21\"><\/div>\n<p id=\"viewer-1d8ol\" class=\"xVISr Y9Dpf bCMSCT OZy-3 lnyWN yMZv8w bCMSCT public-DraftStyleDefault-block-depth0 fixed-tab-size public-DraftStyleDefault-text-ltr\"><span class=\"B2EFF public-DraftStyleDefault-ltr\"><strong>Servi\u00e7o<\/strong><\/span><\/p>\n<p id=\"viewer-aaud8\" class=\"xVISr Y9Dpf bCMSCT OZy-3 _40ACk Ecq9kg bCMSCT public-DraftStyleDefault-block-depth0 fixed-tab-size public-DraftStyleDefault-text-ltr\"><span class=\"B2EFF public-DraftStyleDefault-ltr\"><strong>Odin&#8217;s Krieger Fest 2023 &#8211; S\u00e3o Paulo<\/strong> <\/span><\/p>\n<p class=\"xVISr Y9Dpf bCMSCT OZy-3 _40ACk Ecq9kg bCMSCT public-DraftStyleDefault-block-depth0 fixed-tab-size public-DraftStyleDefault-text-ltr\"><span class=\"B2EFF public-DraftStyleDefault-ltr\">Data: 24 de novembro de 2023 <\/span><\/p>\n<p class=\"xVISr Y9Dpf bCMSCT OZy-3 _40ACk Ecq9kg bCMSCT public-DraftStyleDefault-block-depth0 fixed-tab-size public-DraftStyleDefault-text-ltr\"><span class=\"B2EFF public-DraftStyleDefault-ltr\">Hor\u00e1rio: 18h (abertura das portas) <\/span><\/p>\n<p class=\"xVISr Y9Dpf bCMSCT OZy-3 _40ACk Ecq9kg bCMSCT public-DraftStyleDefault-block-depth0 fixed-tab-size public-DraftStyleDefault-text-ltr\"><span class=\"B2EFF public-DraftStyleDefault-ltr\">Local: Carioca Club <\/span><\/p>\n<p class=\"xVISr Y9Dpf bCMSCT OZy-3 _40ACk Ecq9kg bCMSCT public-DraftStyleDefault-block-depth0 fixed-tab-size public-DraftStyleDefault-text-ltr\"><span class=\"B2EFF public-DraftStyleDefault-ltr\">Endere\u00e7o: Rua Cardeal Arcoverde 2899 &#8211; Pinheiros <\/span><\/p>\n<p class=\"xVISr Y9Dpf bCMSCT OZy-3 _40ACk Ecq9kg bCMSCT public-DraftStyleDefault-block-depth0 fixed-tab-size public-DraftStyleDefault-text-ltr\"><span class=\"B2EFF public-DraftStyleDefault-ltr\">Bandas: Korpiklaani &#8211; Terra Celta &#8211; Taberna Folk &#8211; Eldhrimnir &#8211; Tunas Celtic Band <\/span><\/p>\n<p class=\"xVISr Y9Dpf bCMSCT OZy-3 _40ACk Ecq9kg bCMSCT public-DraftStyleDefault-block-depth0 fixed-tab-size public-DraftStyleDefault-text-ltr\"><span class=\"B2EFF public-DraftStyleDefault-ltr\">Exposi\u00e7\u00e3o e venda de produtos medievais, muito hidromel, comidas t\u00edpicas, camarote open bar, sorteios e brindes <\/span><\/p>\n<p class=\"xVISr Y9Dpf bCMSCT OZy-3 _40ACk Ecq9kg bCMSCT public-DraftStyleDefault-block-depth0 fixed-tab-size public-DraftStyleDefault-text-ltr\"><span class=\"B2EFF public-DraftStyleDefault-ltr\">Camarote Open Bar com Cerveja, Refrigerantes e \u00e1gua <\/span><\/p>\n<p class=\"xVISr Y9Dpf bCMSCT OZy-3 _40ACk Ecq9kg bCMSCT public-DraftStyleDefault-block-depth0 fixed-tab-size public-DraftStyleDefault-text-ltr\"><span class=\"B2EFF public-DraftStyleDefault-ltr\">Ingressos: <a class=\"TWoY9 itht3\" href=\"https:\/\/www.clubedoingresso.com\/evento\/odinskrieger-festival2023\" target=\"_blank\" rel=\"noopener noreferrer\" data-hook=\"linkViewer\"><u class=\"D-jZk\">https:\/\/www.clubedoingresso.com\/evento\/odinskrieger-festival2023<\/u><\/a> <\/span><\/p>\n<p class=\"xVISr Y9Dpf bCMSCT OZy-3 _40ACk Ecq9kg bCMSCT public-DraftStyleDefault-block-depth0 fixed-tab-size public-DraftStyleDefault-text-ltr\"><span class=\"B2EFF public-DraftStyleDefault-ltr\">Pista: a partir de R$ 150 <\/span><\/p>\n<p class=\"xVISr Y9Dpf bCMSCT OZy-3 _40ACk Ecq9kg bCMSCT public-DraftStyleDefault-block-depth0 fixed-tab-size public-DraftStyleDefault-text-ltr\"><span class=\"B2EFF public-DraftStyleDefault-ltr\">Camarote: a partir de R$ 280<\/span><\/p>\n<p><img loading=\"lazy\" decoding=\"async\" class=\"alignnone size-full wp-image-19014\" src=\"http:\/\/heavymetalonline.com.br\/wp-content\/uploads\/2023\/11\/unnamed-2-5.jpg\" alt=\"\" width=\"1080\" height=\"1350\" srcset=\"https:\/\/heavymetalonline.com.br\/wp-content\/uploads\/2023\/11\/unnamed-2-5.jpg 1080w, https:\/\/heavymetalonline.com.br\/wp-content\/uploads\/2023\/11\/unnamed-2-5-240x300.jpg 240w, https:\/\/heavymetalonline.com.br\/wp-content\/uploads\/2023\/11\/unnamed-2-5-768x960.jpg 768w, https:\/\/heavymetalonline.com.br\/wp-content\/uploads\/2023\/11\/unnamed-2-5-819x1024.jpg 819w\" sizes=\"auto, (max-width: 1080px) 100vw, 1080px\" \/><\/p>\n<p><strong>Odin&#8217;s Krieger Fest 2023 &#8211; Porto Alegre<\/strong><\/p>\n<p>Data: 25 de novembro de 2023<\/p>\n<p>Hor\u00e1rio: 16h (abertura das portas)<\/p>\n<p>Local: OCulto<\/p>\n<p>Endere\u00e7o: Rua Moura Azevedo, 46 &#8211; S\u00e3o Geraldo<\/p>\n<p>Bandas: Korpiklaani &#8211; Hugin Munin &#8211; Lugh<\/p>\n<p>Ingressos: <a class=\"TWoY9 itht3\" href=\"https:\/\/pixelticket.com.br\/eventos\/15413\/odins-krieger-festival-com-korpiklaani\" target=\"_blank\" rel=\"noopener noreferrer\" data-hook=\"linkViewer\"><u class=\"D-jZk\">https:\/\/pixelticket.com.br\/eventos\/15413\/odins-krieger-festival-com-korpiklaani<\/u><\/a><\/p>\n<p>Pista: a partir de R$ 120<\/p>\n<p><img loading=\"lazy\" decoding=\"async\" class=\"alignnone size-full wp-image-19015\" src=\"http:\/\/heavymetalonline.com.br\/wp-content\/uploads\/2023\/11\/unnamed-1-7.jpg\" alt=\"\" width=\"1080\" height=\"1350\" srcset=\"https:\/\/heavymetalonline.com.br\/wp-content\/uploads\/2023\/11\/unnamed-1-7.jpg 1080w, https:\/\/heavymetalonline.com.br\/wp-content\/uploads\/2023\/11\/unnamed-1-7-240x300.jpg 240w, https:\/\/heavymetalonline.com.br\/wp-content\/uploads\/2023\/11\/unnamed-1-7-768x960.jpg 768w, https:\/\/heavymetalonline.com.br\/wp-content\/uploads\/2023\/11\/unnamed-1-7-819x1024.jpg 819w\" sizes=\"auto, (max-width: 1080px) 100vw, 1080px\" \/><\/p>\n<p id=\"viewer-9qlhk\" class=\"xVISr Y9Dpf bCMSCT OZy-3 _40ACk Ecq9kg bCMSCT public-DraftStyleDefault-block-depth0 fixed-tab-size public-DraftStyleDefault-text-ltr\"><span class=\"B2EFF public-DraftStyleDefault-ltr\"><strong>Odin&#8217;s Krieger Fest 2023 &#8211; Rio de Janeiro<\/strong> <\/span><\/p>\n<p class=\"xVISr Y9Dpf bCMSCT OZy-3 _40ACk Ecq9kg bCMSCT public-DraftStyleDefault-block-depth0 fixed-tab-size public-DraftStyleDefault-text-ltr\"><span class=\"B2EFF public-DraftStyleDefault-ltr\">Data: 26\/11\/2023 <\/span><\/p>\n<p class=\"xVISr Y9Dpf bCMSCT OZy-3 _40ACk Ecq9kg bCMSCT public-DraftStyleDefault-block-depth0 fixed-tab-size public-DraftStyleDefault-text-ltr\"><span class=\"B2EFF public-DraftStyleDefault-ltr\">Hor\u00e1rio: 16h (abertura das portas) <\/span><\/p>\n<p class=\"xVISr Y9Dpf bCMSCT OZy-3 _40ACk Ecq9kg bCMSCT public-DraftStyleDefault-block-depth0 fixed-tab-size public-DraftStyleDefault-text-ltr\"><span class=\"B2EFF public-DraftStyleDefault-ltr\">Local: Agyto <\/span><\/p>\n<p class=\"xVISr Y9Dpf bCMSCT OZy-3 _40ACk Ecq9kg bCMSCT public-DraftStyleDefault-block-depth0 fixed-tab-size public-DraftStyleDefault-text-ltr\"><span class=\"B2EFF public-DraftStyleDefault-ltr\">Endere\u00e7o: Av. Mem de S\u00e1, 66 &#8211; Lapa <\/span><\/p>\n<p class=\"xVISr Y9Dpf bCMSCT OZy-3 _40ACk Ecq9kg bCMSCT public-DraftStyleDefault-block-depth0 fixed-tab-size public-DraftStyleDefault-text-ltr\"><span class=\"B2EFF public-DraftStyleDefault-ltr\">Bandas: Korpiklaani &#8211; Tailten &#8211; Pagan Throne <\/span><\/p>\n<p class=\"xVISr Y9Dpf bCMSCT OZy-3 _40ACk Ecq9kg bCMSCT public-DraftStyleDefault-block-depth0 fixed-tab-size public-DraftStyleDefault-text-ltr\"><span class=\"B2EFF public-DraftStyleDefault-ltr\">Ingressos: <a class=\"TWoY9 itht3\" href=\"https:\/\/pixelticket.com.br\/eventos\/15412\/odins-krieger-festival-com-korpiklaani\" target=\"_blank\" rel=\"noopener noreferrer\" data-hook=\"linkViewer\"><u class=\"D-jZk\">https:\/\/pixelticket.com.br\/eventos\/15412\/odins-krieger-festival-com-korpiklaani<\/u><\/a> <\/span><\/p>\n<p class=\"xVISr Y9Dpf bCMSCT OZy-3 _40ACk Ecq9kg bCMSCT public-DraftStyleDefault-block-depth0 fixed-tab-size public-DraftStyleDefault-text-ltr\"><span class=\"B2EFF public-DraftStyleDefault-ltr\">Pista: a partir de R$ 120<\/span><\/p>\n<div data-hook=\"rcv-block29\">\u00a0<img loading=\"lazy\" decoding=\"async\" class=\"alignnone size-full wp-image-19013\" src=\"http:\/\/heavymetalonline.com.br\/wp-content\/uploads\/2023\/11\/unnamed-3-5.jpg\" alt=\"\" width=\"1080\" height=\"1350\" srcset=\"https:\/\/heavymetalonline.com.br\/wp-content\/uploads\/2023\/11\/unnamed-3-5.jpg 1080w, https:\/\/heavymetalonline.com.br\/wp-content\/uploads\/2023\/11\/unnamed-3-5-240x300.jpg 240w, https:\/\/heavymetalonline.com.br\/wp-content\/uploads\/2023\/11\/unnamed-3-5-768x960.jpg 768w, https:\/\/heavymetalonline.com.br\/wp-content\/uploads\/2023\/11\/unnamed-3-5-819x1024.jpg 819w\" sizes=\"auto, (max-width: 1080px) 100vw, 1080px\" \/><\/div>\n<div data-hook=\"rcv-block29\"><strong>Fonte:<\/strong> Tedesco Comunica\u00e7\u00e3o &amp; M\u00eddia<\/div>\n<div id=\"viewer-fub8m\" class=\"QHjDE rzoRKE\"><\/div>\n","protected":false},"excerpt":{"rendered":"<p>Cr\u00e9dito: Peero Lakanen Tradicional festival de m\u00fasica folk\/medieval acontece em S\u00e3o Paulo (SP, 24\/11), Porto Alegre (RS, 25\/11) e Rio de Janeiro (RJ, 26\/11) O Korpiklaani est\u00e1 volta ao Brasil como atra\u00e7\u00e3o principal do Odin&#8217;s Krieger Fest. Na edi\u00e7\u00e3o 2023 do festival, que acontece em S\u00e3o Paulo (SP), Porto Alegre (RS) e Rio de Janeiro [&hellip;]<\/p>\n","protected":false},"author":12,"featured_media":19016,"comment_status":"closed","ping_status":"open","sticky":false,"template":"","format":"standard","meta":{"footnotes":""},"categories":[4],"tags":[],"class_list":["post-19012","post","type-post","status-publish","format-standard","has-post-thumbnail","hentry","category-noticias"],"_links":{"self":[{"href":"https:\/\/heavymetalonline.com.br\/index.php?rest_route=\/wp\/v2\/posts\/19012","targetHints":{"allow":["GET"]}}],"collection":[{"href":"https:\/\/heavymetalonline.com.br\/index.php?rest_route=\/wp\/v2\/posts"}],"about":[{"href":"https:\/\/heavymetalonline.com.br\/index.php?rest_route=\/wp\/v2\/types\/post"}],"author":[{"embeddable":true,"href":"https:\/\/heavymetalonline.com.br\/index.php?rest_route=\/wp\/v2\/users\/12"}],"replies":[{"embeddable":true,"href":"https:\/\/heavymetalonline.com.br\/index.php?rest_route=%2Fwp%2Fv2%2Fcomments&post=19012"}],"version-history":[{"count":1,"href":"https:\/\/heavymetalonline.com.br\/index.php?rest_route=\/wp\/v2\/posts\/19012\/revisions"}],"predecessor-version":[{"id":19017,"href":"https:\/\/heavymetalonline.com.br\/index.php?rest_route=\/wp\/v2\/posts\/19012\/revisions\/19017"}],"wp:featuredmedia":[{"embeddable":true,"href":"https:\/\/heavymetalonline.com.br\/index.php?rest_route=\/wp\/v2\/media\/19016"}],"wp:attachment":[{"href":"https:\/\/heavymetalonline.com.br\/index.php?rest_route=%2Fwp%2Fv2%2Fmedia&parent=19012"}],"wp:term":[{"taxonomy":"category","embeddable":true,"href":"https:\/\/heavymetalonline.com.br\/index.php?rest_route=%2Fwp%2Fv2%2Fcategories&post=19012"},{"taxonomy":"post_tag","embeddable":true,"href":"https:\/\/heavymetalonline.com.br\/index.php?rest_route=%2Fwp%2Fv2%2Ftags&post=19012"}],"curies":[{"name":"wp","href":"https:\/\/api.w.org\/{rel}","templated":true}]}}