{"id":20664,"date":"2024-02-12T16:41:54","date_gmt":"2024-02-12T16:41:54","guid":{"rendered":"http:\/\/heavymetalonline.com.br\/?p=20664"},"modified":"2024-02-12T16:41:54","modified_gmt":"2024-02-12T16:41:54","slug":"acdc-anuncia-primeira-turne-em-oito-anos-e-revela-novo-baixista","status":"publish","type":"post","link":"https:\/\/heavymetalonline.com.br\/?p=20664","title":{"rendered":"AC\/DC anuncia primeira turn\u00ea em oito anos e revela novo baixista"},"content":{"rendered":"<div data-breakout=\"normal\">\n<p><img loading=\"lazy\" decoding=\"async\" class=\"alignnone size-full wp-image-20665\" src=\"http:\/\/heavymetalonline.com.br\/wp-content\/uploads\/2024\/02\/ACDC.png\" alt=\"\" width=\"888\" height=\"558\" srcset=\"https:\/\/heavymetalonline.com.br\/wp-content\/uploads\/2024\/02\/ACDC.png 888w, https:\/\/heavymetalonline.com.br\/wp-content\/uploads\/2024\/02\/ACDC-300x189.png 300w, https:\/\/heavymetalonline.com.br\/wp-content\/uploads\/2024\/02\/ACDC-768x483.png 768w\" sizes=\"auto, (max-width: 888px) 100vw, 888px\" \/><\/p>\n<p id=\"viewer-78zro8865\" class=\"qLu9J fi-3d xFXGd _6-rbz nL1m6\"><span class=\"tLgi0\"><strong>AC\/DC<\/strong> anunciou uma turn\u00ea europeia por 10 cidades e 21 datas. A not\u00edcia acabou com a ansiedade e espera dos f\u00e3s ap\u00f3s a banda colocar uma contagem regressiva de 5 dias em suas redes sociais. AC\/DC voltou aos palcos no festival Power Trip, realizado ano passado, na Calif\u00f3rnia, e agora d\u00e3o continuidade com shows da tour &#8216;Power Up&#8217; que dar\u00e3o in\u00edcio na Veltins Arena, em Gelsenkirchen, Alemanha, no dia 17 de maio, e encerrar\u00e1 no Croke Park, em Dublin, Irlanda, no dia 17 de maio. <\/span><\/p>\n<\/div>\n<div data-hook=\"rcv-block5\"><\/div>\n<div data-breakout=\"normal\">\n<p id=\"viewer-pzvon215\" class=\"qLu9J fi-3d xFXGd _6-rbz nL1m6\"><span class=\"tLgi0\">A banda tamb\u00e9m anunciou o lineup, que contar\u00e1 com Brian Johnson, Angus Young e Stevie Young acompanhados pelo baterista Matt Laug, que substituiu Phil Rudd no Power Trip, e pelo ex-baixista Chris Chaney (Jane&#8217;s Addiction\/Alanis Morissette), que substitui Cliff Williams. <\/span><\/p>\n<\/div>\n<div data-hook=\"rcv-block6\"><\/div>\n<div data-breakout=\"normal\">\n<p id=\"viewer-7rgek217\" class=\"qLu9J fi-3d xFXGd _6-rbz nL1m6\"><span class=\"tLgi0\">Em comunicado nas redes sociais AC\/DC comentou a novidade: &#8220;<em>Estamos entusiasmados por finalmente anunciar a turn\u00ea europeia \u2018POWER UP\u2019. Angus, Brian, Stevie e Matt ser\u00e3o acompanhados por Chris Chaney para carregar a tocha por Cliff. A turn\u00ea nos levar\u00e1 a fazer shows na Alemanha, It\u00e1lia, Espanha, Holanda, \u00c1ustria, Su\u00ed\u00e7a, Inglaterra, Eslov\u00e1quia, B\u00e9lgica, Fran\u00e7a e Irlanda neste ver\u00e3o. Mal podemos esperar para ver todos voc\u00eas por a\u00ed&#8221;<\/em><\/span><\/p>\n<\/div>\n<div data-hook=\"rcv-block7\"><em>\u00a0<\/em><\/div>\n<div data-breakout=\"normal\">\n<p id=\"viewer-ggzay219\" class=\"qLu9J fi-3d xFXGd _6-rbz nL1m6\"><span class=\"tLgi0\">Nenhuma data foi anunciada para a Am\u00e9rica do Norte e do Sul, \u00c1sia ou Austr\u00e1lia, embora h\u00e1 fortes rumores de que\u00a0 AC\/DC ir\u00e1 se apresentar no Rock In Rio, que acontece em setembro.<\/span><\/p>\n<\/div>\n<div data-hook=\"rcv-block8\"><\/div>\n<div data-breakout=\"normal\">\n<p id=\"viewer-9krcc221\" class=\"qLu9J fi-3d xFXGd nL1m6\"><span class=\"tLgi0\">\u00a0 <strong>AC\/DC: datas da Power Up Tour<\/strong><\/span><\/p>\n<\/div>\n<div data-breakout=\"normal\">\n<p id=\"viewer-y4tvb581\" class=\"qLu9J fi-3d xFXGd _6-rbz nL1m6\"><span class=\"tLgi0\">07 de maio: Gelsenkirchen Veltins Arena, Alemanha<\/span><\/p>\n<\/div>\n<div data-breakout=\"normal\">\n<p id=\"viewer-hama6623\" class=\"qLu9J fi-3d xFXGd _6-rbz nL1m6\"><span class=\"tLgi0\">21 de maio: Gelsenkirchen Veltins Arena, Alemanha<\/span><\/p>\n<\/div>\n<div data-breakout=\"normal\">\n<p id=\"viewer-a1bz6626\" class=\"qLu9J fi-3d xFXGd _6-rbz nL1m6\"><span class=\"tLgi0\">25 de maio: Reggio Emilia RCF Arena, It\u00e1lia<\/span><\/p>\n<\/div>\n<div data-breakout=\"normal\">\n<p id=\"viewer-lb5vz629\" class=\"qLu9J fi-3d xFXGd _6-rbz nL1m6\"><span class=\"tLgi0\">29 de maio: Sevilha Est\u00e1dio La Cartuja, Espanha<\/span><\/p>\n<\/div>\n<div data-breakout=\"normal\">\n<p id=\"viewer-4r7ks632\" class=\"qLu9J fi-3d xFXGd _6-rbz nL1m6\"><span class=\"tLgi0\">05 de junho: Amsterdam Johan Cruyff Arena, Holanda<\/span><\/p>\n<\/div>\n<div data-breakout=\"normal\">\n<p id=\"viewer-xohr4635\" class=\"qLu9J fi-3d xFXGd _6-rbz nL1m6\"><span class=\"tLgi0\">09 de junho: Est\u00e1dio Ol\u00edmpico de Munique , Alemanha<\/span><\/p>\n<\/div>\n<div data-breakout=\"normal\">\n<p id=\"viewer-8h5m8638\" class=\"qLu9J fi-3d xFXGd _6-rbz nL1m6\"><span class=\"tLgi0\">12 de junho: Est\u00e1dio Ol\u00edmpico de Munique, Alemanha<\/span><\/p>\n<\/div>\n<div data-breakout=\"normal\">\n<p id=\"viewer-lbiyh641\" class=\"qLu9J fi-3d xFXGd _6-rbz nL1m6\"><span class=\"tLgi0\">16 de junho: Dresden Messe, Alemanha<\/span><\/p>\n<\/div>\n<div data-breakout=\"normal\">\n<p id=\"viewer-40iua644\" class=\"qLu9J fi-3d xFXGd _6-rbz nL1m6\"><span class=\"tLgi0\">23 de junho: Est\u00e1dio Ernst Happel de Viena, \u00c1ustria<\/span><\/p>\n<\/div>\n<div data-breakout=\"normal\">\n<p id=\"viewer-8pvkc647\" class=\"qLu9J fi-3d xFXGd _6-rbz nL1m6\"><span class=\"tLgi0\">26 de junho: Est\u00e1dio Ernst Happel de Viena, \u00c1ustria<\/span><\/p>\n<\/div>\n<div data-breakout=\"normal\">\n<p id=\"viewer-rwiid650\" class=\"qLu9J fi-3d xFXGd _6-rbz nL1m6\"><span class=\"tLgi0\">29 de junho: Est\u00e1dio Letzigrund de Zurique, Su\u00ed\u00e7a<\/span><\/p>\n<\/div>\n<div data-breakout=\"normal\">\n<p id=\"viewer-bam8a653\" class=\"qLu9J fi-3d xFXGd _6-rbz nL1m6\"><span class=\"tLgi0\">03 de julho: Est\u00e1dio de Wembley de Londres, Reino Unido<\/span><\/p>\n<\/div>\n<div data-breakout=\"normal\">\n<p id=\"viewer-ez5xh656\" class=\"qLu9J fi-3d xFXGd _6-rbz nL1m6\"><span class=\"tLgi0\">07 de julho: London Wembley Stadium, Reino Unido<\/span><\/p>\n<\/div>\n<div data-breakout=\"normal\">\n<p id=\"viewer-ujg9t659\" class=\"qLu9J fi-3d xFXGd _6-rbz nL1m6\"><span class=\"tLgi0\">13 de julho: Hockenheim Ring, Alemanha<\/span><\/p>\n<\/div>\n<div data-breakout=\"normal\">\n<p id=\"viewer-26npa662\" class=\"qLu9J fi-3d xFXGd _6-rbz nL1m6\"><span class=\"tLgi0\">17 de julho: Stuttgart Wasen, Alemanha<\/span><\/p>\n<\/div>\n<div data-breakout=\"normal\">\n<p id=\"viewer-nb7jq665\" class=\"qLu9J fi-3d xFXGd _6-rbz nL1m6\"><span class=\"tLgi0\">21 de julho: Bratislava Old Airport, Eslov\u00e1quia<\/span><\/p>\n<\/div>\n<div data-breakout=\"normal\">\n<p id=\"viewer-hw7ns668\" class=\"qLu9J fi-3d xFXGd _6-rbz nL1m6\"><span class=\"tLgi0\">27 de julho: Nuremberg Zeppelinfeld, Alemanha<\/span><\/p>\n<\/div>\n<div data-breakout=\"normal\">\n<p id=\"viewer-5ptck671\" class=\"qLu9J fi-3d xFXGd _6-rbz nL1m6\"><span class=\"tLgi0\">31 de julho: Hannover Messe, Alemanha<\/span><\/p>\n<\/div>\n<div data-breakout=\"normal\"><\/div>\n<div data-breakout=\"normal\">\n<p id=\"viewer-v9gc9674\" class=\"qLu9J fi-3d xFXGd _6-rbz nL1m6\"><span class=\"tLgi0\">09 de agosto: Dessel Festivalpark Stenehei, B\u00e9lgica<\/span><\/p>\n<\/div>\n<div data-breakout=\"normal\">\n<p id=\"viewer-zfxac677\" class=\"qLu9J fi-3d xFXGd _6-rbz nL1m6\"><span class=\"tLgi0\">13 de agosto: Hip\u00f3dromo de Paris, Fran\u00e7a<\/span><\/p>\n<\/div>\n<div data-hook=\"rcv-block50\">\u00a0<span class=\"tLgi0\">17 de agosto: Dublin Croke Park, Irlanda<\/span><\/div>\n<div data-hook=\"rcv-block50\"><\/div>\n<div data-breakout=\"normal\"><\/div>\n<div data-hook=\"rcv-block51\"><\/div>\n<div data-breakout=\"normal\">\n<p>&lt;\/div<\/p>\n<blockquote class=\"instagram-media\" style=\"background: #FFF; border: 0; border-radius: 3px; box-shadow: 0 0 1px 0 rgba(0,0,0,0.5),0 1px 10px 0 rgba(0,0,0,0.15); margin: 1px; max-width: 540px; min-width: 326px; padding: 0; width: calc(100% - 2px);\" data-instgrm-captioned=\"\" data-instgrm-permalink=\"https:\/\/www.instagram.com\/reel\/C3PW6z8s67G\/?utm_source=ig_embed&amp;utm_campaign=loading\" data-instgrm-version=\"14\">\n<div style=\"padding: 16px;\">\n<p>&nbsp;<\/p>\n<div style=\"display: flex; flex-direction: row; align-items: center;\"><\/div>\n<div style=\"padding: 19% 0;\"><\/div>\n<div style=\"display: block; height: 50px; margin: 0 auto 12px; width: 50px;\"><\/div>\n<div style=\"padding-top: 8px;\">\n<div style=\"color: #3897f0; font-family: Arial,sans-serif; font-size: 14px; font-style: normal; font-weight: 550; line-height: 18px;\">Ver essa foto no Instagram<\/div>\n<\/div>\n<div style=\"padding: 12.5% 0;\"><\/div>\n<div style=\"display: flex; flex-direction: row; margin-bottom: 14px; align-items: center;\"><\/div>\n<div style=\"display: flex; flex-direction: column; flex-grow: 1; justify-content: center; margin-bottom: 24px;\"><\/div>\n<p>&nbsp;<\/p>\n<p style=\"color: #c9c8cd; font-family: Arial,sans-serif; font-size: 14px; line-height: 17px; margin-bottom: 0; margin-top: 8px; overflow: hidden; padding: 8px 0 7px; text-align: center; text-overflow: ellipsis; white-space: nowrap;\"><a style=\"color: #c9c8cd; font-family: Arial,sans-serif; font-size: 14px; font-style: normal; font-weight: normal; line-height: 17px; text-decoration: none;\" href=\"https:\/\/www.instagram.com\/reel\/C3PW6z8s67G\/?utm_source=ig_embed&amp;utm_campaign=loading\" target=\"_blank\" rel=\"noopener\">Uma publica\u00e7\u00e3o compartilhada por AC\/DC (@acdc)<\/a><\/p>\n<\/div>\n<\/blockquote>\n<p><script async src=\"\/\/www.instagram.com\/embed.js\"><\/script><\/p>\n<\/div>\n","protected":false},"excerpt":{"rendered":"<p>AC\/DC anunciou uma turn\u00ea europeia por 10 cidades e 21 datas. A not\u00edcia acabou com a ansiedade e espera dos f\u00e3s ap\u00f3s a banda colocar uma contagem regressiva de 5 dias em suas redes sociais. AC\/DC voltou aos palcos no festival Power Trip, realizado ano passado, na Calif\u00f3rnia, e agora d\u00e3o continuidade com shows da [&hellip;]<\/p>\n","protected":false},"author":12,"featured_media":20665,"comment_status":"closed","ping_status":"open","sticky":false,"template":"","format":"standard","meta":{"footnotes":""},"categories":[538,4],"tags":[],"class_list":["post-20664","post","type-post","status-publish","format-standard","has-post-thumbnail","hentry","category-destaques","category-noticias"],"_links":{"self":[{"href":"https:\/\/heavymetalonline.com.br\/index.php?rest_route=\/wp\/v2\/posts\/20664","targetHints":{"allow":["GET"]}}],"collection":[{"href":"https:\/\/heavymetalonline.com.br\/index.php?rest_route=\/wp\/v2\/posts"}],"about":[{"href":"https:\/\/heavymetalonline.com.br\/index.php?rest_route=\/wp\/v2\/types\/post"}],"author":[{"embeddable":true,"href":"https:\/\/heavymetalonline.com.br\/index.php?rest_route=\/wp\/v2\/users\/12"}],"replies":[{"embeddable":true,"href":"https:\/\/heavymetalonline.com.br\/index.php?rest_route=%2Fwp%2Fv2%2Fcomments&post=20664"}],"version-history":[{"count":1,"href":"https:\/\/heavymetalonline.com.br\/index.php?rest_route=\/wp\/v2\/posts\/20664\/revisions"}],"predecessor-version":[{"id":20666,"href":"https:\/\/heavymetalonline.com.br\/index.php?rest_route=\/wp\/v2\/posts\/20664\/revisions\/20666"}],"wp:featuredmedia":[{"embeddable":true,"href":"https:\/\/heavymetalonline.com.br\/index.php?rest_route=\/wp\/v2\/media\/20665"}],"wp:attachment":[{"href":"https:\/\/heavymetalonline.com.br\/index.php?rest_route=%2Fwp%2Fv2%2Fmedia&parent=20664"}],"wp:term":[{"taxonomy":"category","embeddable":true,"href":"https:\/\/heavymetalonline.com.br\/index.php?rest_route=%2Fwp%2Fv2%2Fcategories&post=20664"},{"taxonomy":"post_tag","embeddable":true,"href":"https:\/\/heavymetalonline.com.br\/index.php?rest_route=%2Fwp%2Fv2%2Ftags&post=20664"}],"curies":[{"name":"wp","href":"https:\/\/api.w.org\/{rel}","templated":true}]}}