{"id":21010,"date":"2024-03-03T17:36:13","date_gmt":"2024-03-03T17:36:13","guid":{"rendered":"http:\/\/heavymetalonline.com.br\/?p=21010"},"modified":"2024-03-03T17:36:13","modified_gmt":"2024-03-03T17:36:13","slug":"sesc-belenzinho-recebe-ego-kill-talent-nesta-sexta-0803","status":"publish","type":"post","link":"https:\/\/heavymetalonline.com.br\/?p=21010","title":{"rendered":"Sesc Belenzinho recebe  Ego Kill Talent nesta sexta (08\/03)"},"content":{"rendered":"<p><img loading=\"lazy\" decoding=\"async\" class=\"alignnone size-full wp-image-21011\" src=\"http:\/\/heavymetalonline.com.br\/wp-content\/uploads\/2024\/03\/image.png\" alt=\"\" width=\"366\" height=\"431\" srcset=\"https:\/\/heavymetalonline.com.br\/wp-content\/uploads\/2024\/03\/image.png 366w, https:\/\/heavymetalonline.com.br\/wp-content\/uploads\/2024\/03\/image-255x300.png 255w\" sizes=\"auto, (max-width: 366px) 100vw, 366px\" \/><\/p>\n<div data-breakout=\"normal\">\n<pre id=\"viewer-0qhzd67631\" class=\"PtAFG vXogX KNByY iPC6I\"><span class=\"\">Foto: Murilo Amancio<\/span><\/pre>\n<p style=\"text-align: center;\"><em>\u00a0\u00a0\u00a0 Banda de Hard Rock faz show dos dois \u00faltimos discos<\/em><\/p>\n<p id=\"viewer-j0p7j69095\" class=\"_9-O5y h4vUg KNByY iPC6I TI-xX\"><span class=\"_1N6tE\">Em mar\u00e7o\u00a0o<strong> Sesc Belenzinho<\/strong> recebe a banda Ego<strong> Kill Talent<\/strong>. O show acontece no dia 8 na Comedoria, com ingressos de R$ 15\u00a0(Credencial Sesc) a R$ 50\u00a0(inteira)<\/span><\/p>\n<\/div>\n<div data-hook=\"rcv-block6\"><\/div>\n<div data-breakout=\"normal\">\n<div id=\"viewer-wffgv64340\" class=\"_9-O5y h4vUg KNByY TI-xX\"><span class=\"_1N6tE\">\u00a0<\/span><\/div>\n<\/div>\n<div data-hook=\"rcv-block7\"><\/div>\n<div data-breakout=\"normal\">\n<p id=\"viewer-cymcc58569\" class=\"_9-O5y h4vUg KNByY iPC6I TI-xX\"><span class=\"_1N6tE\">A banda apresenta performances marcadas pela troca de instrumentos entre os integrantes. \u00a0Em 2023, o grupo fez uma turn\u00ea pelo Brasil com a banda<strong> Evanescence<\/strong>, j\u00e1 com a sua nova forma\u00e7\u00e3o Emmilly Barreto (vocais), Miguel \u201cNiper\u201d Boaventura J\u00fanior (guitarra e baixo), Raphael Miranda (bateria) e The Van Der Loo (guitarra e baixo), nesse show ter\u00e1 o repert\u00f3rio do seu \u00faltimo EP Call Us By Her Name, al\u00e9m das m\u00fasicas dos primeiros 2 discos da banda Ego Kill Talent\u00a0e The Dance Between Extremes.<\/span><\/p>\n<\/div>\n<div data-hook=\"rcv-block8\"><\/div>\n<div data-breakout=\"normal\">\n<div id=\"viewer-xbznp64098\" class=\"_9-O5y h4vUg KNByY TI-xX\"><span class=\"_1N6tE\">\u00a0<\/span><\/div>\n<\/div>\n<div data-hook=\"rcv-block9\"><\/div>\n<div data-breakout=\"normal\">\n<p id=\"viewer-pk6ga58576\" class=\"_9-O5y h4vUg KNByY iPC6I TI-xX\"><span class=\"_1N6tE\">A <strong>Ego Kill Talent<\/strong>\u00a0foi fundada no final de 2014 por integrantes de v\u00e1rias bandas brasileiras, como Udora, Sepultura, Rea\u00e7\u00e3o em Cadeia e Sayowa. Mas, foi em 2015 que saiu o primeiro EP, Sublimated, da banda formada por Theo Van Der Loo (baixo e guitarra), Jean Dolabella (bateria e guitarra), Raphael Miranda (bateria, baixo e guitarra), Niper Boaventura (guitarra e baixo) e Jonathan D\u00f6rr (vocalista).<\/span><\/p>\n<\/div>\n<div data-hook=\"rcv-block10\"><\/div>\n<div data-breakout=\"normal\">\n<div id=\"viewer-2ltmg63861\" class=\"_9-O5y h4vUg KNByY TI-xX\"><span class=\"_1N6tE\">\u00a0<\/span><\/div>\n<\/div>\n<div data-hook=\"rcv-block11\"><\/div>\n<div data-breakout=\"normal\">\n<p id=\"viewer-35c6c58582\" class=\"_9-O5y h4vUg KNByY iPC6I TI-xX\"><span class=\"_1N6tE\">A\u00a0<strong>Ego Kill Talent\u00a0<\/strong>tem feito coisas incr\u00edveis ao longo dos anos: eles j\u00e1 fizeram turn\u00eas com Metallica, Foo Fighters, Queens of the Stone Age, System of a Down, Greta Van Fleet, Shinedown e Within Temptation, tocaram em grandes festivais, como Rock Am Ring, Rock Im Park, Hellfest, Rock In Rio Lisboa, Rock In Rio Brasil, Download Paris, Lollapalooza Brasil, Lollapalooza Chile, Aftershock, Louder Than Life e muitos outros.<\/span><\/p>\n<\/div>\n<div data-hook=\"rcv-block12\"><\/div>\n<div data-breakout=\"normal\">\n<p id=\"viewer-8t4id58586\" class=\"_9-O5y h4vUg KNByY TI-xX\"><span class=\"_1N6tE\">\u00a0<\/span><\/p>\n<\/div>\n<div data-hook=\"rcv-block13\"><\/div>\n<div data-breakout=\"normal\">\n<p id=\"viewer-2m9m458588\" class=\"_9-O5y h4vUg KNByY iPC6I TI-xX\"><strong><span class=\"_1N6tE\">EGO KILL TALENT<\/span><\/strong><\/p>\n<\/div>\n<div data-breakout=\"normal\">\n<p id=\"viewer-gk4d158706\" class=\"_9-O5y h4vUg KNByY iPC6I TI-xX\"><span class=\"_1N6tE\">Dia 8 de mar\u00e7o de 2024. Sexta, 20h30<\/span><\/p>\n<\/div>\n<div data-breakout=\"normal\">\n<p id=\"viewer-i2v2m60976\" class=\"_9-O5y h4vUg KNByY iPC6I TI-xX\"><span class=\"_1N6tE\">Local: Comedoria (500 lugares)<\/span><\/p>\n<\/div>\n<div data-breakout=\"normal\">\n<p id=\"viewer-r6oob61441\" class=\"_9-O5y h4vUg KNByY iPC6I TI-xX\"><span class=\"_1N6tE\">Valores: R$ 50 (inteira); R$ 25 (Meia entrada), R$ 15 (Credencial Sesc)<\/span><\/p>\n<\/div>\n<div data-breakout=\"normal\">\n<p id=\"viewer-6hh0m61219\" class=\"_9-O5y h4vUg KNByY iPC6I TI-xX\"><span class=\"_1N6tE\">Ingressos \u00e0 venda no portal <a class=\"_37YHL hO7NK\" href=\"http:\/\/sescsp.org.br\/\" target=\"_blank\" rel=\"noopener noreferrer\" data-hook=\"WebLink\">sescsp.org.br<\/a> e nas bilheterias das unidades Sesc<\/span><\/p>\n<\/div>\n<div data-breakout=\"normal\">\n<p id=\"viewer-585i661820\" class=\"_9-O5y h4vUg KNByY iPC6I TI-xX\"><span class=\"_1N6tE\">Classifica\u00e7\u00e3o: 14 anosDura\u00e7\u00e3o: 90 minutos<\/span><\/p>\n<\/div>\n<div data-hook=\"rcv-block19\"><\/div>\n<div data-breakout=\"normal\">\n<div id=\"viewer-ewfwt58803\" class=\"_9-O5y h4vUg KNByY TI-xX\"><span class=\"_1N6tE\">\u00a0<\/span><\/div>\n<\/div>\n<div data-hook=\"rcv-block20\"><\/div>\n<div data-breakout=\"normal\">\n<p id=\"viewer-g5ba458866\" class=\"_9-O5y h4vUg KNByY iPC6I TI-xX\"><strong><span class=\"_1N6tE\">SESC BELENZINHO\u00a0\u00a0<\/span><\/strong><\/p>\n<\/div>\n<div data-breakout=\"normal\">\n<p id=\"viewer-viewer-85is2\" class=\"_9-O5y h4vUg KNByY iPC6I TI-xX\"><span class=\"_1N6tE\">Endere\u00e7o: Rua Padre Adelino, 1000.<\/span><\/p>\n<\/div>\n<div data-breakout=\"normal\">\n<p id=\"viewer-viewer-estkf\" class=\"_9-O5y h4vUg KNByY iPC6I TI-xX\"><span class=\"_1N6tE\">Belenzinho \u2013 S\u00e3o Paulo (SP)<\/span><\/p>\n<\/div>\n<div data-breakout=\"normal\">\n<p id=\"viewer-viewer-erc9n\" class=\"_9-O5y h4vUg KNByY iPC6I TI-xX\"><span class=\"_1N6tE\">Telefone: (11) 2076-9700<\/span><\/p>\n<\/div>\n<div data-breakout=\"normal\">\n<p id=\"viewer-viewer-ehunt\" class=\"_9-O5y h4vUg KNByY iPC6I TI-xX\"><span class=\"_1N6tE\"><a class=\"_37YHL hO7NK\" href=\"http:\/\/sescsp.org.br\/Belenzinho\" target=\"_blank\" rel=\"noopener\" data-hook=\"WebLink\">sescsp.org.br\/Belenzinho<\/a><\/span><\/p>\n<\/div>\n<div data-hook=\"rcv-block25\"><\/div>\n<div data-breakout=\"normal\">\n<div id=\"viewer-rn3co58939\" class=\"_9-O5y h4vUg KNByY TI-xX\"><span class=\"_1N6tE\">\u00a0<\/span><\/div>\n<\/div>\n<div data-hook=\"rcv-block26\"><\/div>\n<div data-breakout=\"normal\">\n<p id=\"viewer-viewer-73fiv\" class=\"_9-O5y h4vUg KNByY iPC6I TI-xX\"><strong><span class=\"_1N6tE\">Estacionamento\u00a0<\/span><\/strong><\/p>\n<\/div>\n<div data-breakout=\"normal\">\n<p id=\"viewer-viewer-10jm9\" class=\"_9-O5y h4vUg KNByY iPC6I TI-xX\"><span class=\"_1N6tE\">De ter\u00e7a a s\u00e1bado, das 9h \u00e0s 21h. Domingos e feriados, das 9h \u00e0s 18h.<\/span><\/p>\n<\/div>\n<div data-breakout=\"normal\">\n<p id=\"viewer-viewer-df0a0\" class=\"_9-O5y h4vUg KNByY iPC6I TI-xX\"><span class=\"_1N6tE\">Valores: Credenciados plenos do Sesc: R$ 5,50 a primeira hora e R$ 2,00 por hora adicional. N\u00e3o credenciados no Sesc: R$ 12,00 a primeira hora e R$ 3,00 por hora adicional.<\/span><\/p>\n<\/div>\n<div data-hook=\"rcv-block29\"><\/div>\n<div data-breakout=\"normal\">\n<div id=\"viewer-uxkvg58944\" class=\"_9-O5y h4vUg KNByY TI-xX\"><span class=\"_1N6tE\">\u00a0<\/span><\/div>\n<\/div>\n<div data-hook=\"rcv-block30\"><\/div>\n<div data-breakout=\"normal\">\n<p id=\"viewer-viewer-asv0f\" class=\"_9-O5y h4vUg KNByY iPC6I TI-xX\"><strong><span class=\"_1N6tE\">Transporte P\u00fablico\u00a0<\/span><\/strong><\/p>\n<\/div>\n<div data-breakout=\"normal\">\n<p id=\"viewer-viewer-almsf\" class=\"_9-O5y h4vUg KNByY iPC6I TI-xX\"><span class=\"_1N6tE\">Metro Bel\u00e9m (550m) | Esta\u00e7\u00e3o Tatuap\u00e9 (1400m)<\/span><\/p>\n<\/div>\n<div data-hook=\"rcv-block32\"><\/div>\n<div data-breakout=\"normal\">\n<div id=\"viewer-grgu258948\" class=\"_9-O5y h4vUg KNByY TI-xX\"><span class=\"_1N6tE\">\u00a0<\/span><\/div>\n<\/div>\n<div data-hook=\"rcv-block33\"><\/div>\n<div data-breakout=\"normal\">\n<p id=\"viewer-viewer-2gp9v\" class=\"_9-O5y h4vUg KNByY iPC6I TI-xX\"><strong><span class=\"_1N6tE\">Sesc Belenzinho nas redes\u00a0<\/span><\/strong><\/p>\n<\/div>\n<div data-breakout=\"normal\">\n<p id=\"viewer-viewer-arjeb\" class=\"_9-O5y h4vUg KNByY iPC6I TI-xX\"><span class=\"_1N6tE\"><a class=\"_37YHL hO7NK\" href=\"https:\/\/www.facebook.com\/sescbelenzinho\" target=\"_blank\" rel=\"noopener\" data-hook=\"WebLink\">Facebook<\/a>\u00a0|<a class=\"_37YHL hO7NK\" href=\"https:\/\/www.instagram.com\/sescbelenzinho\/?hl=pt-br\" target=\"_blank\" rel=\"noopener\" data-hook=\"WebLink\">\u00a0Instagram<\/a>\u00a0|<\/span><\/p>\n<\/div>\n<div data-hook=\"rcv-block35\"><\/div>\n<div data-breakout=\"normal\">\n<div id=\"viewer-yc33h58955\" class=\"_9-O5y h4vUg KNByY TI-xX\"><span class=\"_1N6tE\">\u00a0<\/span><\/div>\n<\/div>\n<div data-hook=\"rcv-block36\"><\/div>\n<div data-breakout=\"normal\">\n<p id=\"viewer-viewer-9v5h2\" class=\"_9-O5y h4vUg KNByY iPC6I TI-xX\"><span class=\"_1N6tE\"><strong>Fonte:\u00a0<\/strong>Priscila Dias\/Sesc Belenzinho<\/span><\/p>\n<\/div>\n","protected":false},"excerpt":{"rendered":"<p>Foto: Murilo Amancio \u00a0\u00a0\u00a0 Banda de Hard Rock faz show dos dois \u00faltimos discos Em mar\u00e7o\u00a0o Sesc Belenzinho recebe a banda Ego Kill Talent. O show acontece no dia 8 na Comedoria, com ingressos de R$ 15\u00a0(Credencial Sesc) a R$ 50\u00a0(inteira) \u00a0 A banda apresenta performances marcadas pela troca de instrumentos entre os integrantes. \u00a0Em [&hellip;]<\/p>\n","protected":false},"author":12,"featured_media":21011,"comment_status":"closed","ping_status":"open","sticky":false,"template":"","format":"standard","meta":{"footnotes":""},"categories":[53,4],"tags":[],"class_list":["post-21010","post","type-post","status-publish","format-standard","has-post-thumbnail","hentry","category-especiais","category-noticias"],"_links":{"self":[{"href":"https:\/\/heavymetalonline.com.br\/index.php?rest_route=\/wp\/v2\/posts\/21010","targetHints":{"allow":["GET"]}}],"collection":[{"href":"https:\/\/heavymetalonline.com.br\/index.php?rest_route=\/wp\/v2\/posts"}],"about":[{"href":"https:\/\/heavymetalonline.com.br\/index.php?rest_route=\/wp\/v2\/types\/post"}],"author":[{"embeddable":true,"href":"https:\/\/heavymetalonline.com.br\/index.php?rest_route=\/wp\/v2\/users\/12"}],"replies":[{"embeddable":true,"href":"https:\/\/heavymetalonline.com.br\/index.php?rest_route=%2Fwp%2Fv2%2Fcomments&post=21010"}],"version-history":[{"count":1,"href":"https:\/\/heavymetalonline.com.br\/index.php?rest_route=\/wp\/v2\/posts\/21010\/revisions"}],"predecessor-version":[{"id":21012,"href":"https:\/\/heavymetalonline.com.br\/index.php?rest_route=\/wp\/v2\/posts\/21010\/revisions\/21012"}],"wp:featuredmedia":[{"embeddable":true,"href":"https:\/\/heavymetalonline.com.br\/index.php?rest_route=\/wp\/v2\/media\/21011"}],"wp:attachment":[{"href":"https:\/\/heavymetalonline.com.br\/index.php?rest_route=%2Fwp%2Fv2%2Fmedia&parent=21010"}],"wp:term":[{"taxonomy":"category","embeddable":true,"href":"https:\/\/heavymetalonline.com.br\/index.php?rest_route=%2Fwp%2Fv2%2Fcategories&post=21010"},{"taxonomy":"post_tag","embeddable":true,"href":"https:\/\/heavymetalonline.com.br\/index.php?rest_route=%2Fwp%2Fv2%2Ftags&post=21010"}],"curies":[{"name":"wp","href":"https:\/\/api.w.org\/{rel}","templated":true}]}}