{"id":21016,"date":"2024-03-03T18:34:41","date_gmt":"2024-03-03T18:34:41","guid":{"rendered":"http:\/\/heavymetalonline.com.br\/?p=21016"},"modified":"2024-03-03T18:34:41","modified_gmt":"2024-03-03T18:34:41","slug":"verita-saiba-mais-sobre-o-lancamento-da-faixa-palacio-de-cristal","status":"publish","type":"post","link":"https:\/\/heavymetalonline.com.br\/?p=21016","title":{"rendered":"Verita: saiba mais sobre o lan\u00e7amento da faixa &#8220;Pal\u00e1cio de Cristal&#8221;"},"content":{"rendered":"<p><img loading=\"lazy\" decoding=\"async\" class=\"alignnone size-full wp-image-21018\" src=\"http:\/\/heavymetalonline.com.br\/wp-content\/uploads\/2024\/03\/WhatsApp-Image-2024-03-03-at-15.04.58.jpeg\" alt=\"\" width=\"1066\" height=\"1600\" srcset=\"https:\/\/heavymetalonline.com.br\/wp-content\/uploads\/2024\/03\/WhatsApp-Image-2024-03-03-at-15.04.58.jpeg 1066w, https:\/\/heavymetalonline.com.br\/wp-content\/uploads\/2024\/03\/WhatsApp-Image-2024-03-03-at-15.04.58-200x300.jpeg 200w, https:\/\/heavymetalonline.com.br\/wp-content\/uploads\/2024\/03\/WhatsApp-Image-2024-03-03-at-15.04.58-768x1153.jpeg 768w, https:\/\/heavymetalonline.com.br\/wp-content\/uploads\/2024\/03\/WhatsApp-Image-2024-03-03-at-15.04.58-682x1024.jpeg 682w\" sizes=\"auto, (max-width: 1066px) 100vw, 1066px\" \/><\/p>\n<div data-breakout=\"normal\">\n<pre id=\"viewer-493mj76785\" class=\"PtAFG vXogX KNByY iPC6I\"><span class=\"\">Foto: Marcela Radael<\/span><\/pre>\n<p id=\"viewer-qoxmz76264\" class=\"_9-O5y h4vUg KNByY iPC6I TI-xX\"><span class=\"_1N6tE\"><strong>&#8220;Pal\u00e1cio de Cristal&#8221; \u00e9<\/strong> o t\u00edtulo de sua mais nova m\u00fasica de trabalho e \u00e9 centrada com uma mensagem onde a reflex\u00e3o entra em voga, no aspecto pessoal, inclusive como uma forma de tentar enxergar melhor o outro atrav\u00e9s dos nossos prop\u00f3sitos, por exemplo.<\/span><\/p>\n<\/div>\n<div data-hook=\"rcv-block4\"><\/div>\n<div data-breakout=\"normal\">\n<div id=\"viewer-bgxkh71929\" class=\"_9-O5y h4vUg KNByY TI-xX\"><span class=\"_1N6tE\">\u00a0<\/span><\/div>\n<\/div>\n<div data-hook=\"rcv-block5\"><\/div>\n<div data-breakout=\"normal\">\n<p id=\"viewer-9cr0u71519\" class=\"_9-O5y h4vUg KNByY iPC6I TI-xX\"><span class=\"_1N6tE\">Como o m\u00fasico Caio Kirdeika relata: <em>&#8220;\u00e9 praticamente uma ode contra a cultura do cancelamento e um convite para voltar ao entendimento que todos temos um teto de vidro&#8221;.<\/em><\/span><\/p>\n<\/div>\n<div data-hook=\"rcv-block6\"><\/div>\n<div data-breakout=\"normal\">\n<p id=\"viewer-ym3gl71521\" class=\"_9-O5y h4vUg KNByY iPC6I TI-xX\"><span class=\"_1N6tE\">J\u00e1 sobre a composi\u00e7\u00e3o musical, ele comenta: &#8220;esta m\u00fasica veio de forma muito natural e leve. Mesmo apesar de t\u00ea-la composto, eu mesmo fico reflexivo com a letra e tenho certeza que toda a composi\u00e7\u00e3o instrumental traduziu perfeitamente cada sensa\u00e7\u00e3o proposta.<\/span><\/p>\n<\/div>\n<div data-hook=\"rcv-block7\"><\/div>\n<div data-breakout=\"normal\">\n<p id=\"viewer-3ki9m71523\" class=\"_9-O5y h4vUg KNByY iPC6I TI-xX\"><span class=\"_1N6tE\">Esta m\u00fasica \u00e9 motivo de grande orgulho para mim, mas espero pelo verdadeiro veredito que \u00e9 a opini\u00e3o dos ouvintes. Honestamente, estou otimista quanto a repercuss\u00e3o que vir\u00e1 dos f\u00e3s e novos ouvintes&#8221;.<\/span><\/p>\n<\/div>\n<div data-hook=\"rcv-block8\"><\/div>\n<div data-breakout=\"normal\">\n<div id=\"viewer-6z0p372385\" class=\"_9-O5y h4vUg KNByY TI-xX\"><span class=\"_1N6tE\">\u00a0<\/span><\/div>\n<\/div>\n<div data-hook=\"rcv-block9\"><\/div>\n<div data-breakout=\"normal\">\n<p id=\"viewer-1ivpa71525\" class=\"_9-O5y h4vUg KNByY iPC6I TI-xX\"><span class=\"_1N6tE\">Gravado no Coelho&#8217;s Studio\/ SBC-SP, essa nova can\u00e7\u00e3o promete ser mais um \u00f3timo momento na carreira da banda.<\/span><\/p>\n<\/div>\n<div data-hook=\"rcv-block10\"><\/div>\n<div data-breakout=\"normal\">\n<div id=\"viewer-8rokd72517\" class=\"_9-O5y h4vUg KNByY TI-xX\"><span class=\"_1N6tE\">\u00a0<\/span><\/div>\n<\/div>\n<div data-hook=\"rcv-block11\"><\/div>\n<div data-breakout=\"normal\">\n<p id=\"viewer-izd7n71527\" class=\"_9-O5y h4vUg KNByY iPC6I TI-xX\"><span class=\"_1N6tE\">Link geral com todas as redes e streamings: <a class=\"_37YHL hO7NK\" href=\"https:\/\/taggo.one\/verita\" target=\"_blank\" rel=\"noopener\" data-hook=\"WebLink\">https:\/\/taggo.one\/verita<\/a><\/span><\/p>\n<p><iframe title=\"Spotify Embed: Pal\u00e1cio de Cristal\" style=\"border-radius: 12px\" width=\"100%\" height=\"152\" frameborder=\"0\" allowfullscreen allow=\"autoplay; clipboard-write; encrypted-media; fullscreen; picture-in-picture\" loading=\"lazy\" src=\"https:\/\/open.spotify.com\/embed\/track\/0Kk5H1v5D4owOJAIbrU9Hv?utm_source=oembed\"><\/iframe><\/p>\n<p>Assista ao clipe:<\/p>\n<p><iframe loading=\"lazy\" title=\"Verita - Pal\u00e1cio de Cristal (Lyric Video)\" width=\"640\" height=\"360\" src=\"https:\/\/www.youtube.com\/embed\/rSiRAdTmR5E?feature=oembed\" frameborder=\"0\" allow=\"accelerometer; autoplay; clipboard-write; encrypted-media; gyroscope; picture-in-picture; web-share\" referrerpolicy=\"strict-origin-when-cross-origin\" allowfullscreen><\/iframe><\/p>\n<div data-breakout=\"normal\">\n<p id=\"viewer-qjzzs71536\" class=\"_9-O5y h4vUg KNByY iPC6I TI-xX\"><strong><span class=\"_1N6tE\">Line-up:<\/span><\/strong><\/p>\n<\/div>\n<div data-breakout=\"normal\">\n<p id=\"viewer-c0lv271538\" class=\"_9-O5y h4vUg KNByY iPC6I TI-xX\"><span class=\"_1N6tE\">Fernando Coelho &#8211; Vocal principal (lead singer)<\/span><\/p>\n<\/div>\n<div data-breakout=\"normal\">\n<p id=\"viewer-hr3wm71540\" class=\"_9-O5y h4vUg KNByY iPC6I TI-xX\"><span class=\"_1N6tE\">Caio Kirdeika &#8211; Guitarra (guitar)\/vocal de apoio (backing vocal)<\/span><\/p>\n<\/div>\n<div data-breakout=\"normal\">\n<p id=\"viewer-mfinz71542\" class=\"_9-O5y h4vUg KNByY iPC6I TI-xX\"><span class=\"_1N6tE\">Filipe Coelho &#8211; baixo (bass)\/bateria e programa\u00e7\u00e3o (programmed drums)<\/span><\/p>\n<\/div>\n<div data-breakout=\"normal\">\n<p id=\"viewer-f8vo371544\" class=\"_9-O5y h4vUg KNByY iPC6I TI-xX\"><span class=\"_1N6tE\">Texto por Vinny Almeida<\/span><\/p>\n<\/div>\n<div data-hook=\"rcv-block23\"><\/div>\n<div data-breakout=\"normal\">\n<div id=\"viewer-vh7zm71546\" class=\"_9-O5y h4vUg KNByY TI-xX\"><span class=\"_1N6tE\">\u00a0<\/span><\/div>\n<\/div>\n<div data-hook=\"rcv-block24\"><\/div>\n<div data-breakout=\"normal\">\n<p id=\"viewer-2qlcf71548\" class=\"_9-O5y h4vUg KNByY iPC6I TI-xX\"><strong><span class=\"_1N6tE\">Isabele Miranda<\/span><\/strong><\/p>\n<\/div>\n<div data-breakout=\"normal\">\n<p id=\"viewer-3ye5k71550\" class=\"_9-O5y h4vUg KNByY iPC6I TI-xX\"><span class=\"_1N6tE\">Assessoria de Imprensa Art\u00edstica Nacional e Internacional<\/span><\/p>\n<\/div>\n<\/div>\n","protected":false},"excerpt":{"rendered":"<p>Foto: Marcela Radael &#8220;Pal\u00e1cio de Cristal&#8221; \u00e9 o t\u00edtulo de sua mais nova m\u00fasica de trabalho e \u00e9 centrada com uma mensagem onde a reflex\u00e3o entra em voga, no aspecto pessoal, inclusive como uma forma de tentar enxergar melhor o outro atrav\u00e9s dos nossos prop\u00f3sitos, por exemplo. \u00a0 Como o m\u00fasico Caio Kirdeika relata: &#8220;\u00e9 [&hellip;]<\/p>\n","protected":false},"author":12,"featured_media":21018,"comment_status":"closed","ping_status":"open","sticky":false,"template":"","format":"standard","meta":{"footnotes":""},"categories":[4],"tags":[],"class_list":["post-21016","post","type-post","status-publish","format-standard","has-post-thumbnail","hentry","category-noticias"],"_links":{"self":[{"href":"https:\/\/heavymetalonline.com.br\/index.php?rest_route=\/wp\/v2\/posts\/21016","targetHints":{"allow":["GET"]}}],"collection":[{"href":"https:\/\/heavymetalonline.com.br\/index.php?rest_route=\/wp\/v2\/posts"}],"about":[{"href":"https:\/\/heavymetalonline.com.br\/index.php?rest_route=\/wp\/v2\/types\/post"}],"author":[{"embeddable":true,"href":"https:\/\/heavymetalonline.com.br\/index.php?rest_route=\/wp\/v2\/users\/12"}],"replies":[{"embeddable":true,"href":"https:\/\/heavymetalonline.com.br\/index.php?rest_route=%2Fwp%2Fv2%2Fcomments&post=21016"}],"version-history":[{"count":1,"href":"https:\/\/heavymetalonline.com.br\/index.php?rest_route=\/wp\/v2\/posts\/21016\/revisions"}],"predecessor-version":[{"id":21019,"href":"https:\/\/heavymetalonline.com.br\/index.php?rest_route=\/wp\/v2\/posts\/21016\/revisions\/21019"}],"wp:featuredmedia":[{"embeddable":true,"href":"https:\/\/heavymetalonline.com.br\/index.php?rest_route=\/wp\/v2\/media\/21018"}],"wp:attachment":[{"href":"https:\/\/heavymetalonline.com.br\/index.php?rest_route=%2Fwp%2Fv2%2Fmedia&parent=21016"}],"wp:term":[{"taxonomy":"category","embeddable":true,"href":"https:\/\/heavymetalonline.com.br\/index.php?rest_route=%2Fwp%2Fv2%2Fcategories&post=21016"},{"taxonomy":"post_tag","embeddable":true,"href":"https:\/\/heavymetalonline.com.br\/index.php?rest_route=%2Fwp%2Fv2%2Ftags&post=21016"}],"curies":[{"name":"wp","href":"https:\/\/api.w.org\/{rel}","templated":true}]}}