{"id":21038,"date":"2024-03-03T23:36:12","date_gmt":"2024-03-03T23:36:12","guid":{"rendered":"http:\/\/heavymetalonline.com.br\/?p=21038"},"modified":"2024-03-03T23:36:12","modified_gmt":"2024-03-03T23:36:12","slug":"sesc-belenzinho-recebe-tuatha-de-danann-neste-sabado-0903","status":"publish","type":"post","link":"https:\/\/heavymetalonline.com.br\/?p=21038","title":{"rendered":"Sesc Belenzinho recebe Tuatha de Danann neste s\u00e1bado (09\/03)"},"content":{"rendered":"<p><img loading=\"lazy\" decoding=\"async\" class=\"alignnone size-full wp-image-21039\" src=\"http:\/\/heavymetalonline.com.br\/wp-content\/uploads\/2024\/03\/image-1.png\" alt=\"\" width=\"886\" height=\"348\" srcset=\"https:\/\/heavymetalonline.com.br\/wp-content\/uploads\/2024\/03\/image-1.png 886w, https:\/\/heavymetalonline.com.br\/wp-content\/uploads\/2024\/03\/image-1-300x118.png 300w, https:\/\/heavymetalonline.com.br\/wp-content\/uploads\/2024\/03\/image-1-768x302.png 768w\" sizes=\"auto, (max-width: 886px) 100vw, 886px\" \/><\/p>\n<div class=\"nLG8d5\" data-hook=\"post-description\">\n<article class=\"blog-post-page-font\">\n<div class=\"post-content__body stSKMK\">\n<div class=\"moHCnT\">\n<div class=\"moHCnT\">\n<div class=\"fTEXDR\" data-rce-version=\"9.17.7\">\n<div class=\"Bteo4\" dir=\"ltr\" data-id=\"content-viewer\">\n<div class=\"_8Tyov\" data-query=\"container\">\n<div class=\"RMtIP\">\n<div data-breakout=\"normal\">\n<pre id=\"viewer-h4kvp87740\" class=\"PtAFG vXogX KNByY iPC6I\"><span class=\"\">Foto: Rodrigo Barbieri<\/span><\/pre>\n<p style=\"text-align: center;\"><em>Grupo \u00e9 famoso por unir o heavy metal com a m\u00fasica celta<\/em><\/p>\n<p id=\"viewer-j6mwm88461\" class=\"_9-O5y h4vUg KNByY iPC6I TI-xX\"><span class=\"_1N6tE\">No dia 9 de mar\u00e7o de 2024, a banda de folk metal <strong>Tuatha de Danann<\/strong>\u00a0faz show do oitavo disco da banda mineira de folk metal, fundada em 1994, na cidade de Varginha.<\/span><\/p>\n<\/div>\n<div data-hook=\"rcv-block5\"><\/div>\n<div data-breakout=\"normal\">\n<p id=\"viewer-jcscs86229\" class=\"_9-O5y h4vUg KNByY TI-xX\"><span class=\"_1N6tE\">\u00a0<\/span><\/p>\n<\/div>\n<div data-hook=\"rcv-block6\"><\/div>\n<div data-breakout=\"normal\">\n<p id=\"viewer-wsxbf86231\" class=\"_9-O5y h4vUg KNByY iPC6I TI-xX\"><span class=\"_1N6tE\">Conhecida por mesclar a magia da cultura e da musicalidade celta com elementos da m\u00fasica brasileira, e por ser a pioneira no g\u00eanero, atualmente, a banda conta com 3 integrantes da forma\u00e7\u00e3o original, Bruno Maia, Giovani Gomes e Edgard Vitor e os novos integrantes Igor de Raphael Wagner e Rafael Delfino. a banda une harmoniosamente vertentes musicais distintas, como o heavy metal\u00a0e a m\u00fasica celta. Espet\u00e1culo acontece na comedoria da unidade no s\u00e1bado, \u00e0s 20h30.<\/span><\/p>\n<\/div>\n<div data-hook=\"rcv-block7\"><\/div>\n<div data-breakout=\"normal\">\n<p id=\"viewer-6l0it86237\" class=\"_9-O5y h4vUg KNByY TI-xX\"><span class=\"_1N6tE\">\u00a0<\/span><\/p>\n<\/div>\n<div data-hook=\"rcv-block8\"><\/div>\n<div data-breakout=\"normal\">\n<p id=\"viewer-3oge586239\" class=\"_9-O5y h4vUg KNByY iPC6I TI-xX\"><span class=\"_1N6tE\">Conhecida pelos ritmos e letras inspiradas na mitologia c\u00e9ltica, a banda apresenta um show do disco novo The Nameless Cry\u00a0e repert\u00f3rio de todos os seus \u00e1lbuns anteriores, In Nomine \u00c9iream, Tuatha de Danann\u00a0(1999), Tingalaratingadun\u00a0(2001), The Delirium Has Just Begun (2002), Trova di Dan\u00fa (2004) e Dawn Of a New Sun (2015), al\u00e9m de temas do cancioneiro irland\u00eas.<\/span><\/p>\n<\/div>\n<div data-hook=\"rcv-block9\"><\/div>\n<div data-breakout=\"normal\">\n<p id=\"viewer-1uk1j86255\" class=\"_9-O5y h4vUg KNByY TI-xX\"><span class=\"_1N6tE\">\u00a0<\/span><\/p>\n<\/div>\n<div data-hook=\"rcv-block10\"><\/div>\n<div data-breakout=\"normal\">\n<p id=\"viewer-mupww86257\" class=\"_9-O5y h4vUg KNByY iPC6I TI-xX\"><span class=\"_1N6tE\">Formada em Varginha, Minas Gerais, em 1995 por adolescentes com idade entre 13 e 16 anos, a banda Tuatha de Danann j\u00e1 ganhou notoriedade internacional com lan\u00e7amentos de \u00e1lbuns em pa\u00edses como R\u00fassia e Fran\u00e7a, al\u00e9m de apresenta\u00e7\u00e3o em festivais internacionais. J\u00e1 figurou em listas e enquetes como uma das mais expressivas bandas de heavy metal do Brasil, e seu \u00faltimo disco Dawn Of a New Sun\u00a0foi um dos mais vendidos de 2015, al\u00e9m de ser considerado como um dos melhores lan\u00e7amentos nacionais do segmento heavy metal\u00a0no ano de lan\u00e7amento.<\/span><\/p>\n<\/div>\n<div data-hook=\"rcv-block11\"><\/div>\n<div data-breakout=\"normal\">\n<div id=\"viewer-rgqcb86266\" class=\"_9-O5y h4vUg KNByY TI-xX\"><span class=\"_1N6tE\">\u00a0<\/span><\/div>\n<\/div>\n<div data-hook=\"rcv-block12\"><\/div>\n<div data-breakout=\"normal\">\n<p id=\"viewer-nqxlh86267\" class=\"_9-O5y h4vUg KNByY iPC6I TI-xX\"><strong><span class=\"_1N6tE\">TUATHA DE DANANN<\/span><\/strong><\/p>\n<\/div>\n<div data-breakout=\"normal\">\n<p id=\"viewer-7hljk86534\" class=\"_9-O5y h4vUg KNByY iPC6I TI-xX\"><span class=\"_1N6tE\">Dia 9 de mar\u00e7o de 2024. S\u00e1bado, 20h30\u00a0<\/span><\/p>\n<\/div>\n<div data-breakout=\"normal\">\n<p id=\"viewer-ppooj89041\" class=\"_9-O5y h4vUg KNByY iPC6I TI-xX\"><span class=\"_1N6tE\">Local: Comedoria (500 lugares)<\/span><\/p>\n<\/div>\n<div data-breakout=\"normal\">\n<p id=\"viewer-viewer-r6oob61441\" class=\"_9-O5y h4vUg KNByY iPC6I TI-xX\"><span class=\"_1N6tE\">Valores: R$ 50 (inteira); R$ 25 (Meia entrada), R$ 15 (Credencial Sesc)<\/span><\/p>\n<\/div>\n<div data-breakout=\"normal\">\n<p id=\"viewer-viewer-6hh0m61219\" class=\"_9-O5y h4vUg KNByY iPC6I TI-xX\"><span class=\"_1N6tE\">Ingressos \u00e0 venda no portal <a class=\"_37YHL hO7NK\" href=\"http:\/\/sescsp.org.br\/\" target=\"_blank\" rel=\"noopener\" data-hook=\"WebLink\">sescsp.org.br<\/a>\u00a0e nas bilheterias das unidades Sesc<\/span><\/p>\n<\/div>\n<div data-breakout=\"normal\">\n<p id=\"viewer-viewer-585i661820\" class=\"_9-O5y h4vUg KNByY iPC6I TI-xX\"><span class=\"_1N6tE\">Classifica\u00e7\u00e3o: 14 anosDura\u00e7\u00e3o: 90 minutos<\/span><\/p>\n<\/div>\n<div data-hook=\"rcv-block18\"><\/div>\n<div data-breakout=\"normal\">\n<div id=\"viewer-e6z5v89166\" class=\"_9-O5y h4vUg KNByY TI-xX\"><span class=\"_1N6tE\">\u00a0<\/span><\/div>\n<\/div>\n<div data-hook=\"rcv-block19\"><\/div>\n<div data-breakout=\"normal\">\n<p id=\"viewer-viewer-g5ba458866\" class=\"_9-O5y h4vUg KNByY iPC6I TI-xX\"><strong><span class=\"_1N6tE\">SESC BELENZINHO\u00a0\u00a0<\/span><\/strong><\/p>\n<\/div>\n<div data-breakout=\"normal\">\n<p id=\"viewer-viewer-viewer-85is2\" class=\"_9-O5y h4vUg KNByY iPC6I TI-xX\"><span class=\"_1N6tE\">Endere\u00e7o: Rua Padre Adelino, 1000.<\/span><\/p>\n<\/div>\n<div data-breakout=\"normal\">\n<p id=\"viewer-viewer-viewer-estkf\" class=\"_9-O5y h4vUg KNByY iPC6I TI-xX\"><span class=\"_1N6tE\">Belenzinho \u2013 S\u00e3o Paulo (SP)<\/span><\/p>\n<\/div>\n<div data-breakout=\"normal\">\n<p id=\"viewer-viewer-viewer-erc9n\" class=\"_9-O5y h4vUg KNByY iPC6I TI-xX\"><span class=\"_1N6tE\">Telefone: (11) 2076-9700<\/span><\/p>\n<\/div>\n<div data-breakout=\"normal\">\n<p id=\"viewer-viewer-viewer-ehunt\" class=\"_9-O5y h4vUg KNByY iPC6I TI-xX\"><span class=\"_1N6tE\"><a class=\"_37YHL hO7NK\" href=\"http:\/\/sescsp.org.br\/Belenzinho\" target=\"_blank\" rel=\"noopener\" data-hook=\"WebLink\">sescsp.org.br\/Belenzinho<\/a><\/span><\/p>\n<\/div>\n<div data-hook=\"rcv-block24\"><\/div>\n<div data-breakout=\"normal\">\n<div id=\"viewer-b77zb89173\" class=\"_9-O5y h4vUg KNByY TI-xX\"><span class=\"_1N6tE\">\u00a0<\/span><\/div>\n<\/div>\n<div data-hook=\"rcv-block25\"><\/div>\n<div data-breakout=\"normal\">\n<p id=\"viewer-viewer-viewer-73fiv\" class=\"_9-O5y h4vUg KNByY iPC6I TI-xX\"><strong><span class=\"_1N6tE\">Estacionamento\u00a0<\/span><\/strong><\/p>\n<\/div>\n<div data-breakout=\"normal\">\n<p id=\"viewer-viewer-viewer-10jm9\" class=\"_9-O5y h4vUg KNByY iPC6I TI-xX\"><span class=\"_1N6tE\">De ter\u00e7a a s\u00e1bado, das 9h \u00e0s 21h. Domingos e feriados, das 9h \u00e0s 18h.<\/span><\/p>\n<\/div>\n<div data-hook=\"rcv-block27\"><\/div>\n<div data-breakout=\"normal\">\n<p id=\"viewer-viewer-viewer-df0a0\" class=\"_9-O5y h4vUg KNByY iPC6I TI-xX\"><span class=\"_1N6tE\">Valores: Credenciados plenos do Sesc: R$ 5,50 a primeira hora e R$ 2,00 por hora adicional. N\u00e3o credenciados no Sesc: R$ 12,00 a primeira hora e R$ 3,00 por hora adicional.<\/span><\/p>\n<\/div>\n<div data-hook=\"rcv-block28\"><\/div>\n<div data-breakout=\"normal\">\n<div id=\"viewer-5nmm089178\" class=\"_9-O5y h4vUg KNByY TI-xX\"><span class=\"_1N6tE\">\u00a0<\/span><\/div>\n<\/div>\n<div data-hook=\"rcv-block29\"><\/div>\n<div data-breakout=\"normal\">\n<p id=\"viewer-viewer-viewer-asv0f\" class=\"_9-O5y h4vUg KNByY iPC6I TI-xX\"><strong><span class=\"_1N6tE\">Transporte P\u00fablico\u00a0<\/span><\/strong><\/p>\n<\/div>\n<div data-breakout=\"normal\">\n<p id=\"viewer-viewer-viewer-almsf\" class=\"_9-O5y h4vUg KNByY iPC6I TI-xX\"><span class=\"_1N6tE\">Metro Bel\u00e9m (550m) | Esta\u00e7\u00e3o Tatuap\u00e9 (1400m)<\/span><\/p>\n<\/div>\n<div data-hook=\"rcv-block31\"><\/div>\n<div data-breakout=\"normal\">\n<div id=\"viewer-o596689182\" class=\"_9-O5y h4vUg KNByY TI-xX\"><span class=\"_1N6tE\">\u00a0<\/span><\/div>\n<\/div>\n<div data-hook=\"rcv-block32\"><\/div>\n<div data-breakout=\"normal\">\n<p id=\"viewer-viewer-viewer-2gp9v\" class=\"_9-O5y h4vUg KNByY iPC6I TI-xX\"><strong><span class=\"_1N6tE\">Sesc Belenzinho nas redes\u00a0<\/span><\/strong><\/p>\n<\/div>\n<div data-breakout=\"normal\">\n<p id=\"viewer-viewer-viewer-arjeb\" class=\"_9-O5y h4vUg KNByY iPC6I TI-xX\"><span class=\"_1N6tE\"><a class=\"_37YHL hO7NK\" href=\"https:\/\/www.facebook.com\/sescbelenzinho\" target=\"_blank\" rel=\"noopener\" data-hook=\"WebLink\">Facebook<\/a>\u00a0|<a class=\"_37YHL hO7NK\" href=\"https:\/\/www.instagram.com\/sescbelenzinho\/?hl=pt-br\" target=\"_blank\" rel=\"noopener\" data-hook=\"WebLink\">\u00a0Instagram<\/a>\u00a0|<\/span><\/p>\n<\/div>\n<div data-hook=\"rcv-block34\"><\/div>\n<div data-breakout=\"normal\">\n<div id=\"viewer-j8g6c89189\" class=\"_9-O5y h4vUg KNByY TI-xX\"><span class=\"_1N6tE\">\u00a0<\/span><\/div>\n<\/div>\n<div data-hook=\"rcv-block35\"><\/div>\n<div data-breakout=\"normal\">\n<p id=\"viewer-viewer-viewer-9v5h2\" class=\"_9-O5y h4vUg KNByY iPC6I TI-xX\"><span class=\"_1N6tE\"><strong>Fonte:<\/strong>\u00a0Priscila Dias\/Sesc Belenzinho<\/span><\/p>\n<\/div>\n<div data-hook=\"rcv-block36\"><\/div>\n<\/div>\n<div data-hook=\"rcv-block-last\"><\/div>\n<\/div>\n<\/div>\n<\/div>\n<\/div>\n<\/div>\n<\/div>\n<\/article>\n<\/div>\n<div class=\"BL3dva\"><\/div>\n","protected":false},"excerpt":{"rendered":"<p>Foto: Rodrigo Barbieri Grupo \u00e9 famoso por unir o heavy metal com a m\u00fasica celta No dia 9 de mar\u00e7o de 2024, a banda de folk metal Tuatha de Danann\u00a0faz show do oitavo disco da banda mineira de folk metal, fundada em 1994, na cidade de Varginha. \u00a0 Conhecida por mesclar a magia da cultura [&hellip;]<\/p>\n","protected":false},"author":12,"featured_media":21039,"comment_status":"closed","ping_status":"open","sticky":false,"template":"","format":"standard","meta":{"footnotes":""},"categories":[4],"tags":[],"class_list":["post-21038","post","type-post","status-publish","format-standard","has-post-thumbnail","hentry","category-noticias"],"_links":{"self":[{"href":"https:\/\/heavymetalonline.com.br\/index.php?rest_route=\/wp\/v2\/posts\/21038","targetHints":{"allow":["GET"]}}],"collection":[{"href":"https:\/\/heavymetalonline.com.br\/index.php?rest_route=\/wp\/v2\/posts"}],"about":[{"href":"https:\/\/heavymetalonline.com.br\/index.php?rest_route=\/wp\/v2\/types\/post"}],"author":[{"embeddable":true,"href":"https:\/\/heavymetalonline.com.br\/index.php?rest_route=\/wp\/v2\/users\/12"}],"replies":[{"embeddable":true,"href":"https:\/\/heavymetalonline.com.br\/index.php?rest_route=%2Fwp%2Fv2%2Fcomments&post=21038"}],"version-history":[{"count":1,"href":"https:\/\/heavymetalonline.com.br\/index.php?rest_route=\/wp\/v2\/posts\/21038\/revisions"}],"predecessor-version":[{"id":21040,"href":"https:\/\/heavymetalonline.com.br\/index.php?rest_route=\/wp\/v2\/posts\/21038\/revisions\/21040"}],"wp:featuredmedia":[{"embeddable":true,"href":"https:\/\/heavymetalonline.com.br\/index.php?rest_route=\/wp\/v2\/media\/21039"}],"wp:attachment":[{"href":"https:\/\/heavymetalonline.com.br\/index.php?rest_route=%2Fwp%2Fv2%2Fmedia&parent=21038"}],"wp:term":[{"taxonomy":"category","embeddable":true,"href":"https:\/\/heavymetalonline.com.br\/index.php?rest_route=%2Fwp%2Fv2%2Fcategories&post=21038"},{"taxonomy":"post_tag","embeddable":true,"href":"https:\/\/heavymetalonline.com.br\/index.php?rest_route=%2Fwp%2Fv2%2Ftags&post=21038"}],"curies":[{"name":"wp","href":"https:\/\/api.w.org\/{rel}","templated":true}]}}