{"id":21537,"date":"2024-03-21T15:55:17","date_gmt":"2024-03-21T15:55:17","guid":{"rendered":"http:\/\/heavymetalonline.com.br\/?p=21537"},"modified":"2024-03-21T15:55:17","modified_gmt":"2024-03-21T15:55:17","slug":"claudio-vicentin-ceo-do-festival-e-o-convidado-do-episodio-05-do-podcast-oficial-do-summer-breeze-brasil","status":"publish","type":"post","link":"https:\/\/heavymetalonline.com.br\/?p=21537","title":{"rendered":"Claudio Vicentin, CEO do festival, \u00e9 o convidado do epis\u00f3dio #05 do Podcast Oficial do Summer Breeze Brasil"},"content":{"rendered":"<p><img loading=\"lazy\" decoding=\"async\" class=\"alignnone size-full wp-image-21526\" src=\"http:\/\/heavymetalonline.com.br\/wp-content\/uploads\/2024\/03\/PodCast-Summer-Breeze-Claudio-Vicentin.jpg\" alt=\"\" width=\"1080\" height=\"1080\" srcset=\"https:\/\/heavymetalonline.com.br\/wp-content\/uploads\/2024\/03\/PodCast-Summer-Breeze-Claudio-Vicentin.jpg 1080w, https:\/\/heavymetalonline.com.br\/wp-content\/uploads\/2024\/03\/PodCast-Summer-Breeze-Claudio-Vicentin-500x500.jpg 500w, https:\/\/heavymetalonline.com.br\/wp-content\/uploads\/2024\/03\/PodCast-Summer-Breeze-Claudio-Vicentin-300x300.jpg 300w, https:\/\/heavymetalonline.com.br\/wp-content\/uploads\/2024\/03\/PodCast-Summer-Breeze-Claudio-Vicentin-768x768.jpg 768w, https:\/\/heavymetalonline.com.br\/wp-content\/uploads\/2024\/03\/PodCast-Summer-Breeze-Claudio-Vicentin-1024x1024.jpg 1024w\" sizes=\"auto, (max-width: 1080px) 100vw, 1080px\" \/><\/p>\n<div data-breakout=\"normal\">\n<div data-breakout=\"normal\">\n<p id=\"viewer-t76ei120606\" class=\"H0BMW qw9d2 Cn4W9 t077n _39sR0\" style=\"text-align: center;\"><em><span class=\"GkipB\">O epis\u00f3dio anterior recebeu os bateristas Amilcar Christ\u00f3faro e Rodrigo Oliveira, que abordaram temas importantes como o impacto <\/span><\/em><\/p>\n<p class=\"H0BMW qw9d2 Cn4W9 t077n _39sR0\" style=\"text-align: center;\"><em><span class=\"GkipB\">de suas\u00a0<\/span>carreiras na cena musical brasileira<\/em><\/p>\n<\/div>\n<p id=\"viewer-u0irk123056\" class=\"H0BMW qw9d2 _5TXqj t077n _39sR0\"><span class=\"GkipB\">O<strong> Podcast Oficial do Summer Breeze Brasil<\/strong> continua sua jornada de imers\u00e3o na hist\u00f3ria do evento, trazendo \u00e0 luz hist\u00f3rias, tend\u00eancias e influ\u00eancias que moldam este novo conceito de festival de heavy metal no Brasil. No epis\u00f3dio <a class=\"qqmWa\" href=\"https:\/\/www.metalnopapel.com\/blog\/hashtags\/05\" target=\"__blank\">#05<\/a> do podcast, tivemos a participa\u00e7\u00e3o especial de <strong>Claudio Vicentin<\/strong>,<strong> CEO<\/strong> do<strong> Summer Breeze Brasil<\/strong> e editor da prestigiada revista Roadie Crew.<\/span><\/p>\n<\/div>\n<div data-hook=\"rcv-block6\"><\/div>\n<div data-breakout=\"normal\">\n<div id=\"viewer-52aam112769\" class=\"H0BMW qw9d2 _5TXqj _39sR0\"><span class=\"GkipB\">\u00a0<\/span><\/div>\n<\/div>\n<div data-hook=\"rcv-block7\"><\/div>\n<div data-breakout=\"normal\">\n<p id=\"viewer-m2wxm112772\" class=\"H0BMW qw9d2 _5TXqj t077n _39sR0\"><span class=\"GkipB\">Bruno Sutter, o host deste podcast, conta que nesta edi\u00e7\u00e3o participar\u00e1 do festival trabalhando para o Detonator, vocalista do Massacration, adicionando uma camada de humor, entusiasmo e expectativa para o festival.<\/span><\/p>\n<\/div>\n<div data-hook=\"rcv-block8\"><\/div>\n<div data-breakout=\"normal\">\n<div id=\"viewer-8b7ux112780\" class=\"H0BMW qw9d2 _5TXqj _39sR0\"><span class=\"GkipB\">\u00a0<\/span><\/div>\n<\/div>\n<div data-hook=\"rcv-block9\"><\/div>\n<div data-breakout=\"normal\">\n<p id=\"viewer-duxxk112783\" class=\"H0BMW qw9d2 _5TXqj t077n _39sR0\"><span class=\"GkipB\">Neste epis\u00f3dio, Vicentin fala sobre a emo\u00e7\u00e3o de ver a primeira edi\u00e7\u00e3o do festival acontecer no Brasil, ressaltando a grande aceita\u00e7\u00e3o por parte do p\u00fablico e a sua solidifica\u00e7\u00e3o no pa\u00eds. Ele comenta tamb\u00e9m sobre o processo de montagem do line-up, quais s\u00e3o os par\u00e2metros para a escolha das bandas e como foi a negocia\u00e7\u00e3o para trazer a banda de Gene Simmons como atra\u00e7\u00e3o surpresa do festival.<\/span><\/p>\n<\/div>\n<div data-hook=\"rcv-block10\"><\/div>\n<div data-breakout=\"normal\">\n<div id=\"viewer-e4nns112790\" class=\"H0BMW qw9d2 _5TXqj _39sR0\"><span class=\"GkipB\">\u00a0<\/span><\/div>\n<\/div>\n<div data-hook=\"rcv-block11\"><\/div>\n<div data-breakout=\"normal\">\n<p id=\"viewer-m1976112791\" class=\"H0BMW qw9d2 _5TXqj t077n _39sR0\"><span class=\"GkipB\">Vicentin comenta que a ideia de trazer o festival alem\u00e3o para o Brasil nasceu de suas experi\u00eancias como jornalista, cujo trabalho com m\u00fasica e bandas de metal o levou a visitar diversos festivais de heavy metal ao redor do mundo. O CEO da edi\u00e7\u00e3o brasileira do Summer Breeze compartilhou sua vis\u00e3o sobre o que realmente constitui um festival, destacando a import\u00e2ncia de incluir n\u00e3o apenas bandas, mas tamb\u00e9m um enorme mercado de heavy metal a fim de ampliar a experi\u00eancia do evento.<\/span><\/p>\n<\/div>\n<div data-hook=\"rcv-block12\"><\/div>\n<div data-breakout=\"normal\">\n<div id=\"viewer-mufmg112797\" class=\"H0BMW qw9d2 _5TXqj _39sR0\"><span class=\"GkipB\">\u00a0<\/span><\/div>\n<\/div>\n<div data-hook=\"rcv-block13\"><\/div>\n<div data-breakout=\"normal\">\n<p id=\"viewer-cdl6g112800\" class=\"H0BMW qw9d2 _5TXqj t077n _39sR0\"><span class=\"GkipB\">A edi\u00e7\u00e3o brasileira do festival promete trazer a mesma experi\u00eancia diretamente da Alemanha que vai desde lounges com open bar e open food at\u00e9 experi\u00eancias \u00fanicas no mercado de metal, incluindo experi\u00eancias \u00fanicas como a Horror Expo, onde os participantes podem encontrar personagens cl\u00e1ssicos do terror, al\u00e9m de desfrutar de experi\u00eancias em games, feira geek, feira de tattoo e at\u00e9 uma feira de instrumentos musicais, incentivando a forma\u00e7\u00e3o de novos m\u00fasicos.<\/span><\/p>\n<\/div>\n<div data-hook=\"rcv-block14\"><\/div>\n<div data-breakout=\"normal\">\n<div id=\"viewer-4e6w5112805\" class=\"H0BMW qw9d2 _5TXqj _39sR0\"><span class=\"GkipB\">\u00a0<\/span><\/div>\n<\/div>\n<div data-hook=\"rcv-block15\"><\/div>\n<div data-breakout=\"normal\">\n<p id=\"viewer-5a7ht112808\" class=\"H0BMW qw9d2 _5TXqj t077n _39sR0\"><span class=\"GkipB\">O epis\u00f3dio <a class=\"qqmWa\" href=\"https:\/\/www.metalnopapel.com\/blog\/hashtags\/5\" target=\"__blank\">#5<\/a> est\u00e1 dispon\u00edvel hoje, 21\/03, a partir das 19h:<\/span><\/p>\n<p><iframe loading=\"lazy\" title=\"Claudio Vicentin - Summer Breeze Brasil - 2\u00aa temporada - #05\" width=\"640\" height=\"360\" src=\"https:\/\/www.youtube.com\/embed\/fJ55yPzw9ic?feature=oembed\" frameborder=\"0\" allow=\"accelerometer; autoplay; clipboard-write; encrypted-media; gyroscope; picture-in-picture; web-share\" referrerpolicy=\"strict-origin-when-cross-origin\" allowfullscreen><\/iframe><\/p>\n<div data-breakout=\"normal\">\n<p id=\"viewer-5ed1r115381\" class=\"H0BMW qw9d2 _5TXqj t077n _39sR0\"><span class=\"GkipB\">Este evento n\u00e3o apenas promete ser um divisor de \u00e1guas no mercado de shows no Brasil, mas tamb\u00e9m um ponto de encontro para a nova gera\u00e7\u00e3o do metal brasileiro, demonstrando a for\u00e7a e a diversidade do g\u00eanero no pa\u00eds.<\/span><\/p>\n<\/div>\n<div data-hook=\"rcv-block20\"><\/div>\n<div data-breakout=\"normal\">\n<div id=\"viewer-df9x7115473\" class=\"H0BMW qw9d2 _5TXqj _39sR0\"><span class=\"GkipB\">\u00a0<\/span><\/div>\n<\/div>\n<div data-hook=\"rcv-block21\"><\/div>\n<div data-breakout=\"normal\">\n<p id=\"viewer-5jp9r115474\" class=\"H0BMW qw9d2 _5TXqj t077n _39sR0\"><span class=\"GkipB\">Para mais informa\u00e7\u00f5es sobre o festival e conferir a programa\u00e7\u00e3o completa, visite o site oficial: <a class=\"DAP0T CATC8\" href=\"https:\/\/summerbreezebrasil.com\/\" target=\"_blank\" rel=\"noopener\" data-hook=\"WebLink\">https:\/\/summerbreezebrasil.com\/<\/a><\/span><\/p>\n<\/div>\n<div data-hook=\"rcv-block22\"><\/div>\n<div data-breakout=\"normal\">\n<div id=\"viewer-m5ich115478\" class=\"H0BMW qw9d2 _5TXqj _39sR0\"><span class=\"GkipB\">\u00a0<\/span><\/div>\n<\/div>\n<div data-hook=\"rcv-block23\"><\/div>\n<div data-breakout=\"normal\">\n<p id=\"viewer-2sxh4115479\" class=\"H0BMW qw9d2 _5TXqj t077n _39sR0\"><span class=\"GkipB\">N\u00e3o deixe tamb\u00e9m de conferir os epis\u00f3dios anteriores de nossa segunda temporada do podcast oficial do <strong>Summer Breeze Open Air Festival<\/strong>:<\/span><\/p>\n<div id='gallery-1' class='gallery galleryid-21537 gallery-columns-3 gallery-size-thumbnail'><figure class='gallery-item'>\n\t\t\t<div class='gallery-icon landscape'>\n\t\t\t\t<a href='https:\/\/heavymetalonline.com.br\/?attachment_id=20885'><img loading=\"lazy\" decoding=\"async\" width=\"500\" height=\"500\" src=\"https:\/\/heavymetalonline.com.br\/wp-content\/uploads\/2024\/02\/unnamed-9-2-500x500.jpg\" class=\"attachment-thumbnail size-thumbnail\" alt=\"\" srcset=\"https:\/\/heavymetalonline.com.br\/wp-content\/uploads\/2024\/02\/unnamed-9-2-500x500.jpg 500w, https:\/\/heavymetalonline.com.br\/wp-content\/uploads\/2024\/02\/unnamed-9-2-300x300.jpg 300w, https:\/\/heavymetalonline.com.br\/wp-content\/uploads\/2024\/02\/unnamed-9-2-768x768.jpg 768w, https:\/\/heavymetalonline.com.br\/wp-content\/uploads\/2024\/02\/unnamed-9-2-1024x1024.jpg 1024w, https:\/\/heavymetalonline.com.br\/wp-content\/uploads\/2024\/02\/unnamed-9-2.jpg 1080w\" sizes=\"auto, (max-width: 500px) 100vw, 500px\" \/><\/a>\n\t\t\t<\/div><\/figure><figure class='gallery-item'>\n\t\t\t<div class='gallery-icon landscape'>\n\t\t\t\t<a href='https:\/\/heavymetalonline.com.br\/?attachment_id=21047'><img loading=\"lazy\" decoding=\"async\" width=\"500\" height=\"500\" src=\"https:\/\/heavymetalonline.com.br\/wp-content\/uploads\/2024\/03\/PodCast-Summer-Breeze-Matt-e-Felipe-500x500.jpg\" class=\"attachment-thumbnail size-thumbnail\" alt=\"\" srcset=\"https:\/\/heavymetalonline.com.br\/wp-content\/uploads\/2024\/03\/PodCast-Summer-Breeze-Matt-e-Felipe-500x500.jpg 500w, https:\/\/heavymetalonline.com.br\/wp-content\/uploads\/2024\/03\/PodCast-Summer-Breeze-Matt-e-Felipe-300x300.jpg 300w, https:\/\/heavymetalonline.com.br\/wp-content\/uploads\/2024\/03\/PodCast-Summer-Breeze-Matt-e-Felipe-768x768.jpg 768w, https:\/\/heavymetalonline.com.br\/wp-content\/uploads\/2024\/03\/PodCast-Summer-Breeze-Matt-e-Felipe-1024x1024.jpg 1024w, https:\/\/heavymetalonline.com.br\/wp-content\/uploads\/2024\/03\/PodCast-Summer-Breeze-Matt-e-Felipe.jpg 1080w\" sizes=\"auto, (max-width: 500px) 100vw, 500px\" \/><\/a>\n\t\t\t<\/div><\/figure><figure class='gallery-item'>\n\t\t\t<div class='gallery-icon landscape'>\n\t\t\t\t<a href='https:\/\/heavymetalonline.com.br\/?attachment_id=21169'><img loading=\"lazy\" decoding=\"async\" width=\"500\" height=\"500\" src=\"https:\/\/heavymetalonline.com.br\/wp-content\/uploads\/2024\/03\/PodCast-Summer-Breeze-Betto-Cardoso-500x500.jpg\" class=\"attachment-thumbnail size-thumbnail\" alt=\"\" srcset=\"https:\/\/heavymetalonline.com.br\/wp-content\/uploads\/2024\/03\/PodCast-Summer-Breeze-Betto-Cardoso-500x500.jpg 500w, https:\/\/heavymetalonline.com.br\/wp-content\/uploads\/2024\/03\/PodCast-Summer-Breeze-Betto-Cardoso-300x300.jpg 300w, https:\/\/heavymetalonline.com.br\/wp-content\/uploads\/2024\/03\/PodCast-Summer-Breeze-Betto-Cardoso-768x768.jpg 768w, https:\/\/heavymetalonline.com.br\/wp-content\/uploads\/2024\/03\/PodCast-Summer-Breeze-Betto-Cardoso-1024x1024.jpg 1024w, https:\/\/heavymetalonline.com.br\/wp-content\/uploads\/2024\/03\/PodCast-Summer-Breeze-Betto-Cardoso.jpg 1080w\" sizes=\"auto, (max-width: 500px) 100vw, 500px\" \/><\/a>\n\t\t\t<\/div><\/figure><figure class='gallery-item'>\n\t\t\t<div class='gallery-icon landscape'>\n\t\t\t\t<a href='https:\/\/heavymetalonline.com.br\/?attachment_id=21249'><img loading=\"lazy\" decoding=\"async\" width=\"500\" height=\"500\" src=\"https:\/\/heavymetalonline.com.br\/wp-content\/uploads\/2024\/03\/PodCast-Summer-Breeze-Rodrigo-e-Amilcar-500x500.jpg\" class=\"attachment-thumbnail size-thumbnail\" alt=\"\" srcset=\"https:\/\/heavymetalonline.com.br\/wp-content\/uploads\/2024\/03\/PodCast-Summer-Breeze-Rodrigo-e-Amilcar-500x500.jpg 500w, https:\/\/heavymetalonline.com.br\/wp-content\/uploads\/2024\/03\/PodCast-Summer-Breeze-Rodrigo-e-Amilcar-300x300.jpg 300w, https:\/\/heavymetalonline.com.br\/wp-content\/uploads\/2024\/03\/PodCast-Summer-Breeze-Rodrigo-e-Amilcar-768x768.jpg 768w, https:\/\/heavymetalonline.com.br\/wp-content\/uploads\/2024\/03\/PodCast-Summer-Breeze-Rodrigo-e-Amilcar-1024x1024.jpg 1024w, https:\/\/heavymetalonline.com.br\/wp-content\/uploads\/2024\/03\/PodCast-Summer-Breeze-Rodrigo-e-Amilcar.jpg 1080w\" sizes=\"auto, (max-width: 500px) 100vw, 500px\" \/><\/a>\n\t\t\t<\/div><\/figure>\n\t\t<\/div>\n\n<p><strong>Fonte:<\/strong> Ag\u00eancia TAGA<\/p>\n<\/div>\n<\/div>\n","protected":false},"excerpt":{"rendered":"<p>O epis\u00f3dio anterior recebeu os bateristas Amilcar Christ\u00f3faro e Rodrigo Oliveira, que abordaram temas importantes como o impacto de suas\u00a0carreiras na cena musical brasileira O Podcast Oficial do Summer Breeze Brasil continua sua jornada de imers\u00e3o na hist\u00f3ria do evento, trazendo \u00e0 luz hist\u00f3rias, tend\u00eancias e influ\u00eancias que moldam este novo conceito de festival de [&hellip;]<\/p>\n","protected":false},"author":12,"featured_media":21526,"comment_status":"closed","ping_status":"open","sticky":false,"template":"","format":"standard","meta":{"footnotes":""},"categories":[59],"tags":[],"class_list":["post-21537","post","type-post","status-publish","format-standard","has-post-thumbnail","hentry","category-na-mira"],"_links":{"self":[{"href":"https:\/\/heavymetalonline.com.br\/index.php?rest_route=\/wp\/v2\/posts\/21537","targetHints":{"allow":["GET"]}}],"collection":[{"href":"https:\/\/heavymetalonline.com.br\/index.php?rest_route=\/wp\/v2\/posts"}],"about":[{"href":"https:\/\/heavymetalonline.com.br\/index.php?rest_route=\/wp\/v2\/types\/post"}],"author":[{"embeddable":true,"href":"https:\/\/heavymetalonline.com.br\/index.php?rest_route=\/wp\/v2\/users\/12"}],"replies":[{"embeddable":true,"href":"https:\/\/heavymetalonline.com.br\/index.php?rest_route=%2Fwp%2Fv2%2Fcomments&post=21537"}],"version-history":[{"count":1,"href":"https:\/\/heavymetalonline.com.br\/index.php?rest_route=\/wp\/v2\/posts\/21537\/revisions"}],"predecessor-version":[{"id":21538,"href":"https:\/\/heavymetalonline.com.br\/index.php?rest_route=\/wp\/v2\/posts\/21537\/revisions\/21538"}],"wp:featuredmedia":[{"embeddable":true,"href":"https:\/\/heavymetalonline.com.br\/index.php?rest_route=\/wp\/v2\/media\/21526"}],"wp:attachment":[{"href":"https:\/\/heavymetalonline.com.br\/index.php?rest_route=%2Fwp%2Fv2%2Fmedia&parent=21537"}],"wp:term":[{"taxonomy":"category","embeddable":true,"href":"https:\/\/heavymetalonline.com.br\/index.php?rest_route=%2Fwp%2Fv2%2Fcategories&post=21537"},{"taxonomy":"post_tag","embeddable":true,"href":"https:\/\/heavymetalonline.com.br\/index.php?rest_route=%2Fwp%2Fv2%2Ftags&post=21537"}],"curies":[{"name":"wp","href":"https:\/\/api.w.org\/{rel}","templated":true}]}}