{"id":22064,"date":"2024-04-14T19:25:07","date_gmt":"2024-04-14T19:25:07","guid":{"rendered":"http:\/\/heavymetalonline.com.br\/?p=22064"},"modified":"2024-04-14T19:25:07","modified_gmt":"2024-04-14T19:25:07","slug":"ack-lanca-ep-com-participacao-de-rodrigo-lima-do-dead-fish-ouca-aurora","status":"publish","type":"post","link":"https:\/\/heavymetalonline.com.br\/?p=22064","title":{"rendered":"Ack lan\u00e7a EP com participa\u00e7\u00e3o de Rodrigo Lima do Dead Fish; ou\u00e7a \u201cAurora\u201d"},"content":{"rendered":"<p><img loading=\"lazy\" decoding=\"async\" class=\"alignnone size-full wp-image-22025\" src=\"http:\/\/heavymetalonline.com.br\/wp-content\/uploads\/2024\/04\/Ack.jpg\" alt=\"\" width=\"1200\" height=\"675\" srcset=\"https:\/\/heavymetalonline.com.br\/wp-content\/uploads\/2024\/04\/Ack.jpg 1200w, https:\/\/heavymetalonline.com.br\/wp-content\/uploads\/2024\/04\/Ack-300x169.jpg 300w, https:\/\/heavymetalonline.com.br\/wp-content\/uploads\/2024\/04\/Ack-768x432.jpg 768w, https:\/\/heavymetalonline.com.br\/wp-content\/uploads\/2024\/04\/Ack-1024x576.jpg 1024w\" sizes=\"auto, (max-width: 1200px) 100vw, 1200px\" \/><\/p>\n<div data-breakout=\"normal\">\n<pre id=\"viewer-2itke42599\" class=\"Y2M3U _0m06X d0eTW vC2ou\"><span class=\"\">Foto: Divulga\u00e7\u00e3o<\/span><\/pre>\n<p id=\"viewer-jn10z42494\" class=\"R920X _5wA-D d0eTW vC2ou -oJ0G\"><span class=\"J6XX-\">Ap\u00f3s anunciar o retorno com o lan\u00e7amento do single \u201cCabe\u00e7a\u201d, a banda punk rock Ack divulgou nesta segunda-feira (8) o EP \u201cAurora\u201d. Lan\u00e7ado de forma independente, o disco de seis faixas foi produzido e masterizado pelo guitarrista Felipe Sad no Laje Est\u00fadio em Curitiba. J\u00e1 a mixagem, leva a assinatura do produtor americano Don Zientara, nome por tr\u00e1s de \u00e1lbuns cl\u00e1ssicos do Fugazi, Bad Brains, Dag Nasty e Minor Threat.<\/span><\/p>\n<\/div>\n<div data-hook=\"rcv-block4\"><\/div>\n<div data-breakout=\"normal\">\n<div id=\"viewer-h1f5241684\" class=\"R920X _5wA-D d0eTW -oJ0G\"><span class=\"J6XX-\">\u00a0<\/span><\/div>\n<\/div>\n<div data-hook=\"rcv-block5\"><\/div>\n<div data-breakout=\"normal\">\n<p id=\"viewer-msss441685\" class=\"R920X _5wA-D d0eTW vC2ou -oJ0G\"><span class=\"J6XX-\">\u201cAurora\u201d, de acordo com o baixista e vocalista Fabio Seidl, carrega o conceito de uma met\u00e1fora sobre voltar. O tema aparece na faixa \u201cSom e F\u00faria Sob o Sol\u201d, que conta com a participa\u00e7\u00e3o do Rodrigo Lima do Dead Fish. \u201cEssa \u00e9 uma m\u00fasica sobre resist\u00eancia. Sobre fazer \u2013 e voltar a fazer &#8211; punk rock no Brasil, ainda mais hoje em dia, dividido, enlouquecido pela pol\u00edtica, e que pouco valoriza a cultura. Rodrig\u00e3o e Dead Fish s\u00e3o contempor\u00e2neos do Ack, trocamos muitas ideias, e achamos que uma participa\u00e7\u00e3o dele encaixaria muito bem com o esp\u00edrito da faixa\u201d, revela Seidl.<\/span><\/p>\n<\/div>\n<div data-hook=\"rcv-block6\"><\/div>\n<div data-breakout=\"normal\">\n<div id=\"viewer-x1nqh41734\" class=\"R920X _5wA-D d0eTW -oJ0G\"><span class=\"J6XX-\">\u00a0<\/span><\/div>\n<\/div>\n<div data-hook=\"rcv-block7\"><\/div>\n<div data-breakout=\"normal\">\n<p id=\"viewer-4rgqz41745\" class=\"R920X _5wA-D d0eTW vC2ou -oJ0G\"><span class=\"J6XX-\">Al\u00e9m de \u201cCabe\u00e7a\u201d e \u201cSom e F\u00faria Sob o Sol\u201d, o EP apresenta as m\u00fasicas \u201cVera Cruz\u201d, \u201cDois Minutos de Raiva\u201d, \u201cGarage\u201d e \u201cInsubordinar\u201d.<\/span><\/p>\n<\/div>\n<div data-hook=\"rcv-block8\"><\/div>\n<div data-breakout=\"normal\">\n<div id=\"viewer-i3nha41765\" class=\"R920X _5wA-D d0eTW -oJ0G\"><span class=\"J6XX-\">\u00a0<\/span><\/div>\n<\/div>\n<div data-hook=\"rcv-block9\"><\/div>\n<div data-breakout=\"normal\">\n<p id=\"viewer-nctdi41768\" class=\"R920X _5wA-D d0eTW vC2ou -oJ0G\"><span class=\"J6XX-\">Ou\u00e7a \u201cAurora\u201d no seu tocador favorito: <a class=\"NIuFY _5mtCX\" href=\"https:\/\/onerpm.link\/715323600695\" target=\"_blank\" rel=\"noopener\" data-hook=\"WebLink\">https:\/\/onerpm.link\/715323600695<\/a><\/span><\/p>\n<p><img loading=\"lazy\" decoding=\"async\" class=\"alignnone size-full wp-image-22065\" src=\"http:\/\/heavymetalonline.com.br\/wp-content\/uploads\/2024\/04\/Ack-Aurora.png\" alt=\"\" width=\"741\" height=\"736\" srcset=\"https:\/\/heavymetalonline.com.br\/wp-content\/uploads\/2024\/04\/Ack-Aurora.png 741w, https:\/\/heavymetalonline.com.br\/wp-content\/uploads\/2024\/04\/Ack-Aurora-300x298.png 300w\" sizes=\"auto, (max-width: 741px) 100vw, 741px\" \/><\/p>\n<div data-breakout=\"normal\">\n<pre id=\"viewer-g40ny42824\" class=\"Y2M3U _0m06X d0eTW vC2ou\"><span class=\"\">Arte: Fabio Seidl<\/span><\/pre>\n<p id=\"viewer-qk3pr41952\" class=\"R920X _5wA-D d0eTW vC2ou -oJ0G\"><span class=\"J6XX-\">A recep\u00e7\u00e3o do p\u00fablico com a volta do Ack surpreendeu seus integrantes. \u201cA gente n\u00e3o imaginava que seria t\u00e3o bom. Tem sido emocionante pra gente se reconectar e ver que tem tanta gente curtindo, divulgando e promovendo o rock independente\u201d, afirma o vocalista. A banda carioca j\u00e1 tem show marcado para comemorar os 30 anos de forma\u00e7\u00e3o, na Audio Rebel, no Rio de Janeiro, em 25 de maio e se prepara para uma mini turn\u00ea prevista para agosto.<\/span><\/p>\n<\/div>\n<div data-hook=\"rcv-block14\"><\/div>\n<div data-breakout=\"normal\">\n<div id=\"viewer-fzlhk41987\" class=\"R920X _5wA-D d0eTW -oJ0G\"><span class=\"J6XX-\">\u00a0<\/span><\/div>\n<\/div>\n<div data-hook=\"rcv-block15\"><\/div>\n<div data-breakout=\"normal\">\n<p id=\"viewer-gsqqu42005\" class=\"R920X _5wA-D d0eTW vC2ou -oJ0G\"><span class=\"J6XX-\"><strong>Fonte:<\/strong> Farol Music<\/span><\/p>\n<\/div>\n<\/div>\n","protected":false},"excerpt":{"rendered":"<p>Foto: Divulga\u00e7\u00e3o Ap\u00f3s anunciar o retorno com o lan\u00e7amento do single \u201cCabe\u00e7a\u201d, a banda punk rock Ack divulgou nesta segunda-feira (8) o EP \u201cAurora\u201d. Lan\u00e7ado de forma independente, o disco de seis faixas foi produzido e masterizado pelo guitarrista Felipe Sad no Laje Est\u00fadio em Curitiba. J\u00e1 a mixagem, leva a assinatura do produtor americano [&hellip;]<\/p>\n","protected":false},"author":12,"featured_media":22025,"comment_status":"closed","ping_status":"open","sticky":false,"template":"","format":"standard","meta":{"footnotes":""},"categories":[4],"tags":[],"class_list":["post-22064","post","type-post","status-publish","format-standard","has-post-thumbnail","hentry","category-noticias"],"_links":{"self":[{"href":"https:\/\/heavymetalonline.com.br\/index.php?rest_route=\/wp\/v2\/posts\/22064","targetHints":{"allow":["GET"]}}],"collection":[{"href":"https:\/\/heavymetalonline.com.br\/index.php?rest_route=\/wp\/v2\/posts"}],"about":[{"href":"https:\/\/heavymetalonline.com.br\/index.php?rest_route=\/wp\/v2\/types\/post"}],"author":[{"embeddable":true,"href":"https:\/\/heavymetalonline.com.br\/index.php?rest_route=\/wp\/v2\/users\/12"}],"replies":[{"embeddable":true,"href":"https:\/\/heavymetalonline.com.br\/index.php?rest_route=%2Fwp%2Fv2%2Fcomments&post=22064"}],"version-history":[{"count":1,"href":"https:\/\/heavymetalonline.com.br\/index.php?rest_route=\/wp\/v2\/posts\/22064\/revisions"}],"predecessor-version":[{"id":22066,"href":"https:\/\/heavymetalonline.com.br\/index.php?rest_route=\/wp\/v2\/posts\/22064\/revisions\/22066"}],"wp:featuredmedia":[{"embeddable":true,"href":"https:\/\/heavymetalonline.com.br\/index.php?rest_route=\/wp\/v2\/media\/22025"}],"wp:attachment":[{"href":"https:\/\/heavymetalonline.com.br\/index.php?rest_route=%2Fwp%2Fv2%2Fmedia&parent=22064"}],"wp:term":[{"taxonomy":"category","embeddable":true,"href":"https:\/\/heavymetalonline.com.br\/index.php?rest_route=%2Fwp%2Fv2%2Fcategories&post=22064"},{"taxonomy":"post_tag","embeddable":true,"href":"https:\/\/heavymetalonline.com.br\/index.php?rest_route=%2Fwp%2Fv2%2Ftags&post=22064"}],"curies":[{"name":"wp","href":"https:\/\/api.w.org\/{rel}","templated":true}]}}