{"id":29214,"date":"2025-03-20T07:20:00","date_gmt":"2025-03-20T07:20:00","guid":{"rendered":"https:\/\/heavymetalonline.com.br\/?p=29214"},"modified":"2025-03-20T02:57:45","modified_gmt":"2025-03-20T02:57:45","slug":"os-paralamas-do-sucesso-anuncia-show-de-abertura-da-banda-de-dado-villa-lobos-com-participacao-de-andre-frateschi-no-allianz-parque-em-sao-paulo","status":"publish","type":"post","link":"https:\/\/heavymetalonline.com.br\/?p=29214","title":{"rendered":"Os Paralamas do Sucesso anuncia show de abertura da banda de Dado Villa-Lobos com participa\u00e7\u00e3o de Andr\u00e9 Frateschi no Allianz Parque, em S\u00e3o Paulo"},"content":{"rendered":"\n<pre id=\"viewer-bg70521549\" class=\"wp-block-preformatted\">Cr\u00e9ditos: Divulga\u00e7\u00e3o\/Os Paralamas do Sucesso<\/pre>\n\n\n\n<p id=\"viewer-65j6921441\">As bandas <strong>Os Paralamas do Sucesso<\/strong> e Legi\u00e3o Urbana deixaram sua marca no rock nacional na d\u00e9cada de 1980 e chegaram a trabalhar em um \u00e1lbum: <em>Legi\u00e3o Urbana e Paralamas Juntos, <\/em>de 1988, gravado no Teatro F\u00eanix, no Rio de Janeiro. Agora, o trio formado por Herbert Vianna (guitarra e voz), Bi Ribeiro (baixo) e Jo\u00e3o Barone (bateria) convidou o ex-Legi\u00e3o Urbana Dado Villa-Lobos, que vai contar com a participa\u00e7\u00e3o de Andr\u00e9 Frateschi, para o show de abertura da turn\u00ea \u201cParalamas Cl\u00e1ssicos &#8211; 40 anos\u201d, no <strong>Allianz Parque, <\/strong>em <strong>S\u00e3o Paulo,<\/strong> no<strong> dia 31 de maio, <\/strong>em uma realiza\u00e7\u00e3o da <strong>30e, <\/strong>maior produtora brasileira de entretenimento ao vivo. Os ingressos est\u00e3o dispon\u00edveis no site da <a target=\"_blank\" href=\"http:\/\/eventim.com.br\/osparalamas\" rel=\"noreferrer noopener\"><u>Eventim<\/u><\/a>.<\/p>\n\n\n\n<p id=\"viewer-gieb518520\">Nos anos de 1980, o rock brasileiro come\u00e7a a florescer com o surgimento de bandas e artistas como Legi\u00e3o Urbana, Tit\u00e3s e Engenheiros do Hawaii, que, al\u00e9m de marcarem uma gera\u00e7\u00e3o, tornaram-se lendas e perpetuam suas composi\u00e7\u00f5es at\u00e9 os dias de hoje. Os Paralamas do Sucesso surgiram nesse ambiente extremamente f\u00e9rtil para a criatividade. Eles foram pioneiros na fus\u00e3o de rock com outros estilos, como o reggae e a MPB, e surfaram nas influ\u00eancias internacionais do punk, do new wave e do rock alternativo, criando, desta forma, uma sonoridade h\u00edbrida genuinamente brasileira, capaz de integrar diversos p\u00fablicos \u00e0 cena rock.<\/p>\n\n\n\n<p id=\"viewer-wkiab18522\">A banda selecionou 33 faixas que sobrevoam toda a carreira para o repert\u00f3rio da turn\u00ea \u201cParalamas Cl\u00e1ssicos\u201d. Est\u00e3o l\u00e1, por exemplo, as can\u00e7\u00f5es pol\u00edticas que ajudam a entender a hist\u00f3ria recente do Brasil: &#8220;Alagados&#8221;, &#8220;O Beco&#8221;, &#8220;Perplexo&#8221; e &#8220;O Calibre&#8221;. Tamb\u00e9m n\u00e3o faltam m\u00fasicas que cantam o amor em suas mais diversas vertentes, como &#8220;Aonde Quer Que Eu V\u00e1&#8221; e &#8220;Seguindo Estrelas&#8221;, al\u00e9m de &#8220;Vital&#8221; e &#8220;Ela Disse Adeus&#8221;.&nbsp;<\/p>\n\n\n\n<p id=\"viewer-w18xg18524\">O grupo Os Paralamas do Sucesso conta tamb\u00e9m com os m\u00fasicos Jo\u00e3o Fera (teclados), Monteiro Jr. (saxofone) e Bidu Cordeiro (trombone). Eleitos um dos melhores shows do Lollapalooza Brasil 2023, os Paralamas continuam relevantes e s\u00e3o reconhecidos n\u00e3o apenas por sua qualidade musical, mas tamb\u00e9m por sua capacidade de se reinventar e se conectar com novas gera\u00e7\u00f5es. A banda tamb\u00e9m se apresenta no dia 7 de junho de 2025, na Farmasi Arena, no Rio de Janeiro; 14 de junho de 2025, no BeFly Hall, em Belo Horizonte; e em 28 de junho de 2025, em Porto Alegre, no Audit\u00f3rio Ara\u00fajo Vianna, em Porto Alegre.<\/p>\n\n\n\n<p id=\"viewer-cjuj418526\">\u00c9 simb\u00f3lico que Dado Villa-Lobos tenha sido convidado para realizar o show de abertura de uma turn\u00ea que celebra a hist\u00f3ria dos Paralamas. O ex-Legi\u00e3o Legi\u00e3o Urbana, em parceria com Renato Russo e Marcelo Bonf\u00e1, \u00e9 compositor de algumas das can\u00e7\u00f5es mais representativas da hist\u00f3ria da m\u00fasica brasileira, entre elas \u201cSer\u00e1\u201d, \u201cPais e Filhos\u201d e \u201cQuase Sem Querer\u201d. Dado come\u00e7ou carreira solo em 2005 e hoje tem quatro \u00e1lbuns lan\u00e7ados, al\u00e9m de um livro de mem\u00f3rias. Em 2016, Dado e Bonf\u00e1 convidaram Andr\u00e9 Frateschi para a turn\u00ea<em> Legi\u00e3o Urbana XXX Anos<\/em>, que teve quase 100 shows em comemora\u00e7\u00e3o aos 30 anos do lan\u00e7amento do primeiro disco, reunindo o repert\u00f3rio integral do mesmo e sucessos dos demais \u00e1lbuns do grupo. Para a apresenta\u00e7\u00e3o no Allianz Parque, Dado sobre ao palco com a banda: Lucas Vasconcellos (guitarra e vocais), Mauro Berman (baixo), Pedro Augusto (teclados) e Louren\u00e7o Monteiro (bateria e vocais), al\u00e9m da companhia de Andr\u00e9 Frateschi nos vocais.<\/p>\n\n\n\n<figure class=\"wp-block-image\"><img loading=\"lazy\" decoding=\"async\" width=\"540\" height=\"810\" src=\"https:\/\/heavymetalonline.com.br\/wp-content\/uploads\/2025\/03\/Os-Paralamas-do-Sucesso-flyer.jpg\" alt=\"\" class=\"wp-image-29215\" srcset=\"https:\/\/heavymetalonline.com.br\/wp-content\/uploads\/2025\/03\/Os-Paralamas-do-Sucesso-flyer.jpg 540w, https:\/\/heavymetalonline.com.br\/wp-content\/uploads\/2025\/03\/Os-Paralamas-do-Sucesso-flyer-200x300.jpg 200w, https:\/\/heavymetalonline.com.br\/wp-content\/uploads\/2025\/03\/Os-Paralamas-do-Sucesso-flyer-167x250.jpg 167w\" sizes=\"auto, (max-width: 540px) 100vw, 540px\" \/><\/figure>\n\n\n\n<p id=\"viewer-b8cvv18530\"><strong>Servi\u00e7o:<\/strong><\/p>\n\n\n\n<p id=\"viewer-i01b721413\"><strong>OS PARALAMAS DO SUCESSO<\/strong><\/p>\n\n\n\n<p id=\"viewer-s446z18928\"><strong>Realiza\u00e7\u00e3o: 30e<\/strong><\/p>\n\n\n\n<p id=\"viewer-3abur18532\"><strong>S\u00c3O PAULOData:<\/strong> 31 de maio<\/p>\n\n\n\n<p id=\"viewer-znps619851\"><strong>Local:<\/strong> Allianz Parque<\/p>\n\n\n\n<p id=\"viewer-xckfq19299\"><strong>Hor\u00e1rio de Abertura da casa:<\/strong> 16h<\/p>\n\n\n\n<p id=\"viewer-dtxjo19807\"><strong>Classifica\u00e7\u00e3o Et\u00e1ria:<\/strong> 16 anos. Entrada e perman\u00eancia de crian\u00e7as\/adolescentes de 05 a 15 anos de idade, acompanhados dos pais ou respons\u00e1veis, e de 16 a 17 anos, desacompanhados dos pais ou respons\u00e1veis legais<\/p>\n\n\n\n<p id=\"viewer-czii319348\"><strong>Ingressos:&nbsp;<\/strong><\/p>\n\n\n\n<p id=\"viewer-7qx2i19394\">Cadeira Superior &#8211; R$ 50,00 (meia-entrada legal) | R$ 60,00 (entrada social) | R$ 100,00 (inteira)<\/p>\n\n\n\n<p id=\"viewer-zy3hc19716\">Pista &#8211; R$ 112,50 (meia-entrada legal) | R$ 135,00 (entrada social) | R$ 225,00 (inteira)<\/p>\n\n\n\n<p id=\"viewer-zn2q719764\">Cadeira Inferior &#8211; R$ 172,50 (meia-entrada legal) | R$ 207,00 (entrada social) | R$ 345,00 (inteira)<\/p>\n\n\n\n<p id=\"viewer-50kou19440\">Pista Premium &#8211; R$ 197,50 (meia-entrada legal) | R$ 237,00 (entrada social) | R$ 395,00 (inteira)<\/p>\n\n\n\n<p id=\"viewer-w2t5u19533\"><strong>In\u00edcio das vendas:<\/strong> 16 de dezembro, 10h&nbsp;<\/p>\n\n\n\n<p id=\"viewer-kbtlq19216\"><strong>Vendas online em:<\/strong><strong> <\/strong><a target=\"_blank\" href=\"http:\/\/eventim.com.br\/\" rel=\"noreferrer noopener\"><u>eventim.com.br<\/u><\/a><\/p>\n\n\n\n<p id=\"viewer-ci8fr19265\"><strong>Bilheteria:<\/strong> Bilheteria A &#8211; Allianz Parque &#8211; Endere\u00e7o: Rua Palestra It\u00e1lia, 200 \u2013 Port\u00e3o A \u2013 Perdizes &#8211; S\u00e3o Paulo\/SP<\/p>\n\n\n\n<p id=\"viewer-3gw3u19678\"><strong>Funcionamento: <\/strong>Ter\u00e7a a s\u00e1bado das 10h \u00e0s 17h | *N\u00e3o h\u00e1 funcionamento em feriados, emendas de feriados, dias de jogos ou em dias de eventos de outras empresas.<\/p>\n\n\n\n<p id=\"viewer-pkrrt19967\"><strong>Fonte: <\/strong>Trovoa Comunica\u00e7\u00e3o<\/p>\n","protected":false},"excerpt":{"rendered":"<p>Cr\u00e9ditos: Divulga\u00e7\u00e3o\/Os Paralamas do Sucesso As bandas Os Paralamas do Sucesso e Legi\u00e3o Urbana deixaram sua marca no rock nacional na d\u00e9cada de 1980 e chegaram a trabalhar em um \u00e1lbum: Legi\u00e3o Urbana e Paralamas Juntos, de 1988, gravado no Teatro F\u00eanix, no Rio de Janeiro. Agora, o trio formado por Herbert Vianna (guitarra e [&hellip;]<\/p>\n","protected":false},"author":12,"featured_media":29216,"comment_status":"closed","ping_status":"open","sticky":false,"template":"","format":"standard","meta":{"footnotes":""},"categories":[4],"tags":[],"class_list":["post-29214","post","type-post","status-publish","format-standard","has-post-thumbnail","hentry","category-noticias"],"_links":{"self":[{"href":"https:\/\/heavymetalonline.com.br\/index.php?rest_route=\/wp\/v2\/posts\/29214","targetHints":{"allow":["GET"]}}],"collection":[{"href":"https:\/\/heavymetalonline.com.br\/index.php?rest_route=\/wp\/v2\/posts"}],"about":[{"href":"https:\/\/heavymetalonline.com.br\/index.php?rest_route=\/wp\/v2\/types\/post"}],"author":[{"embeddable":true,"href":"https:\/\/heavymetalonline.com.br\/index.php?rest_route=\/wp\/v2\/users\/12"}],"replies":[{"embeddable":true,"href":"https:\/\/heavymetalonline.com.br\/index.php?rest_route=%2Fwp%2Fv2%2Fcomments&post=29214"}],"version-history":[{"count":1,"href":"https:\/\/heavymetalonline.com.br\/index.php?rest_route=\/wp\/v2\/posts\/29214\/revisions"}],"predecessor-version":[{"id":29217,"href":"https:\/\/heavymetalonline.com.br\/index.php?rest_route=\/wp\/v2\/posts\/29214\/revisions\/29217"}],"wp:featuredmedia":[{"embeddable":true,"href":"https:\/\/heavymetalonline.com.br\/index.php?rest_route=\/wp\/v2\/media\/29216"}],"wp:attachment":[{"href":"https:\/\/heavymetalonline.com.br\/index.php?rest_route=%2Fwp%2Fv2%2Fmedia&parent=29214"}],"wp:term":[{"taxonomy":"category","embeddable":true,"href":"https:\/\/heavymetalonline.com.br\/index.php?rest_route=%2Fwp%2Fv2%2Fcategories&post=29214"},{"taxonomy":"post_tag","embeddable":true,"href":"https:\/\/heavymetalonline.com.br\/index.php?rest_route=%2Fwp%2Fv2%2Ftags&post=29214"}],"curies":[{"name":"wp","href":"https:\/\/api.w.org\/{rel}","templated":true}]}}