{"id":31107,"date":"2025-06-15T16:21:00","date_gmt":"2025-06-15T16:21:00","guid":{"rendered":"https:\/\/heavymetalonline.com.br\/?p=31107"},"modified":"2025-06-15T16:21:01","modified_gmt":"2025-06-15T16:21:01","slug":"makv-lanca-videoclipe-do-novo-single-lethal-music-e-anuncia-retorno-com-ep","status":"publish","type":"post","link":"https:\/\/heavymetalonline.com.br\/?p=31107","title":{"rendered":"Makv lan\u00e7a videoclipe do novo single \u201cLethal Music\u201d e anuncia retorno com EP"},"content":{"rendered":"\n<pre id=\"viewer-4pyef1793\" class=\"wp-block-preformatted\">Foto de Pri Secco<\/pre>\n\n\n\n<p id=\"viewer-ow2ac1962\">Ap\u00f3s um hiato de 17 anos, a banda <strong>Makv <\/strong>est\u00e1 de volta com o lan\u00e7amento do poderoso single <strong><em>\u201cLethal Music\u201d<\/em><\/strong> , que chegou \u00e0s plataformas digitais no dia 6 de junho, acompanhado de um videoclipe. A faixa marca o in\u00edcio de uma nova fase para o grupo, que pretende lan\u00e7ar quatro singles nos pr\u00f3ximos meses, formando um EP \u2014 inicialmente dispon\u00edvel apenas no formato digital.<\/p>\n\n\n\n<p id=\"viewer-6fhui387\">Assista ao videoclipe de \u201cLethal Music\u201d:<\/p>\n\n\n\n<figure class=\"wp-block-embed is-type-video is-provider-youtube wp-block-embed-youtube wp-embed-aspect-16-9 wp-has-aspect-ratio\"><div class=\"wp-block-embed__wrapper\">\n<iframe loading=\"lazy\" title=\"MAKV - Lethal Music [OFFICIAL VIDEO]\" width=\"640\" height=\"360\" src=\"https:\/\/www.youtube.com\/embed\/t_Wo7nTuo-U?feature=oembed\" frameborder=\"0\" allow=\"accelerometer; autoplay; clipboard-write; encrypted-media; gyroscope; picture-in-picture; web-share\" referrerpolicy=\"strict-origin-when-cross-origin\" allowfullscreen><\/iframe>\n<\/div><\/figure>\n\n\n\n<p id=\"viewer-4u56a393\">A estreia de<strong> <\/strong><strong><em>\u201cLethal Music\u201d<\/em><\/strong><strong> <\/strong>aconteceu com exclusividade no programa <em>Pegadas de Andreas Kisser<\/em> , da r\u00e1dio 89FM, comandado aos domingos pelo guitarrista do Sepultura, Andreas Kisser, ao lado de seu filho, Yohan Kisser.<\/p>\n\n\n\n<p id=\"viewer-7ziyy401\">No mesmo dia do lan\u00e7amento, o Makv realizou um pocket show em um est\u00fadio de S\u00e3o Bernardo do Campo (SP), com a presen\u00e7a de convidados. Na ocasi\u00e3o, o grupo apresentou algumas das novas composi\u00e7\u00f5es que far\u00e3o parte deste novo ciclo.<\/p>\n\n\n\n<p id=\"viewer-g3k2i405\">Gravada no <strong>Est\u00fadio Dharma<\/strong> e produzida por Rodrigo de Oliveira, <em>\u201cLethal Music\u201d<\/em> traz riffs intensos, vocais marcantes e uma base r\u00edtmica pulsante. A produ\u00e7\u00e3o ressalta cada detalhe da composi\u00e7\u00e3o, criando uma experi\u00eancia que dialoga com o p\u00fablico em diferentes camadas \u2014 tanto sonoras quanto conceituais.<\/p>\n\n\n\n<p id=\"viewer-ql3nn411\">Formado em 2004 na cidade de S\u00e3o Bernardo do Campo, no ABC Paulista, o Makv \u00e9 composto por Juliano Santos (vocal e guitarra), Ca\u00ea Pimentel (guitarra), Marco Oliveira (baixo) e Thomas Perhs (bateria).<\/p>\n\n\n\n<p id=\"viewer-9f8s4415\">A banda tamb\u00e9m se prepara para uma s\u00e9rie de apresenta\u00e7\u00f5es em 2025, celebrando sua volta aos palcos e ao cen\u00e1rio do metal nacional com foco nas novas composi\u00e7\u00f5es.<\/p>\n\n\n\n<p id=\"viewer-thprz418\"><strong>Acompanhe o Makv nas redes sociais e plataformas digitais:<\/strong><\/p>\n\n\n\n<p id=\"viewer-6jvbk420\">Instagram: <a target=\"_blank\" href=\"https:\/\/www.instagram.com\/_makv.official\/\" rel=\"noreferrer noopener\"><u>@_makv.official<\/u><\/a><\/p>\n\n\n\n<p id=\"viewer-n94ae423\">YouTube: <a target=\"_blank\" href=\"http:\/\/youtube.com\/@makv.official\" rel=\"noreferrer noopener\"><u>youtube.com\/@makv.official<\/u><\/a><\/p>\n\n\n\n<p id=\"viewer-25kxo426\">Bandcamp: <a target=\"_blank\" href=\"http:\/\/makv.bandcamp.com\/\" rel=\"noreferrer noopener\"><u>makv.bandcamp.com<\/u><\/a><\/p>\n\n\n\n<p id=\"viewer-b4416991\"><strong>Fonte: <\/strong>LP Metal Press<\/p>\n","protected":false},"excerpt":{"rendered":"<p>Foto de Pri Secco Ap\u00f3s um hiato de 17 anos, a banda Makv est\u00e1 de volta com o lan\u00e7amento do poderoso single \u201cLethal Music\u201d , que chegou \u00e0s plataformas digitais no dia 6 de junho, acompanhado de um videoclipe. A faixa marca o in\u00edcio de uma nova fase para o grupo, que pretende lan\u00e7ar quatro [&hellip;]<\/p>\n","protected":false},"author":12,"featured_media":31108,"comment_status":"closed","ping_status":"open","sticky":false,"template":"","format":"standard","meta":{"footnotes":""},"categories":[4],"tags":[],"class_list":["post-31107","post","type-post","status-publish","format-standard","has-post-thumbnail","hentry","category-noticias"],"_links":{"self":[{"href":"https:\/\/heavymetalonline.com.br\/index.php?rest_route=\/wp\/v2\/posts\/31107","targetHints":{"allow":["GET"]}}],"collection":[{"href":"https:\/\/heavymetalonline.com.br\/index.php?rest_route=\/wp\/v2\/posts"}],"about":[{"href":"https:\/\/heavymetalonline.com.br\/index.php?rest_route=\/wp\/v2\/types\/post"}],"author":[{"embeddable":true,"href":"https:\/\/heavymetalonline.com.br\/index.php?rest_route=\/wp\/v2\/users\/12"}],"replies":[{"embeddable":true,"href":"https:\/\/heavymetalonline.com.br\/index.php?rest_route=%2Fwp%2Fv2%2Fcomments&post=31107"}],"version-history":[{"count":1,"href":"https:\/\/heavymetalonline.com.br\/index.php?rest_route=\/wp\/v2\/posts\/31107\/revisions"}],"predecessor-version":[{"id":31109,"href":"https:\/\/heavymetalonline.com.br\/index.php?rest_route=\/wp\/v2\/posts\/31107\/revisions\/31109"}],"wp:featuredmedia":[{"embeddable":true,"href":"https:\/\/heavymetalonline.com.br\/index.php?rest_route=\/wp\/v2\/media\/31108"}],"wp:attachment":[{"href":"https:\/\/heavymetalonline.com.br\/index.php?rest_route=%2Fwp%2Fv2%2Fmedia&parent=31107"}],"wp:term":[{"taxonomy":"category","embeddable":true,"href":"https:\/\/heavymetalonline.com.br\/index.php?rest_route=%2Fwp%2Fv2%2Fcategories&post=31107"},{"taxonomy":"post_tag","embeddable":true,"href":"https:\/\/heavymetalonline.com.br\/index.php?rest_route=%2Fwp%2Fv2%2Ftags&post=31107"}],"curies":[{"name":"wp","href":"https:\/\/api.w.org\/{rel}","templated":true}]}}