{"id":31120,"date":"2025-06-16T16:07:12","date_gmt":"2025-06-16T16:07:12","guid":{"rendered":"https:\/\/heavymetalonline.com.br\/?p=31120"},"modified":"2025-06-16T16:07:13","modified_gmt":"2025-06-16T16:07:13","slug":"referencia-no-progressivo-eloy-fritsch-supera-tragedias-climaticas-e-finaliza-novo-album","status":"publish","type":"post","link":"https:\/\/heavymetalonline.com.br\/?p=31120","title":{"rendered":"Refer\u00eancia no Progressivo, Eloy Fritsch supera trag\u00e9dias clim\u00e1ticas e finaliza novo \u00e1lbum"},"content":{"rendered":"\n<p>Com uma carreira s\u00f3lida que atravessa quatro d\u00e9cadas, <strong>Eloy Fritsch<\/strong> \u00e9 um dos nomes mais respeitados rock progressivo no Brasil. Nascido em Caxias do Sul\/RS e radicado em Porto Alegre, o tecladista ganhou reconhecimento nacional e internacional tanto por seu trabalho solo quanto como membro da banda <strong>Apocalypse<\/strong>, al\u00e9m de ser professor e pesquisador na \u00e1rea de m\u00fasica eletr\u00f4nica na <strong>UFRGS<\/strong>, onde criou o <strong>Laborat\u00f3rio de M\u00fasica Eletr\u00f4nica <\/strong>(LME\/MIDILab). Sua discografia solo re\u00fane mais de 17 \u00e1lbuns, transitando entre o rock sinf\u00f4nico, m\u00fasica eletr\u00f4nica e new age, com direito a premia\u00e7\u00f5es como o <strong>Pr\u00eamio A\u00e7orianos de M\u00fasica<\/strong>.<\/p>\n\n\n\n<p>Agora, depois de enfrentar dois anos de adversidades clim\u00e1ticas hist\u00f3ricas no Rio Grande do Sul, o m\u00fasico anuncia a conclus\u00e3o das grava\u00e7\u00f5es de seu novo \u00e1lbum instrumental, com lan\u00e7amento previsto para este ano. O projeto re\u00fane sete composi\u00e7\u00f5es in\u00e9ditas e marca uma virada emocional e est\u00e9tica na carreira de <strong>Fritsch<\/strong>. A produ\u00e7\u00e3o do disco foi profundamente impactada por dois eventos extremos.<\/p>\n\n\n\n<p>Em 2023, o est\u00fadio de <strong>Fritsch<\/strong> foi destru\u00eddo durante um ciclone que atingiu a orla do Gua\u00edba, na zona sul de Porto Alegre. No ano seguinte, a enchente hist\u00f3rica de 2024 voltou a interromper os trabalhos de grava\u00e7\u00e3o, como explicou o m\u00fasico: <em>\u201cO que aconteceu nos \u00faltimos dois anos foi inacredit\u00e1vel! Sempre pensamos que nunca ir\u00e1 acontecer conosco. Mas um dia um ciclone passou e devastou meu est\u00fadio. Ainda me lembro dos momentos que me arrisquei entrando debaixo de galhos e \u00e1rvores que ca\u00edram sob os instrumentos para tentar salvar anos de investimento. Ainda bem que minha fam\u00edlia n\u00e3o foi atingida. Para piorar ainda ocorreu a trag\u00e9dia da enchente que afetou a todos que moravam perto de rios\u201d,<\/em><\/p>\n\n\n\n<p>Mesmo diante das dificuldades, o m\u00fasico escolheu, na \u00e9poca, n\u00e3o divulgar publicamente o ocorrido, concentrando esfor\u00e7os em salvar o que era poss\u00edvel: <em>\u201cTudo aconteceu t\u00e3o r\u00e1pido e precisei canalizar as energias para salvar os equipamentos, partituras e livros, muita coisa perdida em meio aos escombros do meu est\u00fadio&#8230; depois a energia foi para trabalhar e reconstruir aos poucos&#8230;\u201d.<\/em><\/p>\n\n\n\n<p>O resultado dessa fase de supera\u00e7\u00e3o se reflete diretamente nas novas m\u00fasicas. Segundo <strong>Fritsch<\/strong>, o disco ter\u00e1 uma sonoridade mais sombria e uma estrutura mais compacta, comparada aos seus trabalhos anteriores: <em>\u201cAssim como foi no per\u00edodo sofr\u00edvel da pandemia em que ficamos doentes, acredito que os acontecimentos ocorridos nesses \u00faltimos dois anos serviram para mudar um pouco a caracter\u00edstica das m\u00fasicas que vinha produzindo at\u00e9 ent\u00e3o. A pandemia, o ciclone, a enchente, todos s\u00e3o fatos que somados interferem no meu \u00edmpeto composicional. Tudo que aconteceu de certa maneira tornou o processo de cria\u00e7\u00e3o diferente\u201d,<\/em><\/p>\n\n\n\n<p>O conceito gr\u00e1fico do \u00e1lbum tamb\u00e9m carrega essa carga simb\u00f3lica. A capa trar\u00e1 a imagem de um drag\u00e3o furioso enfrentado por um mago com uma espada: <em>\u201cDe certa maneira o Drag\u00e3o representa as dificuldades e os medos que precisamos enfrentar na vida para conseguir realizar os sonhos e nos mantermos vivos! J\u00e1 o Mago \u00e9 aquele que precisa de uma energia sobrenatural para conseguir enfrentar o Drag\u00e3o e ainda tentar encantar a todos com seu talento\u201d.<\/em><\/p>\n\n\n\n<p>As novas composi\u00e7\u00f5es seguem uma linha similar \u00e0 su\u00edte instrumental <strong><em>\u201cHigh Places Part I\u201d<\/em><\/strong>, faixa de destaque do \u00e1lbum <strong><em>\u201cMoment in Paradise\u201d<\/em><\/strong> (2020), trabalho que rendeu ao m\u00fasico o <strong>Pr\u00eamio A\u00e7orianos de M\u00fasica<\/strong> como Melhor Instrumentista.<\/p>\n\n\n\n<p><strong><em>Saiba mais sobre sua premia\u00e7\u00e3o no Pr\u00eamio A\u00e7orianos de M\u00fasica:<\/em><\/strong><\/p>\n\n\n\n<figure class=\"wp-block-embed is-type-wp-embed is-provider-wargods-press-official-website wp-block-embed-wargods-press-official-website\"><div class=\"wp-block-embed__wrapper\">\n<blockquote class=\"wp-embedded-content\" data-secret=\"veNGCzR8n7\"><a href=\"https:\/\/wargodspress.com.br\/wargods\/eloy-fritsch-tecladista-de-rock-progressivo-ganha-premio-acorianos-de-melhor-instrumentista\/\">Eloy Fritsch: Tecladista de Rock Progressivo ganha Pr\u00eamio A\u00e7orianos de Melhor Instrumentista<\/a><\/blockquote><iframe loading=\"lazy\" class=\"wp-embedded-content\" sandbox=\"allow-scripts\" security=\"restricted\" style=\"position: absolute; visibility: hidden;\" title=\"&#8220;Eloy Fritsch: Tecladista de Rock Progressivo ganha Pr\u00eamio A\u00e7orianos de Melhor Instrumentista&#8221; &#8212; WARGODS PRESS || Official Website\" src=\"https:\/\/wargodspress.com.br\/wargods\/eloy-fritsch-tecladista-de-rock-progressivo-ganha-premio-acorianos-de-melhor-instrumentista\/embed\/#?secret=76WVoOLEM3#?secret=veNGCzR8n7\" data-secret=\"veNGCzR8n7\" width=\"600\" height=\"338\" frameborder=\"0\" marginwidth=\"0\" marginheight=\"0\" scrolling=\"no\"><\/iframe>\n<\/div><\/figure>\n\n\n\n<p><strong><em>Ou\u00e7a a m\u00fasica \u201cHigh Places Part I\u201d<\/em><\/strong><em> <strong>no Youtube:<\/strong><\/em><\/p>\n\n\n\n<figure class=\"wp-block-embed is-type-video is-provider-youtube wp-block-embed-youtube wp-embed-aspect-16-9 wp-has-aspect-ratio\"><div class=\"wp-block-embed__wrapper\">\n<iframe loading=\"lazy\" title=\"Eloy Fritsch - High Places Part I\" width=\"640\" height=\"360\" src=\"https:\/\/www.youtube.com\/embed\/IgUth9Hzyuk?feature=oembed\" frameborder=\"0\" allow=\"accelerometer; autoplay; clipboard-write; encrypted-media; gyroscope; picture-in-picture; web-share\" referrerpolicy=\"strict-origin-when-cross-origin\" allowfullscreen><\/iframe>\n<\/div><\/figure>\n\n\n\n<p><strong><em>Ou\u00e7a o \u00e1lbum \u201cMoment in Paradise\u201d<\/em><\/strong><em> <strong>no Spotify:<\/strong><\/em><\/p>\n\n\n\n<figure class=\"wp-block-embed is-type-rich is-provider-spotify wp-block-embed-spotify wp-embed-aspect-21-9 wp-has-aspect-ratio\"><div class=\"wp-block-embed__wrapper\">\n<iframe title=\"Spotify Embed: Moment in Paradise\" style=\"border-radius: 12px\" width=\"100%\" height=\"352\" frameborder=\"0\" allowfullscreen allow=\"autoplay; clipboard-write; encrypted-media; fullscreen; picture-in-picture\" loading=\"lazy\" src=\"https:\/\/open.spotify.com\/embed\/album\/12n6RN1JhVTyBcGaRpgCQq?utm_source=oembed\"><\/iframe>\n<\/div><\/figure>\n\n\n\n<p><strong>Cr\u00e9ditos da foto: <\/strong>Deborah Fritsch<\/p>\n\n\n\n<p><strong>Contatos:<\/strong><br><strong>Site:<\/strong> <a href=\"http:\/\/www.ef.mus.br\">www.ef.mus.br<\/a><br><strong>Youtube: <\/strong><a href=\"https:\/\/www.youtube.com\/user\/effsynth\">https:\/\/www.youtube.com\/user\/effsynth<\/a><br><strong>Facebook: <\/strong><a href=\"https:\/\/www.facebook.com\/eloy.fritsch\">https:\/\/www.facebook.com\/eloy.fritsch<\/a><br><strong>Instagram:<\/strong> <a href=\"https:\/\/www.instagram.com\/eloyfritsch_official\">https:\/\/www.instagram.com\/eloyfritsch_official<\/a><br><strong>Bandcamp:<\/strong> <a href=\"https:\/\/eloyfritsch.bandcamp.com\">https:\/\/eloyfritsch.bandcamp.com<\/a><br><strong>Assessoria de Imprensa:<\/strong> <a href=\"http:\/\/www.wargodspress.com.br\">www.wargodspress.com.br<\/a><\/p>\n\n\n\n<p><\/p>\n","protected":false},"excerpt":{"rendered":"<p>Com uma carreira s\u00f3lida que atravessa quatro d\u00e9cadas, Eloy Fritsch \u00e9 um dos nomes mais respeitados rock progressivo no Brasil. Nascido em Caxias do Sul\/RS e radicado em Porto Alegre, o tecladista ganhou reconhecimento nacional e internacional tanto por seu trabalho solo quanto como membro da banda Apocalypse, al\u00e9m de ser professor e pesquisador na [&hellip;]<\/p>\n","protected":false},"author":23,"featured_media":31121,"comment_status":"closed","ping_status":"open","sticky":false,"template":"","format":"standard","meta":{"footnotes":""},"categories":[4],"tags":[2075,2074,2059],"class_list":["post-31120","post","type-post","status-publish","format-standard","has-post-thumbnail","hentry","category-noticias","tag-apocalypse","tag-eloy-fritsch","tag-wargods-press"],"_links":{"self":[{"href":"https:\/\/heavymetalonline.com.br\/index.php?rest_route=\/wp\/v2\/posts\/31120","targetHints":{"allow":["GET"]}}],"collection":[{"href":"https:\/\/heavymetalonline.com.br\/index.php?rest_route=\/wp\/v2\/posts"}],"about":[{"href":"https:\/\/heavymetalonline.com.br\/index.php?rest_route=\/wp\/v2\/types\/post"}],"author":[{"embeddable":true,"href":"https:\/\/heavymetalonline.com.br\/index.php?rest_route=\/wp\/v2\/users\/23"}],"replies":[{"embeddable":true,"href":"https:\/\/heavymetalonline.com.br\/index.php?rest_route=%2Fwp%2Fv2%2Fcomments&post=31120"}],"version-history":[{"count":1,"href":"https:\/\/heavymetalonline.com.br\/index.php?rest_route=\/wp\/v2\/posts\/31120\/revisions"}],"predecessor-version":[{"id":31122,"href":"https:\/\/heavymetalonline.com.br\/index.php?rest_route=\/wp\/v2\/posts\/31120\/revisions\/31122"}],"wp:featuredmedia":[{"embeddable":true,"href":"https:\/\/heavymetalonline.com.br\/index.php?rest_route=\/wp\/v2\/media\/31121"}],"wp:attachment":[{"href":"https:\/\/heavymetalonline.com.br\/index.php?rest_route=%2Fwp%2Fv2%2Fmedia&parent=31120"}],"wp:term":[{"taxonomy":"category","embeddable":true,"href":"https:\/\/heavymetalonline.com.br\/index.php?rest_route=%2Fwp%2Fv2%2Fcategories&post=31120"},{"taxonomy":"post_tag","embeddable":true,"href":"https:\/\/heavymetalonline.com.br\/index.php?rest_route=%2Fwp%2Fv2%2Ftags&post=31120"}],"curies":[{"name":"wp","href":"https:\/\/api.w.org\/{rel}","templated":true}]}}