{"id":31842,"date":"2025-09-08T17:53:26","date_gmt":"2025-09-08T17:53:26","guid":{"rendered":"https:\/\/heavymetalonline.com.br\/?p=31842"},"modified":"2025-09-08T17:53:28","modified_gmt":"2025-09-08T17:53:28","slug":"pilares-do-sol-conclui-gravacoes-de-bateria-para-novo-single","status":"publish","type":"post","link":"https:\/\/heavymetalonline.com.br\/?p=31842","title":{"rendered":"Pilares do Sol conclui grava\u00e7\u00f5es de bateria para novo single"},"content":{"rendered":"\n<p>A banda <strong>PILARES DO SOL<\/strong> concluiu as grava\u00e7\u00f5es de bateria para seu pr\u00f3ximo single, dando sequ\u00eancia ao lan\u00e7amento de estreia, <strong>\u201c<em>Beam of Light\u201d<\/em><\/strong>. As sess\u00f5es ficaram a cargo de <strong>Vitor Alves<\/strong> e ocorreram no <strong>Music Obsession Studio<\/strong>, em Jo\u00e3o Pessoa\/PB, sob a condu\u00e7\u00e3o de <strong>Marcos Sena<\/strong> \u2014 produtor e respons\u00e1vel pelo est\u00fadio \u2014 e do pr\u00f3prio guitarrista e produtor do grupo, <strong>Mad Ferreira<\/strong>.&nbsp; <em>\u201cFoi uma experi\u00eancia intensa. Passamos dias lapidando cada detalhe para que a bateria carregasse a energia e a pegada certas para a m\u00fasica. \u00c9 gratificante ver o resultado tomando forma\u201d<\/em>, comenta <strong>Vitor Alves<\/strong>.<\/p>\n\n\n\n<p>Para o produtor <strong>Marcos Sena<\/strong>, o clima no est\u00fadio ajudou a alcan\u00e7ar o n\u00edvel desejado: <em>\u201cTrabalhar com o Pilares do Sol \u00e9 muito tranquilo. Eles chegam com ideias bem definidas, mas tamb\u00e9m est\u00e3o abertos a experimentar, o que nos permitiu encontrar nuances que deixam a faixa ainda mais marcante\u201d.<\/em><\/p>\n\n\n\n<p>Formada em 2023, a banda re\u00fane m\u00fasicos experientes da capital paraibana: <strong>Mad Ferreira<\/strong> (guitarra), <strong>Dotan Fl\u00e1vio<\/strong> (baixo) e <strong>Vitor Alves<\/strong> (bateria), com a adi\u00e7\u00e3o de <strong>Matheus Fran\u00e7a<\/strong> (guitarra) e dos vocalistas <strong>Junior Andrade<\/strong> e <strong>Leonardo Diniz<\/strong>, este \u00faltimo integrando a forma\u00e7\u00e3o oficialmente em 2025. A estreia dos dois vocalistas ocorreu justamente em <strong>\u201c<em>Beam of Light\u201d<\/em><\/strong>, faixa que apresentou ao p\u00fablico um Power Metal pesado e mel\u00f3dico, aliado a influ\u00eancias l\u00edricas de cunho filos\u00f3fico e antropol\u00f3gico.<\/p>\n\n\n\n<p>Com produ\u00e7\u00e3o da pr\u00f3pria banda e suporte t\u00e9cnico do <strong>Music Obsession<\/strong>, <strong><em>\u201cBeam of Light\u201d<\/em><\/strong> combina refer\u00eancias de gigantes do g\u00eanero como <strong>Stratovarius<\/strong> e <strong>Helloween<\/strong> com elementos modernos e nuances de ritmos brasileiros e latinos. O novo single, ainda em fase de grava\u00e7\u00e3o, deve manter essa ess\u00eancia e integra o projeto do \u00e1lbum de estreia previsto para o fim do ano, que trar\u00e1 participa\u00e7\u00f5es especiais e boas doses de Power Metal.<\/p>\n\n\n\n<p><strong><em>Ou\u00e7a o single \u201cBeam of Light\u201d<\/em><\/strong> <strong><em>via Spotify:<\/em><\/strong><\/p>\n\n\n\n<figure class=\"wp-block-embed is-type-rich is-provider-spotify wp-block-embed-spotify wp-embed-aspect-21-9 wp-has-aspect-ratio\"><div class=\"wp-block-embed__wrapper\">\n<iframe title=\"Spotify Embed: Beam of Light\" style=\"border-radius: 12px\" width=\"100%\" height=\"152\" frameborder=\"0\" allowfullscreen allow=\"autoplay; clipboard-write; encrypted-media; fullscreen; picture-in-picture\" loading=\"lazy\" src=\"https:\/\/open.spotify.com\/embed\/track\/4hkr3y2IBSUTtb1HOpEjbe?utm_source=oembed\"><\/iframe>\n<\/div><\/figure>\n\n\n\n<p><strong><em>Assista ao v\u00eddeo de \u201cBeam of Light\u201d:<\/em><\/strong><\/p>\n\n\n\n<figure class=\"wp-block-embed is-type-video is-provider-youtube wp-block-embed-youtube wp-embed-aspect-16-9 wp-has-aspect-ratio\"><div class=\"wp-block-embed__wrapper\">\n<iframe loading=\"lazy\" title=\"Beam of Light | Pilares Do Sol\" width=\"640\" height=\"360\" src=\"https:\/\/www.youtube.com\/embed\/_UfwKYUF3K8?feature=oembed\" frameborder=\"0\" allow=\"accelerometer; autoplay; clipboard-write; encrypted-media; gyroscope; picture-in-picture; web-share\" referrerpolicy=\"strict-origin-when-cross-origin\" allowfullscreen><\/iframe>\n<\/div><\/figure>\n\n\n\n<p><strong>Cr\u00e9ditos da foto: <\/strong>Divulga\u00e7\u00e3o<\/p>\n\n\n\n<p><strong>Contatos:<\/strong><\/p>\n\n\n\n<p><strong>Facebook: <\/strong><a href=\"https:\/\/www.facebook.com\/pilaresdosol\">https:\/\/www.facebook.com\/pilaresdosol<\/a><br><strong>Instagram: <\/strong><a href=\"https:\/\/www.instagram.com\/pilaresdosol\">https:\/\/www.instagram.com\/pilaresdosol<\/a><br><strong>Linktree: <\/strong><a href=\"https:\/\/linktr.ee\/pilaresdosol\">https:\/\/linktr.ee\/pilaresdosol<\/a><br><strong>Assessoria de Imprensa:<\/strong> <a href=\"http:\/\/www.wargodspress.com.br\">www.wargodspress.com.br<\/a><\/p>\n\n\n\n<figure class=\"wp-block-image size-large\"><img loading=\"lazy\" decoding=\"async\" width=\"577\" height=\"1024\" src=\"https:\/\/heavymetalonline.com.br\/wp-content\/uploads\/2025\/09\/batera-1-577x1024.jpg\" alt=\"\" class=\"wp-image-31843\" srcset=\"https:\/\/heavymetalonline.com.br\/wp-content\/uploads\/2025\/09\/batera-1-577x1024.jpg 577w, https:\/\/heavymetalonline.com.br\/wp-content\/uploads\/2025\/09\/batera-1-169x300.jpg 169w, https:\/\/heavymetalonline.com.br\/wp-content\/uploads\/2025\/09\/batera-1-768x1364.jpg 768w, https:\/\/heavymetalonline.com.br\/wp-content\/uploads\/2025\/09\/batera-1-865x1536.jpg 865w, https:\/\/heavymetalonline.com.br\/wp-content\/uploads\/2025\/09\/batera-1-1153x2048.jpg 1153w, https:\/\/heavymetalonline.com.br\/wp-content\/uploads\/2025\/09\/batera-1-141x250.jpg 141w, https:\/\/heavymetalonline.com.br\/wp-content\/uploads\/2025\/09\/batera-1-scaled.jpg 1441w\" sizes=\"auto, (max-width: 577px) 100vw, 577px\" \/><\/figure>\n","protected":false},"excerpt":{"rendered":"<p>A banda PILARES DO SOL concluiu as grava\u00e7\u00f5es de bateria para seu pr\u00f3ximo single, dando sequ\u00eancia ao lan\u00e7amento de estreia, \u201cBeam of Light\u201d. As sess\u00f5es ficaram a cargo de Vitor Alves e ocorreram no Music Obsession Studio, em Jo\u00e3o Pessoa\/PB, sob a condu\u00e7\u00e3o de Marcos Sena \u2014 produtor e respons\u00e1vel pelo est\u00fadio \u2014 e do [&hellip;]<\/p>\n","protected":false},"author":23,"featured_media":31096,"comment_status":"closed","ping_status":"open","sticky":false,"template":"","format":"standard","meta":{"footnotes":""},"categories":[4],"tags":[2068,2059],"class_list":["post-31842","post","type-post","status-publish","format-standard","has-post-thumbnail","hentry","category-noticias","tag-pilares-do-sol","tag-wargods-press"],"_links":{"self":[{"href":"https:\/\/heavymetalonline.com.br\/index.php?rest_route=\/wp\/v2\/posts\/31842","targetHints":{"allow":["GET"]}}],"collection":[{"href":"https:\/\/heavymetalonline.com.br\/index.php?rest_route=\/wp\/v2\/posts"}],"about":[{"href":"https:\/\/heavymetalonline.com.br\/index.php?rest_route=\/wp\/v2\/types\/post"}],"author":[{"embeddable":true,"href":"https:\/\/heavymetalonline.com.br\/index.php?rest_route=\/wp\/v2\/users\/23"}],"replies":[{"embeddable":true,"href":"https:\/\/heavymetalonline.com.br\/index.php?rest_route=%2Fwp%2Fv2%2Fcomments&post=31842"}],"version-history":[{"count":1,"href":"https:\/\/heavymetalonline.com.br\/index.php?rest_route=\/wp\/v2\/posts\/31842\/revisions"}],"predecessor-version":[{"id":31844,"href":"https:\/\/heavymetalonline.com.br\/index.php?rest_route=\/wp\/v2\/posts\/31842\/revisions\/31844"}],"wp:featuredmedia":[{"embeddable":true,"href":"https:\/\/heavymetalonline.com.br\/index.php?rest_route=\/wp\/v2\/media\/31096"}],"wp:attachment":[{"href":"https:\/\/heavymetalonline.com.br\/index.php?rest_route=%2Fwp%2Fv2%2Fmedia&parent=31842"}],"wp:term":[{"taxonomy":"category","embeddable":true,"href":"https:\/\/heavymetalonline.com.br\/index.php?rest_route=%2Fwp%2Fv2%2Fcategories&post=31842"},{"taxonomy":"post_tag","embeddable":true,"href":"https:\/\/heavymetalonline.com.br\/index.php?rest_route=%2Fwp%2Fv2%2Ftags&post=31842"}],"curies":[{"name":"wp","href":"https:\/\/api.w.org\/{rel}","templated":true}]}}