{"id":31935,"date":"2025-09-14T22:07:56","date_gmt":"2025-09-14T22:07:56","guid":{"rendered":"https:\/\/heavymetalonline.com.br\/?p=31935"},"modified":"2025-09-14T22:07:58","modified_gmt":"2025-09-14T22:07:58","slug":"rock-world-celebra-encerramento-historico-do-the-town-2025-se-prepara-para-o-amazonia-live-hoje-e-sempre-e-abre-a-contagem-para-o-rock-in-rio-2026","status":"publish","type":"post","link":"https:\/\/heavymetalonline.com.br\/?p=31935","title":{"rendered":"Rock World celebra encerramento hist\u00f3rico do The Town 2025, se prepara para o Amaz\u00f4nia Live &#8211; Hoje e Sempre e abre a contagem para o Rock in Rio 2026"},"content":{"rendered":"\n<p class=\"has-text-align-center\" id=\"viewer-0a3ag18110\"><em>Na reta final de prepara\u00e7\u00e3o para o Amaz\u00f4nia Live &#8211; Hoje e Sempre, Rock World tamb\u00e9m confirma a terceira edi\u00e7\u00e3o do The Town em 2027 e anuncia as datas do Rock in Rio Brasil, que<\/em> <em>acontece no ano que vem nos dias\u00a004, 05, 06, 07, 11, 12 e 13 de setembro<\/em><\/p>\n\n\n\n<p class=\"has-text-align-right\" id=\"viewer-0a3ag18110\"><em>Cr\u00e9dito da foto: The Thow<\/em><\/p>\n\n\n\n<p id=\"viewer-w697017776\">As portas para o \u00faltimo dia da segunda edi\u00e7\u00e3o do<strong> The Town <\/strong>j\u00e1 se abriram e, junto com a expectativa do encerramento, a Rock World anunciou novidades tanto para o festival paulista quanto para o Rock in Rio. Ap\u00f3s receber 420 mil pessoas neste ano, a organiza\u00e7\u00e3o confirmou que o The Town ter\u00e1 sua terceira edi\u00e7\u00e3o em 2027, novamente no Aut\u00f3dromo de Interlagos, em S\u00e3o Paulo, e revelou tamb\u00e9m as datas do <strong>Rock in Rio 2026<\/strong>, que acontecer\u00e1 nos dias&nbsp;<strong>04, 05, 06, 07, 11, 12 e 13 de setembro<\/strong>. Mostrando que est\u00e1 a todo vapor, com uma agenda de eventos que se estende pelos pr\u00f3ximos dias e anos, a empresa d\u00e1 in\u00edcio j\u00e1 nesta semana ao projeto Amaz\u00f4nia Live \u2013 Hoje e Sempre. Em coletiva de imprensa realizada hoje, na Cidade da M\u00fasica, tamb\u00e9m foi apresentado o balan\u00e7o desta segunda edi\u00e7\u00e3o do The Town, que somou cinco dias de experi\u00eancias, 14 horas de festa di\u00e1rias, mais de 100 shows inesquec\u00edveis, mais de 500 artistas e a presen\u00e7a de milhares de pessoas.&nbsp;<\/p>\n\n\n\n<p id=\"viewer-malc615407\">&nbsp;<\/p>\n\n\n\n<p id=\"viewer-tj6m515409\"><em>\u201cA primeira edi\u00e7\u00e3o trouxe alguns desafios,&nbsp;de conhecermos&nbsp;essa nova casa, o tamanho de infraestruturas que a gente trazia e o n\u00edvel de experi\u00eancia que a gente prop\u00f5e.&nbsp;Por isso, quer\u00edamos&nbsp;que essa edi\u00e7\u00e3o fosse, indiscutivelmente, muito melhor. E esse reconhecimento est\u00e1 vindo daquelas pessoas que verdadeiramente importam, que \u00e9 o p\u00fablico que tem vindo at\u00e9 aqui. Recebemos uma avalia\u00e7\u00e3o geral de 9,2 na nota dada pelo p\u00fablico de&nbsp;sexta-feira, com elogios aos acessos, ao transporte e diversos outros servi\u00e7os. Ficamos muito felizes e podemos mostrar que com cuidado, com dedica\u00e7\u00e3o, com uma equipe completamente comprometida, \u00e9 poss\u00edvel criar ambientes saud\u00e1veis, seguros e de respeito\u201d<\/em> comentou Roberta Medina, vice-presidente executiva da Rock World.&nbsp;<\/p>\n\n\n\n<p id=\"viewer-5fl9815411\">&nbsp;<\/p>\n\n\n\n<p id=\"viewer-7pgtj15413\">A segunda edi\u00e7\u00e3o do <strong>The Town<\/strong> foi marcada por grandes n\u00fameros: 177.017 litros de chopes consumidos, 106.624 hamb\u00fargueres consumidos, 52.500 itens vendidos na loja de produtos oficiais, 80.000 pessoas andaram nos brinquedos, 182.000 pessoas vieram de trem, mais de 1.5 milh\u00e3o de seguidores nas redes do festival, 165 mil downloads no aplicativo oficial do festival. Tamb\u00e9m foram gerados 25 mil postos de trabalho, o impacto econ\u00f4mico na cidade foi de R$ 2.2 bilh\u00f5es na cidade, houve um aumento de 21% de consumo na capital em rela\u00e7\u00e3o a 2023 e um aumento de 240% nas reservas do AIRBNB no per\u00edodo de festival.&nbsp;&nbsp;<\/p>\n\n\n\n<p id=\"viewer-4rbr515415\">&nbsp;<\/p>\n\n\n\n<p id=\"viewer-a34qs15417\">Ricardo Nunes, Prefeito da Cidade da S\u00e3o Paulo comemora o feito: <em>\u201cO The Town est\u00e1 dando um grande exemplo, eu estou muito feliz. A gente agradece a voc\u00eas por dar essa oportunidade de parceria. A movimenta\u00e7\u00e3o financeira na cidade, os hot\u00e9is cheios, o aumento de procura no AIRBNB. Ou seja, muita gente vindo para c\u00e1 para presenciar esse momento maravilhoso aqui. Fico superfeliz, a palavra \u00e9 agradecimento.&nbsp;Vamos&nbsp;concluir mais essa etapa do The Town com um sucesso absoluto, com a dedica\u00e7\u00e3o e o carinho de voc\u00eas.\u201d<\/em>, finalizou.&nbsp;<\/p>\n\n\n\n<p id=\"viewer-lqv7115419\">&nbsp;<\/p>\n\n\n\n<p id=\"viewer-80wwv15421\"><strong>The Town passa oficialmente o bast\u00e3o para o Rock in Rio, que acontecer\u00e1 nos dias 04, 05, 06, 07, 11, 12 e 13 de setembro de 2026 no Rio de Janeiro<\/strong>&nbsp;<\/p>\n\n\n\n<p id=\"viewer-iv8dh15427\">A segunda edi\u00e7\u00e3o do maior festival m\u00fasica, cultura e arte de S\u00e3o Paulo ainda n\u00e3o terminou, mas a Rock World j\u00e1 come\u00e7ou a se preparar para a pr\u00f3xima edi\u00e7\u00e3o do Rock in Rio. A organiza\u00e7\u00e3o confirmou as datas da pr\u00f3xima edi\u00e7\u00e3o no Brasil nos dias&nbsp;04, 05, 06, 07, 11, 12 e 13&nbsp;de setembro de 2026, no Rio de Janeiro, e refor\u00e7ou as datas j\u00e1 anunciadas de Lisboa, que acontece nos dias&nbsp;20, 21, 27 e 28&nbsp;de junho de 2026.&nbsp;<\/p>\n\n\n\n<blockquote class=\"instagram-media\" data-instgrm-captioned data-instgrm-permalink=\"https:\/\/www.instagram.com\/reel\/DOlsRjygDwA\/?utm_source=ig_embed&amp;utm_campaign=loading\" data-instgrm-version=\"14\" style=\" background:#FFF; border:0; border-radius:3px; box-shadow:0 0 1px 0 rgba(0,0,0,0.5),0 1px 10px 0 rgba(0,0,0,0.15); margin: 1px; max-width:540px; min-width:326px; padding:0; width:99.375%; width:-webkit-calc(100% - 2px); width:calc(100% - 2px);\"><div style=\"padding:16px;\"> <a href=\"https:\/\/www.instagram.com\/reel\/DOlsRjygDwA\/?utm_source=ig_embed&amp;utm_campaign=loading\" style=\" background:#FFFFFF; line-height:0; padding:0 0; text-align:center; text-decoration:none; width:100%;\" target=\"_blank\"> <div style=\" display: flex; flex-direction: row; align-items: center;\"> <div style=\"background-color: #F4F4F4; border-radius: 50%; flex-grow: 0; height: 40px; margin-right: 14px; width: 40px;\"><\/div> <div style=\"display: flex; flex-direction: column; flex-grow: 1; justify-content: center;\"> <div style=\" background-color: #F4F4F4; border-radius: 4px; flex-grow: 0; height: 14px; margin-bottom: 6px; width: 100px;\"><\/div> <div style=\" background-color: #F4F4F4; border-radius: 4px; flex-grow: 0; height: 14px; width: 60px;\"><\/div><\/div><\/div><div style=\"padding: 19% 0;\"><\/div> <div style=\"display:block; height:50px; margin:0 auto 12px; width:50px;\"><svg width=\"50px\" height=\"50px\" viewBox=\"0 0 60 60\" version=\"1.1\" xmlns=\"https:\/\/www.w3.org\/2000\/svg\" xmlns:xlink=\"https:\/\/www.w3.org\/1999\/xlink\"><g stroke=\"none\" stroke-width=\"1\" fill=\"none\" fill-rule=\"evenodd\"><g transform=\"translate(-511.000000, -20.000000)\" fill=\"#000000\"><g><path d=\"M556.869,30.41 C554.814,30.41 553.148,32.076 553.148,34.131 C553.148,36.186 554.814,37.852 556.869,37.852 C558.924,37.852 560.59,36.186 560.59,34.131 C560.59,32.076 558.924,30.41 556.869,30.41 M541,60.657 C535.114,60.657 530.342,55.887 530.342,50 C530.342,44.114 535.114,39.342 541,39.342 C546.887,39.342 551.658,44.114 551.658,50 C551.658,55.887 546.887,60.657 541,60.657 M541,33.886 C532.1,33.886 524.886,41.1 524.886,50 C524.886,58.899 532.1,66.113 541,66.113 C549.9,66.113 557.115,58.899 557.115,50 C557.115,41.1 549.9,33.886 541,33.886 M565.378,62.101 C565.244,65.022 564.756,66.606 564.346,67.663 C563.803,69.06 563.154,70.057 562.106,71.106 C561.058,72.155 560.06,72.803 558.662,73.347 C557.607,73.757 556.021,74.244 553.102,74.378 C549.944,74.521 548.997,74.552 541,74.552 C533.003,74.552 532.056,74.521 528.898,74.378 C525.979,74.244 524.393,73.757 523.338,73.347 C521.94,72.803 520.942,72.155 519.894,71.106 C518.846,70.057 518.197,69.06 517.654,67.663 C517.244,66.606 516.755,65.022 516.623,62.101 C516.479,58.943 516.448,57.996 516.448,50 C516.448,42.003 516.479,41.056 516.623,37.899 C516.755,34.978 517.244,33.391 517.654,32.338 C518.197,30.938 518.846,29.942 519.894,28.894 C520.942,27.846 521.94,27.196 523.338,26.654 C524.393,26.244 525.979,25.756 528.898,25.623 C532.057,25.479 533.004,25.448 541,25.448 C548.997,25.448 549.943,25.479 553.102,25.623 C556.021,25.756 557.607,26.244 558.662,26.654 C560.06,27.196 561.058,27.846 562.106,28.894 C563.154,29.942 563.803,30.938 564.346,32.338 C564.756,33.391 565.244,34.978 565.378,37.899 C565.522,41.056 565.552,42.003 565.552,50 C565.552,57.996 565.522,58.943 565.378,62.101 M570.82,37.631 C570.674,34.438 570.167,32.258 569.425,30.349 C568.659,28.377 567.633,26.702 565.965,25.035 C564.297,23.368 562.623,22.342 560.652,21.575 C558.743,20.834 556.562,20.326 553.369,20.18 C550.169,20.033 549.148,20 541,20 C532.853,20 531.831,20.033 528.631,20.18 C525.438,20.326 523.257,20.834 521.349,21.575 C519.376,22.342 517.703,23.368 516.035,25.035 C514.368,26.702 513.342,28.377 512.574,30.349 C511.834,32.258 511.326,34.438 511.181,37.631 C511.035,40.831 511,41.851 511,50 C511,58.147 511.035,59.17 511.181,62.369 C511.326,65.562 511.834,67.743 512.574,69.651 C513.342,71.625 514.368,73.296 516.035,74.965 C517.703,76.634 519.376,77.658 521.349,78.425 C523.257,79.167 525.438,79.673 528.631,79.82 C531.831,79.965 532.853,80.001 541,80.001 C549.148,80.001 550.169,79.965 553.369,79.82 C556.562,79.673 558.743,79.167 560.652,78.425 C562.623,77.658 564.297,76.634 565.965,74.965 C567.633,73.296 568.659,71.625 569.425,69.651 C570.167,67.743 570.674,65.562 570.82,62.369 C570.966,59.17 571,58.147 571,50 C571,41.851 570.966,40.831 570.82,37.631\"><\/path><\/g><\/g><\/g><\/svg><\/div><div style=\"padding-top: 8px;\"> <div style=\" color:#3897f0; font-family:Arial,sans-serif; font-size:14px; font-style:normal; font-weight:550; line-height:18px;\">Ver essa foto no Instagram<\/div><\/div><div style=\"padding: 12.5% 0;\"><\/div> <div style=\"display: flex; flex-direction: row; margin-bottom: 14px; align-items: center;\"><div> <div style=\"background-color: #F4F4F4; border-radius: 50%; height: 12.5px; width: 12.5px; transform: translateX(0px) translateY(7px);\"><\/div> <div style=\"background-color: #F4F4F4; height: 12.5px; transform: rotate(-45deg) translateX(3px) translateY(1px); width: 12.5px; flex-grow: 0; margin-right: 14px; margin-left: 2px;\"><\/div> <div style=\"background-color: #F4F4F4; border-radius: 50%; height: 12.5px; width: 12.5px; transform: translateX(9px) translateY(-18px);\"><\/div><\/div><div style=\"margin-left: 8px;\"> <div style=\" background-color: #F4F4F4; border-radius: 50%; flex-grow: 0; height: 20px; width: 20px;\"><\/div> <div style=\" width: 0; height: 0; border-top: 2px solid transparent; border-left: 6px solid #f4f4f4; border-bottom: 2px solid transparent; transform: translateX(16px) translateY(-4px) rotate(30deg)\"><\/div><\/div><div style=\"margin-left: auto;\"> <div style=\" width: 0px; border-top: 8px solid #F4F4F4; border-right: 8px solid transparent; transform: translateY(16px);\"><\/div> <div style=\" background-color: #F4F4F4; flex-grow: 0; height: 12px; width: 16px; transform: translateY(-4px);\"><\/div> <div style=\" width: 0; height: 0; border-top: 8px solid #F4F4F4; border-left: 8px solid transparent; transform: translateY(-4px) translateX(8px);\"><\/div><\/div><\/div> <div style=\"display: flex; flex-direction: column; flex-grow: 1; justify-content: center; margin-bottom: 24px;\"> <div style=\" background-color: #F4F4F4; border-radius: 4px; flex-grow: 0; height: 14px; margin-bottom: 6px; width: 224px;\"><\/div> <div style=\" background-color: #F4F4F4; border-radius: 4px; flex-grow: 0; height: 14px; width: 144px;\"><\/div><\/div><\/a><p style=\" color:#c9c8cd; font-family:Arial,sans-serif; font-size:14px; line-height:17px; margin-bottom:0; margin-top:8px; overflow:hidden; padding:8px 0 7px; text-align:center; text-overflow:ellipsis; white-space:nowrap;\"><a href=\"https:\/\/www.instagram.com\/reel\/DOlsRjygDwA\/?utm_source=ig_embed&amp;utm_campaign=loading\" style=\" color:#c9c8cd; font-family:Arial,sans-serif; font-size:14px; font-style:normal; font-weight:normal; line-height:17px; text-decoration:none;\" target=\"_blank\">Uma publica\u00e7\u00e3o compartilhada por Rock in Rio (@rockinrio)<\/a><\/p><\/div><\/blockquote>\n<script async src=\"\/\/www.instagram.com\/embed.js\"><\/script>\n\n\n\n<p id=\"viewer-m6veo15431\"><strong>Come\u00e7a nessa quarta-feira o Amaz\u00f4nia Live \u2013 Hoje e Sempre&nbsp;<\/strong>&nbsp;<\/p>\n\n\n\n<p id=\"viewer-vy6dh15436\">Nesta semana come\u00e7a o projeto \u2018Amaz\u00f4nia Live \u2013 Hoje e Sempre\u2019, um grande movimento do Rock in Rio e do The Town, juntos Por Um Mundo Melhor, que coloca todos os holofotes na Amaz\u00f4nia. Por meio de diversas iniciativas, o projeto, com patroc\u00ednio principal da Vale, apoio da Gerdau, da Heineken e do Banco da Amaz\u00f4nia, e parceria de conte\u00fado e m\u00eddia com TV Globo, jornal O Globo e Folha de S. Paulo, refor\u00e7a a necessidade de preservar a floresta em p\u00e9 e proteger seus povos, contribuindo para o desafio global de reduzir as emiss\u00f5es de carbono \u2013 um tema cada vez mais urgente diante da crise clim\u00e1tica. Inserido na regi\u00e3o que receber\u00e1 a 30\u00aa Confer\u00eancia das Na\u00e7\u00f5es Unidas sobre Mudan\u00e7as Clim\u00e1ticas (COP 30), o projeto segue a mesma linha do encontro global: unir as pessoas em torno de uma agenda \u00fanica, em prol de um mundo melhor e mais sustent\u00e1vel. &nbsp;<\/p>\n\n\n\n<p id=\"viewer-ralf216250\"><em>\u201cA gente agora passa a bola de S\u00e3o Paulo para Bel\u00e9m, no Par\u00e1. Um show absolutamente hist\u00f3rico acontece na quarta-feira.&nbsp;A gente sabe que S\u00e3o Paulo, Rio, o Brasil s\u00f3 fica bem se todo o pa\u00eds estiver bem, saud\u00e1vel e potente. Nesse caso, a nossa maior pot\u00eancia, al\u00e9m do nosso p\u00fablico brasileiro, \u00e9 a nossa floresta. E por isso o The Town e Rock in Rio resolveram mais uma vez jogar os holofotes para uma tem\u00e1tica absolutamente essencial, com um show \u00fanico no meio da floresta, no rio Guam\u00e1<\/em>\u201d comentou Roberta Medina.&nbsp;<\/p>\n\n\n\n<figure class=\"wp-block-image\"><img loading=\"lazy\" decoding=\"async\" width=\"740\" height=\"555\" src=\"https:\/\/heavymetalonline.com.br\/wp-content\/uploads\/2025\/09\/Amazonia-Live-Hoje-e-Sempre.avif\" alt=\"\" class=\"wp-image-31937\" srcset=\"https:\/\/heavymetalonline.com.br\/wp-content\/uploads\/2025\/09\/Amazonia-Live-Hoje-e-Sempre.avif 740w, https:\/\/heavymetalonline.com.br\/wp-content\/uploads\/2025\/09\/Amazonia-Live-Hoje-e-Sempre-300x225.avif 300w, https:\/\/heavymetalonline.com.br\/wp-content\/uploads\/2025\/09\/Amazonia-Live-Hoje-e-Sempre-333x250.avif 333w\" sizes=\"auto, (max-width: 740px) 100vw, 740px\" \/><\/figure>\n\n\n\n<pre id=\"viewer-21w6x16493\" class=\"wp-block-preformatted\">Amaz\u00f4nia Live - Hoje e Sempre ter\u00e1 Mariah Carey como atra\u00e7\u00e3o \u2014 Foto: gshow<\/pre>\n\n\n\n<p id=\"viewer-mqov516620\">Nesse sentido,<strong> Amaz\u00f4nia Live \u2013 Hoje e Sempre<\/strong> realizar\u00e1 um especial de TV com espet\u00e1culo de Mariah Carey, e uma apresenta\u00e7\u00e3o hist\u00f3rica de quatro gera\u00e7\u00f5es da m\u00fasica paraense com Dona Onete, Joelma, Gaby Amarantos e Zaynara num palco flutuante no Rio Guam\u00e1. No dia 17 de setembro, a partir das 18h15, o especial ser\u00e1 transmitido para todo o Brasil pelo <strong>Multishow<\/strong> e pelo<strong> Globoplay<\/strong>, com sinal aberto. Na TV Globo, o p\u00fablico confere os melhores momentos do evento, logo ap\u00f3s o Estrela da Casa. O objetivo \u00e9 chamar aten\u00e7\u00e3o para a necessidade de manter a floresta em p\u00e9, por meio da prote\u00e7\u00e3o de seus povos origin\u00e1rios, e contribuir para o desafio global de reduzir as emiss\u00f5es de carbono. <strong>Amaz\u00f4nia Live \u2013 Hoje e Sempre<\/strong> \u00e9 um movimento de Rock in Rio e The Town, com patroc\u00ednio principal da Vale. O palco em homenagem a rainha das \u00e1guas j\u00e1 est\u00e1 montado no rio Guam\u00e1. A estrutura pesa 13,2 toneladas, das quais 10 toneladas s\u00e3o o peso da flor. O restante \u00e9 dividido entre a estrutura central do palco, 1,2 tonelada, e duas toneladas para parte de cenografia e t\u00e9cnica, como luz e \u00e1udio. Os materiais usados na montagem do palco s\u00e3o de baixo impacto, com a estrutura das p\u00e9talas feitas em metalon e revistas em tecido, podendo ser reaproveitadas ap\u00f3s o evento.&nbsp;<\/p>\n\n\n\n<p id=\"viewer-4t05916850\"><strong>Fonte: <\/strong>Approach Comunica\u00e7\u00e3o<\/p>\n","protected":false},"excerpt":{"rendered":"<p>Na reta final de prepara\u00e7\u00e3o para o Amaz\u00f4nia Live &#8211; Hoje e Sempre, Rock World tamb\u00e9m confirma a terceira edi\u00e7\u00e3o do The Town em 2027 e anuncia as datas do Rock in Rio Brasil, que acontece no ano que vem nos dias\u00a004, 05, 06, 07, 11, 12 e 13 de setembro Cr\u00e9dito da foto: The [&hellip;]<\/p>\n","protected":false},"author":12,"featured_media":31936,"comment_status":"closed","ping_status":"open","sticky":false,"template":"","format":"standard","meta":{"footnotes":""},"categories":[4],"tags":[],"class_list":["post-31935","post","type-post","status-publish","format-standard","has-post-thumbnail","hentry","category-noticias"],"_links":{"self":[{"href":"https:\/\/heavymetalonline.com.br\/index.php?rest_route=\/wp\/v2\/posts\/31935","targetHints":{"allow":["GET"]}}],"collection":[{"href":"https:\/\/heavymetalonline.com.br\/index.php?rest_route=\/wp\/v2\/posts"}],"about":[{"href":"https:\/\/heavymetalonline.com.br\/index.php?rest_route=\/wp\/v2\/types\/post"}],"author":[{"embeddable":true,"href":"https:\/\/heavymetalonline.com.br\/index.php?rest_route=\/wp\/v2\/users\/12"}],"replies":[{"embeddable":true,"href":"https:\/\/heavymetalonline.com.br\/index.php?rest_route=%2Fwp%2Fv2%2Fcomments&post=31935"}],"version-history":[{"count":1,"href":"https:\/\/heavymetalonline.com.br\/index.php?rest_route=\/wp\/v2\/posts\/31935\/revisions"}],"predecessor-version":[{"id":31938,"href":"https:\/\/heavymetalonline.com.br\/index.php?rest_route=\/wp\/v2\/posts\/31935\/revisions\/31938"}],"wp:featuredmedia":[{"embeddable":true,"href":"https:\/\/heavymetalonline.com.br\/index.php?rest_route=\/wp\/v2\/media\/31936"}],"wp:attachment":[{"href":"https:\/\/heavymetalonline.com.br\/index.php?rest_route=%2Fwp%2Fv2%2Fmedia&parent=31935"}],"wp:term":[{"taxonomy":"category","embeddable":true,"href":"https:\/\/heavymetalonline.com.br\/index.php?rest_route=%2Fwp%2Fv2%2Fcategories&post=31935"},{"taxonomy":"post_tag","embeddable":true,"href":"https:\/\/heavymetalonline.com.br\/index.php?rest_route=%2Fwp%2Fv2%2Ftags&post=31935"}],"curies":[{"name":"wp","href":"https:\/\/api.w.org\/{rel}","templated":true}]}}