{"id":33195,"date":"2025-11-14T14:38:16","date_gmt":"2025-11-14T14:38:16","guid":{"rendered":"https:\/\/heavymetalonline.com.br\/?p=33195"},"modified":"2025-11-14T14:38:19","modified_gmt":"2025-11-14T14:38:19","slug":"cpm-22-celebra-tres-decadas-com-o-single-30-anos-depois","status":"publish","type":"post","link":"https:\/\/heavymetalonline.com.br\/?p=33195","title":{"rendered":"CPM 22 celebra tr\u00eas d\u00e9cadas com o single\u00a0\u201c30 Anos Depois\u201d"},"content":{"rendered":"\n<pre id=\"viewer-nmwdo2903\" class=\"wp-block-preformatted\">Cr\u00e9dito da foto: Leonardo Muniz<\/pre>\n\n\n\n<p id=\"viewer-rf87q2036\">Dando continuidade \u00e0 celebra\u00e7\u00e3o pelos 30 anos de carreira, o <strong>CPM 22<\/strong> lan\u00e7a o single <em>\u201c30 Anos Depois\u201d<\/em>, via Ditto Music.<\/p>\n\n\n\n<p id=\"viewer-ou3ae455\">Com uma trajet\u00f3ria marcada por hits e uma legi\u00e3o de f\u00e3s leais, a faixa \u00e9 uma homenagem \u00e0 pr\u00f3pria hist\u00f3ria da banda e \u00e0 conex\u00e3o constru\u00edda com o p\u00fablico ao longo de tr\u00eas d\u00e9cadas. Com letra de Badaui e Luciano, a faixa reflete sobre a jornada do grupo desde os primeiros acordes no underground paulistano at\u00e9 os grandes palcos do pa\u00eds \u2014 traduzindo em som a persist\u00eancia e o agradecimento a quem sempre esteve presente. A produ\u00e7\u00e3o \u00e9 assinada por Luciano em parceira com Ali, que tamb\u00e9m ficou respons\u00e1vel pela mixagem e masteriza\u00e7\u00e3o.<\/p>\n\n\n\n<p id=\"viewer-h8gf4457\">&nbsp;<\/p>\n\n\n\n<p id=\"viewer-jmoic459\"><em>\u201cA letra dessa m\u00fasica nasceu de um texto que eu escrevi. O Luciano deu forma e lapidou a letra para que a gente pudesse contar essa hist\u00f3ria de um jeito mais direto\u201d,<\/em> relembra Badaui.<\/p>\n\n\n\n<p id=\"viewer-9luy9462\">&nbsp;<\/p>\n\n\n\n<p id=\"viewer-hoxmz464\">Luciano conta que a ideia de compor uma m\u00fasica em comemora\u00e7\u00e3o \u00e0s tr\u00eas d\u00e9cadas do CPM 22 j\u00e1 existia h\u00e1 algum tempo, mas o processo criativo come\u00e7ou a ganhar forma recentemente.<\/p>\n\n\n\n<p id=\"viewer-36leh501\"><em>\u201cA ideia de fazer uma m\u00fasica em comemora\u00e7\u00e3o aos 30 anos da banda existia desde o ano passado, mas o processo de desenvolvimento come\u00e7ou h\u00e1 uns tr\u00eas ou quatro meses. A letra \u00e9 baseada em um texto muito bonito que o Badaui escreveu sobre a hist\u00f3ria da banda. J\u00e1 a melodia eu fiz na cabe\u00e7a enquanto lia o texto, e parte dela surgiu numa viagem, num hotel em Santa B\u00e1rbara d\u2019Oeste. Quando voltei pra casa, peguei a guitarra e comecei a montar os acordes a partir dessa melodia e completei a letra com frases minhas, ideias novas que surgiram ali no momento. A grava\u00e7\u00e3o foi feita por mim e pelo Ali, no est\u00fadio dele, em S\u00e3o Paulo\u201d, <\/em>explica Luciano.<\/p>\n\n\n\n<p id=\"viewer-bgexj504\">&nbsp;<\/p>\n\n\n\n<p id=\"viewer-l6ep3506\">E Badaui completa, <em>\u201cNo fim, essa m\u00fasica \u00e9 uma homenagem \u00e0 nossa trajet\u00f3ria e tamb\u00e9m um agradecimento a quem sempre esteve com a banda.\u201d<\/em><\/p>\n\n\n\n<figure class=\"wp-block-embed is-type-rich is-provider-spotify wp-block-embed-spotify wp-embed-aspect-21-9 wp-has-aspect-ratio\"><div class=\"wp-block-embed__wrapper\">\n<iframe title=\"Spotify Embed: 30 Anos Depois\" style=\"border-radius: 12px\" width=\"100%\" height=\"352\" frameborder=\"0\" allowfullscreen allow=\"autoplay; clipboard-write; encrypted-media; fullscreen; picture-in-picture\" loading=\"lazy\" src=\"https:\/\/open.spotify.com\/embed\/album\/1tCa6LOmRvN7IdHvtiTGnb?si=VVU3pj_3Tdq4ONbuegx4xw&#038;utm_source=oembed\"><\/iframe>\n<\/div><\/figure>\n\n\n\n<p id=\"viewer-mf3jd509\">&nbsp;<\/p>\n\n\n\n<p id=\"viewer-120mm511\">O lan\u00e7amento chega em meio \u00e0 turn\u00ea comemorativa que est\u00e1 percorrendo o Brasil, levando aos f\u00e3s cl\u00e1ssicos como<em> \u201cDias Atr\u00e1s\u201d, Regina Let\u2019s Go\u201d<\/em> e <em>\u201cTarde de Outubro\u201d<\/em>, entre outras. Um dos momentos mais marcantes dessa turn\u00ea foi a apresenta\u00e7\u00e3o no festival The Town, em setembro, que reuniu uma multid\u00e3o e reafirmou o poder e a relev\u00e2ncia do CPM 22 no rock nacional.<\/p>\n\n\n\n<p id=\"viewer-1fc7p517\">&nbsp;<\/p>\n\n\n\n<p id=\"viewer-3umi2519\">Com <em>\u201c30 Anos Depois\u201d,<\/em> a banda refor\u00e7a sua identidade e celebra n\u00e3o apenas o passado, mas tamb\u00e9m o futuro \u2014 uma trajet\u00f3ria que continua sendo escrita com a mesma energia e paix\u00e3o que conquistaram gera\u00e7\u00f5es.<\/p>\n\n\n\n<p id=\"viewer-2yw3y671\"><strong>Contato para shows:<\/strong><\/p>\n\n\n\n<p id=\"viewer-6momn673\"><a target=\"_blank\" href=\"mailto:shows@cpm22.com.br\" rel=\"noreferrer noopener\"><u>shows@cpm22.com.br<\/u><\/a><\/p>\n\n\n\n<p id=\"viewer-re12v676\"><strong>Para mais informa\u00e7\u00f5es siga:<\/strong><\/p>\n\n\n\n<p id=\"viewer-z2v77678\"><a target=\"_blank\" href=\"https:\/\/www.instagram.com\/cpm22\/\" rel=\"noreferrer noopener\"><strong><u>Instagram<\/u><\/strong><\/a><strong> | <\/strong><a target=\"_blank\" href=\"https:\/\/x.com\/CPM22\" rel=\"noreferrer noopener\"><strong><u>X<\/u><\/strong><\/a><strong> | <\/strong><a target=\"_blank\" href=\"https:\/\/www.facebook.com\/cpm22official\/\" rel=\"noreferrer noopener\"><strong><u>Facebook<\/u><\/strong><\/a><\/p>\n\n\n\n<p id=\"viewer-hz174753\"><strong>Fonte: <\/strong>Catto Comunica\u00e7\u00e3o<\/p>\n","protected":false},"excerpt":{"rendered":"<p>Cr\u00e9dito da foto: Leonardo Muniz Dando continuidade \u00e0 celebra\u00e7\u00e3o pelos 30 anos de carreira, o CPM 22 lan\u00e7a o single \u201c30 Anos Depois\u201d, via Ditto Music. Com uma trajet\u00f3ria marcada por hits e uma legi\u00e3o de f\u00e3s leais, a faixa \u00e9 uma homenagem \u00e0 pr\u00f3pria hist\u00f3ria da banda e \u00e0 conex\u00e3o constru\u00edda com o p\u00fablico [&hellip;]<\/p>\n","protected":false},"author":12,"featured_media":33196,"comment_status":"closed","ping_status":"open","sticky":false,"template":"","format":"standard","meta":{"footnotes":""},"categories":[4],"tags":[],"class_list":["post-33195","post","type-post","status-publish","format-standard","has-post-thumbnail","hentry","category-noticias"],"_links":{"self":[{"href":"https:\/\/heavymetalonline.com.br\/index.php?rest_route=\/wp\/v2\/posts\/33195","targetHints":{"allow":["GET"]}}],"collection":[{"href":"https:\/\/heavymetalonline.com.br\/index.php?rest_route=\/wp\/v2\/posts"}],"about":[{"href":"https:\/\/heavymetalonline.com.br\/index.php?rest_route=\/wp\/v2\/types\/post"}],"author":[{"embeddable":true,"href":"https:\/\/heavymetalonline.com.br\/index.php?rest_route=\/wp\/v2\/users\/12"}],"replies":[{"embeddable":true,"href":"https:\/\/heavymetalonline.com.br\/index.php?rest_route=%2Fwp%2Fv2%2Fcomments&post=33195"}],"version-history":[{"count":1,"href":"https:\/\/heavymetalonline.com.br\/index.php?rest_route=\/wp\/v2\/posts\/33195\/revisions"}],"predecessor-version":[{"id":33197,"href":"https:\/\/heavymetalonline.com.br\/index.php?rest_route=\/wp\/v2\/posts\/33195\/revisions\/33197"}],"wp:featuredmedia":[{"embeddable":true,"href":"https:\/\/heavymetalonline.com.br\/index.php?rest_route=\/wp\/v2\/media\/33196"}],"wp:attachment":[{"href":"https:\/\/heavymetalonline.com.br\/index.php?rest_route=%2Fwp%2Fv2%2Fmedia&parent=33195"}],"wp:term":[{"taxonomy":"category","embeddable":true,"href":"https:\/\/heavymetalonline.com.br\/index.php?rest_route=%2Fwp%2Fv2%2Fcategories&post=33195"},{"taxonomy":"post_tag","embeddable":true,"href":"https:\/\/heavymetalonline.com.br\/index.php?rest_route=%2Fwp%2Fv2%2Ftags&post=33195"}],"curies":[{"name":"wp","href":"https:\/\/api.w.org\/{rel}","templated":true}]}}