{"id":33350,"date":"2025-11-19T13:04:01","date_gmt":"2025-11-19T13:04:01","guid":{"rendered":"https:\/\/heavymetalonline.com.br\/?p=33350"},"modified":"2025-11-19T13:28:46","modified_gmt":"2025-11-19T13:28:46","slug":"mayhem-encerra-turne-mundial-dos-40-anos-no-brasil-ultima-chance-de-ver-este-show-especial","status":"publish","type":"post","link":"https:\/\/heavymetalonline.com.br\/?p=33350","title":{"rendered":"Mayhem encerra Turn\u00ea Mundial dos 40 anos no Brasil: &#8220;\u00daltima chance de ver este show especial&#8221;"},"content":{"rendered":"\n<p id=\"viewer-sskeb7607\"><em><strong>J\u00f8rn &#8220;Necrobutcher&#8221; reflete sobre quatro d\u00e9cadas de black metal, cancelamentos pol\u00edticos e o peso de n\u00e3o ter salvado Dead<\/strong><\/em><\/p>\n\n\n\n<p id=\"viewer-f4s1m7609\"><strong>S\u00e3o Paulo ser\u00e1 palco do encerramento hist\u00f3rico da turn\u00ea comemorativa dos 40 anos do Mayhem, uma das bandas mais influentes do black metal mundial. Em entrevista exclusiva, o baixista e fundador J\u00f8rn &#8220;Necrobutcher&#8221; Stubberud revela detalhes do espet\u00e1culo especial, aborda controv\u00e9rsias pol\u00edticas e compartilha pela primeira vez detalhes \u00edntimos sobre sua rela\u00e7\u00e3o com Pelle &#8220;Dead&#8221; Ohlin.<\/strong><\/p>\n\n\n\n<p class=\"has-text-align-right\"><em>Entrevista por Marcos Franke &#8211; <a href=\"https:\/\/www.instagram.com\/franke_marcos\/\">@franke_marcos<\/a><\/em><\/p>\n\n\n\n<p id=\"viewer-5tiyy7611\">Aos 57 anos, J\u00f8rn Stubberud carrega nas costas uma das hist\u00f3rias mais intensas do metal mundial. Fundador do Mayhem em 1984, ele testemunhou a ascens\u00e3o do black metal noruegu\u00eas, sobreviveu \u00e0s trag\u00e9dias que marcaram a banda nos anos 90 e agora se prepara para encerrar simbolicamente um ciclo em solo brasileiro.<\/p>\n\n\n\n<p id=\"viewer-zmblr7613\">&#8220;<em>S\u00e3o Paulo \u00e9 o \u00faltimo show que vamos fazer da turn\u00ea dos 40 anos&#8221;, revela J\u00f8rn em entrevista por videoconfer\u00eancia de sua casa na Noruega. &#8220;Vai encerrar a turn\u00ea de anivers\u00e1rio de 40 anos ao redor do mundo. Ent\u00e3o vai ser o \u00faltimo show que vamos fazer, eu acho.&#8221;<\/em><\/p>\n\n\n\n<p id=\"viewer-kqs5s7615\"><strong>Um Espet\u00e1culo Audiovisual \u00danico<\/strong><\/p>\n\n\n\n<p id=\"viewer-voslb7617\">A turn\u00ea comemorativa n\u00e3o \u00e9 apenas uma apresenta\u00e7\u00e3o comum do Mayhem. A banda desenvolveu um conceito especial que inclui um v\u00eddeo de duas horas projetado durante todo o show, com refer\u00eancias visuais a cada per\u00edodo da banda &#8211; desde fotos antigas dos primeiros demos at\u00e9 clipes de filmes e sess\u00f5es de fotos hist\u00f3ricas.<\/p>\n\n\n\n<p id=\"viewer-xzgfq7619\"><em>&#8220;Fizemos um v\u00eddeo, contratamos alguns core\u00f3grafos de v\u00eddeo, e junto conosco, fizemos um v\u00eddeo de 2 horas por tr\u00e1s de todas as m\u00fasicas, ent\u00e3o poderia ser refer\u00eancias a tudo que tocamos no palco&#8221;<\/em>, explica o baixista.<\/p>\n\n\n\n<p id=\"viewer-ea7607621\">O momento mais emocionante do espet\u00e1culo \u00e9 quando a banda &#8220;ressuscita&#8221; Dead, o lend\u00e1rio vocalista que se suicidou em 1991. <em>&#8220;Separamos o vocal do Dead de um show lend\u00e1rio que fizemos em Leipzig em 1990. Ent\u00e3o o trazemos de volta ao show, e ele canta a m\u00fasica &#8216;Funeral Fog&#8217; por cima da nossa m\u00fasica&#8221;<\/em>, conta J\u00f8rn.<\/p>\n\n\n\n<p id=\"viewer-kvpkk7623\">A apresenta\u00e7\u00e3o tamb\u00e9m conta com dois ex-membros da forma\u00e7\u00e3o original: o guitarrista que ajudou a fundar o Mayhem junto com J\u00f8rn e Euronymous, e Billy Messiah, o primeiro vocalista da banda. <em>&#8220;Ent\u00e3o \u00e9 quase a forma\u00e7\u00e3o completa do &#8216;Death Crush&#8217;. Claro, s\u00f3 falta o Euronymous&#8221;<\/em>, lamenta.<\/p>\n\n\n\n<p id=\"viewer-ndf9e7625\"><strong>O Peso da Culpa: A trag\u00e9dia de Dead<\/strong><\/p>\n\n\n\n<p id=\"viewer-nyzir7627\">Pela primeira vez em d\u00e9cadas, J\u00f8rn abre o cora\u00e7\u00e3o sobre sua rela\u00e7\u00e3o com Pelle &#8220;Dead&#8221; Ohlin, o vocalista sueco que se juntou ao Mayhem em 1988 e se suicidou tr\u00eas anos depois. O relato revela uma dimens\u00e3o profundamente humana e dolorosa da trag\u00e9dia que marcou para sempre a hist\u00f3ria do black metal.<\/p>\n\n\n\n<p id=\"viewer-xgfr07629\"><em>&#8220;Dead estava aqui na Noruega sem nenhuma fam\u00edlia, sem nenhum amigo. Ele tinha n\u00f3s, a banda&#8221;<\/em>, conta J\u00f8rn, explicando como se sentia respons\u00e1vel pelo jovem m\u00fasico estrangeiro. <em>&#8220;Euronymous e Jan n\u00e3o eram realmente bons amigos dele. E eu era seu amigo, mas estava morando com minha namorada, alguns quil\u00f4metros de dist\u00e2ncia, enquanto eles estavam todos morando juntos em uma casa grande.&#8221;<\/em><\/p>\n\n\n\n<p id=\"viewer-xokai7631\">O baixista revela que desde a chegada de Dead \u00e0 Noruega, sentia-se obrigado a cuidar dele:<em> &#8220;Desde que ele veio, eu me senti um pouco obrigado a ajud\u00e1-lo, porque obviamente ele estava longe de todos que conhecia e de tudo. Ele n\u00e3o tinha lugar para ficar, n\u00e3o tinha dinheiro para comida, nada. As coisas mais simples.&#8221;<\/em><\/p>\n\n\n\n<p id=\"viewer-ljq827633\">A trag\u00e9dia se torna ainda mais dolorosa quando J\u00f8rn revela que Dead havia avisado sobre suas inten\u00e7\u00f5es suicidas &#8211; mas n\u00e3o para ele: <em>&#8220;Quando ele se matou, ele havia avisado as pessoas. Ele disse ao Hellhammer que tinha uma faca muito afiada, e ele at\u00e9 disse ao Euronymous que ia se matar naquele fim de semana. Mas ele n\u00e3o me disse nada.&#8221;<\/em><\/p>\n\n\n\n<p id=\"viewer-2olug7635\">A raz\u00e3o por tr\u00e1s desse sil\u00eancio seletivo assombra J\u00f8rn at\u00e9 hoje: <em>&#8220;Se voc\u00ea pensar sobre isso, ele sabia que eu ia ficar chateado. Ent\u00e3o, por isso, ele n\u00e3o diria isso para mim. Mas esses dois outros caras n\u00e3o importavam, porque ele sabia que eles n\u00e3o eram t\u00e3o pr\u00f3ximos assim.&#8221;<\/em><\/p>\n\n\n\n<p id=\"viewer-q21iv7637\"><em>&#8220;Isso me disse muito depois, e claro, me deixou ainda mais triste&#8221;<\/em>, confessa o m\u00fasico, revelando como essa percep\u00e7\u00e3o tardia intensificou sua dor e sentimento de responsabilidade.<\/p>\n\n\n\n<p id=\"viewer-dzzt67639\"><strong>Cancelamentos e Pol\u00edtica: &#8220;N\u00e3o Somos Nazistas&#8221;<\/strong><\/p>\n\n\n\n<p id=\"viewer-dy7rz7641\">A rela\u00e7\u00e3o do Mayhem com o Brasil nem sempre foi tranquila. Na \u00faltima turn\u00ea, dois shows foram cancelados por press\u00e3o pol\u00edtica, uma experi\u00eancia que ainda incomoda J\u00f8rn. <em>&#8220;N\u00e3o posso acreditar que isso aconteceu em um pa\u00eds como o Brasil, onde a express\u00e3o de fala&#8230; voc\u00eas n\u00e3o s\u00e3o mais um pa\u00eds de terceiro mundo. Voc\u00eas s\u00e3o um pa\u00eds desenvolvido, t\u00eam governos eleitos&#8221;<\/em>, desabafa.<\/p>\n\n\n\n<p id=\"viewer-a4ng27643\">O m\u00fasico atribui os cancelamentos a pol\u00edticos oportunistas em busca de visibilidade: <em>&#8220;Algum pol\u00edtico corrupto que queria ter algum alvoro\u00e7o sobre si mesmo no jornal. E ele conseguiu fazer isso. Eu n\u00e3o podia acreditar.&#8221;<\/em><\/p>\n\n\n\n<p id=\"viewer-to26j7645\">A controv\u00e9rsia levanta uma quest\u00e3o sens\u00edvel: a associa\u00e7\u00e3o err\u00f4nea entre black metal e ideologias de extrema direita. J\u00f8rn \u00e9 categ\u00f3rico ao se distanciar dessas correntes:<em> &#8220;Eu ouvi sobre esse tipo de bandas, que s\u00e3o pol\u00edticas e se chamam black metal, com atitudes de extrema direita, mas n\u00f3s n\u00e3o somos isso, voc\u00ea sabe. Longe disso, nunca fomos isso.&#8221;<\/em><\/p>\n\n\n\n<p id=\"viewer-ng0bl7647\">O baixista faz uma an\u00e1lise l\u00facida sobre como elementos extremistas infiltram-se em todos os g\u00eaneros musicais:<em> &#8220;Em todos os diferentes tipos de m\u00fasica, existe esse tipo de coisa. Voc\u00ea tem os caras do punk, os skinheads. Voc\u00ea tem essas pessoas da m\u00fasica folk, que tamb\u00e9m s\u00e3o de direita, como nos Estados Unidos. Voc\u00ea tem m\u00fasica country hillbilly, que tem essa coisa de direita.&#8221;<\/em><\/p>\n\n\n\n<p id=\"viewer-bcutz7649\">Ele at\u00e9 mesmo faz uma provoca\u00e7\u00e3o bem-humorada sobre o Ace of Base: <em>&#8220;Eles deveriam ser banidos! Por uma real fucking raz\u00e3o.&#8221;<\/em><\/p>\n\n\n\n<p id=\"viewer-6ina67651\"><strong>Brasil: Mais que um Destino, um Lar Emocional<\/strong><\/p>\n\n\n\n<p id=\"viewer-laecd7653\">Apesar dos problemas pol\u00edticos pontuais, o Brasil ocupa um lugar especial no cora\u00e7\u00e3o de J\u00f8rn.<em> &#8220;H\u00e1 muitas coisas que eu gosto sobre o seu pa\u00eds, e viajar por a\u00ed e tocar. Tamb\u00e9m conheci alguns grandes amigos ao longo dos anos no Brasil&#8221;<\/em>, conta.<\/p>\n\n\n\n<p id=\"viewer-qcsrh7655\">O m\u00fasico demonstra um carinho genu\u00edno pela cultura brasileira, especialmente pela gastronomia: <em>&#8220;Meu restaurante favorito no mundo \u00e9 no Brasil, voc\u00ea sabe, o churrasco? Eu amo essa coisa. Eu me certifico de sempre ir num restaurante destes.&#8221;<\/em><\/p>\n\n\n\n<p id=\"viewer-bqdn47657\">Ele tamb\u00e9m se encanta com a diversidade de frutas tropicais e a qualidade do caf\u00e9 brasileiro: <em>&#8220;Voc\u00eas s\u00e3o os reis do chocolate, voc\u00ea sabe, e eu amo chocolate&#8221;<\/em>, brinca, mostrando at\u00e9 mesmo barras de chocolate brasileiro que guarda em sua geladeira.<\/p>\n\n\n\n<p id=\"viewer-n6e9k7659\"><strong>Uma Vida marcada pela Morte<\/strong><\/p>\n\n\n\n<p id=\"viewer-x9hks7661\">A reflex\u00e3o sobre Dead se insere em um contexto mais amplo da rela\u00e7\u00e3o de J\u00f8rn com a mortalidade. Ele conta que sua m\u00e3e uma vez observou:<em> &#8220;Voc\u00ea tem 22 anos e eu tenho 50, e voc\u00ea conhece mais pessoas mortas do que eu conhe\u00e7o.&#8221;<\/em><\/p>\n\n\n\n<p id=\"viewer-apx5y7663\"><em>&#8220;As pessoas que eu conhe\u00e7o que faleceram, est\u00e1 apenas dobrando e dobrando e dobrando. Suic\u00eddio, c\u00e2ncer, acidentes de carro&#8230; o tempo todo, parece. Overdoses de drogas tamb\u00e9m&#8221;<\/em>, relata.<\/p>\n\n\n\n<p id=\"viewer-mnftr7665\">Mas J\u00f8rn encontra significado nas constantes perguntas sobre Dead e Euronymous: <em>&#8220;\u00c9 t\u00e3o incr\u00edvel que algu\u00e9m se lembre e preste tributo a algumas pessoas que eu conhecia que morreram muito jovens. E que as pessoas ainda pensam neles.&#8221;<\/em><\/p>\n\n\n\n<p id=\"viewer-fvngo7667\">A diferen\u00e7a, explica, \u00e9 que enquanto outros amigos que morreram jovens foram esquecidos, Dead e Euronymous continuam vivos na mem\u00f3ria coletiva:<em> &#8220;Esses dois caras que estavam na minha banda, eles ainda&#8230; as pessoas ainda falam sobre isso, voc\u00ea ainda fala sobre eles, todo mundo ainda fala sobre eles.&#8221;<\/em><\/p>\n\n\n\n<p id=\"viewer-4m77r7669\"><strong>O Futuro: Planejando a aposentadoria aos 67<\/strong><\/p>\n\n\n\n<p id=\"viewer-0xybo7671\">Aos 57 anos, J\u00f8rn j\u00e1 pensa no futuro do Mayhem com pragmatismo. A banda tem um novo \u00e1lbum, &#8220;Liturgy of Death&#8221;, programado para fevereiro de 2026, que iniciar\u00e1 um novo ciclo de turn\u00eas mundiais.<\/p>\n\n\n\n<p id=\"viewer-ku2nv7673\"><em>&#8220;Se conseguirmos aguentar mais 8 anos, teremos o anivers\u00e1rio de 50 anos. Na Noruega, voc\u00ea recebe sua pens\u00e3o estatal quando tem 67 anos. E esse seria o ano em que eu recebo minha pens\u00e3o estatal&#8221;, calcula. &#8220;Se chegarmos l\u00e1, eu ficaria feliz com isso. Seria uma conquista de toda a vida para mim.&#8221;<\/em><\/p>\n\n\n\n<p id=\"viewer-hnsnj7675\">O m\u00fasico \u00e9 realista sobre as limita\u00e7\u00f5es f\u00edsicas que vir\u00e3o: <em>&#8220;N\u00e3o somos apenas um cara com um viol\u00e3o que pode subir no palco e tocar algumas m\u00fasicas do Johnny Cash at\u00e9 os 85 anos. Isso \u00e9 alta energia, movimentos e t\u00e9cnicas que voc\u00ea precisa estar no seu jogo para conseguir colocar os dedos ao redor da coisa.&#8221;<\/em><\/p>\n\n\n\n<p id=\"viewer-weama7677\"><strong>Um Legado em Constru\u00e7\u00e3o<\/strong><\/p>\n\n\n\n<p id=\"viewer-o4pb57679\">Enquanto se prepara para o show de S\u00e3o Paulo, J\u00f8rn reflete sobre o impacto econ\u00f4mico e social que uma apresenta\u00e7\u00e3o do Mayhem gera: <em>&#8220;Quando fazemos um show, n\u00e3o \u00e9&#8230; gera tantas outras coisas. As pessoas que trabalham no local, elas recebem sal\u00e1rio. Mantemos o clube aberto. Todas as pessoas ao redor, todas as pessoas que vendem comida no local.&#8221;<\/em><\/p>\n\n\n\n<p id=\"viewer-3f5707681\">Para os f\u00e3s brasileiros, a mensagem \u00e9 clara: esta pode ser a \u00faltima oportunidade de ver este formato especial.<em> &#8220;Espero que este v\u00eddeo e este artigo saiam o mais r\u00e1pido poss\u00edvel e alcancem todas as pessoas ao redor de S\u00e3o Paulo, e ent\u00e3o elas ou\u00e7am sobre isso&#8230; que estamos descendo, e \u00e9 um show especial. E voc\u00eas precisam se acalmar e ver, porque vai ser&#8230; com esses convidados especiais e tudo, apenas uma vez que vamos fazer isso.&#8221;<\/em><\/p>\n\n\n\n<p id=\"viewer-i26057683\">O Mayhem retornar\u00e1 ao Brasil em aproximadamente dois anos para a turn\u00ea do novo \u00e1lbum, mas ser\u00e1 um conceito completamente diferente. Por enquanto, S\u00e3o Paulo ter\u00e1 a honra de encerrar quatro d\u00e9cadas de uma das hist\u00f3rias mais intensas do metal mundial &#8211; uma hist\u00f3ria marcada tanto pela genialidade musical quanto pelas trag\u00e9dias humanas que a moldaram.<\/p>\n\n\n\n<p><strong>Confira a entrevista completa em nosso canal no youtube:<\/strong><\/p>\n\n\n\n<figure class=\"wp-block-embed is-type-video is-provider-youtube wp-block-embed-youtube wp-embed-aspect-16-9 wp-has-aspect-ratio\"><div class=\"wp-block-embed__wrapper\">\n<iframe loading=\"lazy\" title=\"Entrevista: MAYHEM - J\u00f8rn &quot;Necrobutcher&quot; Stubberud\" width=\"640\" height=\"360\" src=\"https:\/\/www.youtube.com\/embed\/-LGd6D4dnKI?start=25&#038;feature=oembed\" frameborder=\"0\" allow=\"accelerometer; autoplay; clipboard-write; encrypted-media; gyroscope; picture-in-picture; web-share\" referrerpolicy=\"strict-origin-when-cross-origin\" allowfullscreen><\/iframe>\n<\/div><\/figure>\n\n\n\n<p id=\"viewer-c56xt7685\"><strong>O show do Mayhem em S\u00e3o Paulo promete ser mais que uma apresenta\u00e7\u00e3o &#8211; ser\u00e1 o encerramento simb\u00f3lico de uma era e a celebra\u00e7\u00e3o de um legado que continua a influenciar gera\u00e7\u00f5es de m\u00fasicos e f\u00e3s ao redor do mundo, carregando consigo as mem\u00f3rias daqueles que partiram cedo demais.<\/strong><\/p>\n\n\n\n<figure class=\"wp-block-image\"><img loading=\"lazy\" decoding=\"async\" width=\"1080\" height=\"1350\" src=\"https:\/\/heavymetalonline.com.br\/wp-content\/uploads\/2025\/11\/WhatsApp-Image-2025-11-17-at-21.41.00.jpeg\" alt=\"\" class=\"wp-image-33352\" srcset=\"https:\/\/heavymetalonline.com.br\/wp-content\/uploads\/2025\/11\/WhatsApp-Image-2025-11-17-at-21.41.00.jpeg 1080w, https:\/\/heavymetalonline.com.br\/wp-content\/uploads\/2025\/11\/WhatsApp-Image-2025-11-17-at-21.41.00-240x300.jpeg 240w, https:\/\/heavymetalonline.com.br\/wp-content\/uploads\/2025\/11\/WhatsApp-Image-2025-11-17-at-21.41.00-819x1024.jpeg 819w, https:\/\/heavymetalonline.com.br\/wp-content\/uploads\/2025\/11\/WhatsApp-Image-2025-11-17-at-21.41.00-768x960.jpeg 768w, https:\/\/heavymetalonline.com.br\/wp-content\/uploads\/2025\/11\/WhatsApp-Image-2025-11-17-at-21.41.00-200x250.jpeg 200w\" sizes=\"auto, (max-width: 1080px) 100vw, 1080px\" \/><\/figure>\n","protected":false},"excerpt":{"rendered":"<p>J\u00f8rn &#8220;Necrobutcher&#8221; reflete sobre quatro d\u00e9cadas de black metal, cancelamentos pol\u00edticos e o peso de n\u00e3o ter salvado Dead S\u00e3o Paulo ser\u00e1 palco do encerramento hist\u00f3rico da turn\u00ea comemorativa dos 40 anos do Mayhem, uma das bandas mais influentes do black metal mundial. Em entrevista exclusiva, o baixista e fundador J\u00f8rn &#8220;Necrobutcher&#8221; Stubberud revela detalhes [&hellip;]<\/p>\n","protected":false},"author":12,"featured_media":33351,"comment_status":"closed","ping_status":"open","sticky":false,"template":"","format":"standard","meta":{"footnotes":""},"categories":[538,826,3,4],"tags":[],"class_list":["post-33350","post","type-post","status-publish","format-standard","has-post-thumbnail","hentry","category-destaques","category-entrevista","category-entrevistas","category-noticias"],"_links":{"self":[{"href":"https:\/\/heavymetalonline.com.br\/index.php?rest_route=\/wp\/v2\/posts\/33350","targetHints":{"allow":["GET"]}}],"collection":[{"href":"https:\/\/heavymetalonline.com.br\/index.php?rest_route=\/wp\/v2\/posts"}],"about":[{"href":"https:\/\/heavymetalonline.com.br\/index.php?rest_route=\/wp\/v2\/types\/post"}],"author":[{"embeddable":true,"href":"https:\/\/heavymetalonline.com.br\/index.php?rest_route=\/wp\/v2\/users\/12"}],"replies":[{"embeddable":true,"href":"https:\/\/heavymetalonline.com.br\/index.php?rest_route=%2Fwp%2Fv2%2Fcomments&post=33350"}],"version-history":[{"count":3,"href":"https:\/\/heavymetalonline.com.br\/index.php?rest_route=\/wp\/v2\/posts\/33350\/revisions"}],"predecessor-version":[{"id":33376,"href":"https:\/\/heavymetalonline.com.br\/index.php?rest_route=\/wp\/v2\/posts\/33350\/revisions\/33376"}],"wp:featuredmedia":[{"embeddable":true,"href":"https:\/\/heavymetalonline.com.br\/index.php?rest_route=\/wp\/v2\/media\/33351"}],"wp:attachment":[{"href":"https:\/\/heavymetalonline.com.br\/index.php?rest_route=%2Fwp%2Fv2%2Fmedia&parent=33350"}],"wp:term":[{"taxonomy":"category","embeddable":true,"href":"https:\/\/heavymetalonline.com.br\/index.php?rest_route=%2Fwp%2Fv2%2Fcategories&post=33350"},{"taxonomy":"post_tag","embeddable":true,"href":"https:\/\/heavymetalonline.com.br\/index.php?rest_route=%2Fwp%2Fv2%2Ftags&post=33350"}],"curies":[{"name":"wp","href":"https:\/\/api.w.org\/{rel}","templated":true}]}}