{"id":33472,"date":"2025-11-22T01:49:35","date_gmt":"2025-11-22T01:49:35","guid":{"rendered":"https:\/\/heavymetalonline.com.br\/?p=33472"},"modified":"2025-11-22T01:49:36","modified_gmt":"2025-11-22T01:49:36","slug":"eloy-fritsch-trio-lanca-video-de-warp-drive-e-anuncia-show-na-noite-dos-museus-em-porto-alegre-2","status":"publish","type":"post","link":"https:\/\/heavymetalonline.com.br\/?p=33472","title":{"rendered":"Eloy Fritsch Trio lan\u00e7a v\u00eddeo de &#8220;Warp Drive&#8221; e anuncia show na Noite dos Museus em Porto Alegre"},"content":{"rendered":"\n<p><em>O compositor e tecladista Eloy Fritsch apresenta releitura de faixa cl\u00e1ssica ao lado dos filhos Filipe (bateria) e Ricardo (baixo), na programa\u00e7\u00e3o do Goethe-Institut.<\/em><\/p>\n\n\n\n<p><strong>Eloy Fritsch<\/strong> anuncia o lan\u00e7amento de seu novo v\u00eddeo, <strong><em>&#8220;Warp Drive&#8221;<\/em><\/strong>. O v\u00eddeo apresenta a estreia oficial do <strong>Eloy Fritsch Trio<\/strong>, projeto que une experi\u00eancia de d\u00e9cadas do compositor \u00e0 se\u00e7\u00e3o r\u00edtmica formada por seus filhos, <strong>Filipe<\/strong> <strong>Fritsch<\/strong> na bateria e <strong>Ricardo<\/strong> <strong>Fritsch<\/strong> no baixo. A estreia do v\u00eddeo ser\u00e1 celebrada com uma apresenta\u00e7\u00e3o ao vivo na 9\u00aa edi\u00e7\u00e3o do <strong>Noite dos Museus<\/strong>, no dia 29 de novembro (s\u00e1bado), no <strong>Goethe-Institut Porto Alegre<\/strong>. O trio subir\u00e1 ao palco \u00e0s 21h.<\/p>\n\n\n\n<p>O v\u00eddeo de <strong><em>&#8220;Warp Drive&#8221;<\/em><\/strong> foi gravado no <strong>Est\u00fadio Brothers<\/strong> em Porto Alegre no dia 24 de setembro de 2025, e traz uma releitura de uma faixa do \u00e1lbum solo <strong><em>&#8220;Spiritual Energy&#8221;<\/em><\/strong> (2014) de <strong>Eloy Fritsch<\/strong>. A grava\u00e7\u00e3o do v\u00eddeo no <strong>Est\u00fadio Brothers <\/strong>contou com c\u00e2meras de <strong>Lauren Veronese<\/strong>.<\/p>\n\n\n\n<p>A novidade do trio instrumental ratifica a import\u00e2ncia e a identidade de <strong>Fritsch<\/strong> em uma ode \u00e0 tradi\u00e7\u00e3o do Prog setentista mesclando estruturas complexas, lindas melodias, mudan\u00e7as r\u00edtmicas e harmonias modernas a uma ampla paleta de timbres, extra\u00edda de sintetizadores e teclados eletr\u00f4nicos. O show com composi\u00e7\u00f5es selecionadas dos 18 \u00e1lbuns autorais do compositor ga\u00facho busca ampliar a conex\u00e3o do p\u00fablico com a m\u00fasica instrumental. O setlist do show contar\u00e1 com as seguintes m\u00fasicas: <strong><em>\u201cSpiritual Energy\u201d<\/em><\/strong> (2014), <strong><em>\u201cThe Spy\u201d<\/em><\/strong> (2017), <strong><em>\u201cHigh Places Part I\u201d<\/em><\/strong> (2020), <strong><em>\u201cWizards Battle March\u201d<\/em><\/strong> (2025), <strong><em>\u201cLiberty\u201d<\/em><\/strong> (2014), <strong><em>\u201cCurupira\u201d<\/em><\/strong> (2001), <strong><em>\u201cAphrodite\u201d<\/em><\/strong> (2001), <strong><em>\u201cHigh Places Part IV\u201d<\/em><\/strong> (2020) e <strong><em>\u201cWarp Drive\u201d<\/em><\/strong> (2014).<\/p>\n\n\n\n<p><strong><em>Assista ao v\u00eddeo de \u201cWarp Drive&#8221;:<\/em><\/strong><br><a href=\"https:\/\/www.youtube.com\/watch?v=6enJqNCSl9s\">https:\/\/www.youtube.com\/watch?v=6enJqNCSl9s<\/a><\/p>\n\n\n\n<p><em>&#8220;Tocar ao lado dos meus filhos \u00e9 uma energia indescrit\u00edvel&#8221;<\/em>, comenta <strong>Eloy<\/strong>. <em>&#8220;Pegar uma faixa como \u201cWarp Drive\u201d e dar a ela essa nova vida com o baixo e a bateria \u00e9 um processo incr\u00edvel. Estamos capturando essa sinergia e paix\u00e3o pela m\u00fasica. Apresentar essa nova vers\u00e3o em um evento t\u00e3o importante para a cultura de Porto Alegre como o Noite dos Museus ser\u00e1 um momento muito especial\u201d.<\/em><\/p>\n\n\n\n<p>A programa\u00e7\u00e3o da <strong>Noite dos Museus<\/strong> \u00e9 gratuita e faz parte de um circuito cultural que movimenta a cidade, com visita\u00e7\u00e3o a museus e performances art\u00edsticas das 18h \u00e0 meia-noite. A performance do <strong>Eloy Fritsch Trio<\/strong> no <strong>Goethe-Institut<\/strong> (Rua 24 de Outubro, 112) promete ser um dos pontos altos da noite, combinando a excel\u00eancia t\u00e9cnica da fam\u00edlia <strong>Fritsch<\/strong> com a atmosfera \u00fanica do evento.<\/p>\n\n\n\n<p><strong>SERVI\u00c7O \u2013 Eloy Fritsch Trio no Noite dos Museus<\/strong><\/p>\n\n\n\n<p><strong>Evento:<\/strong> 9\u00aa edi\u00e7\u00e3o do Noite dos Museus<br><strong>Data:<\/strong> 29 de novembro de 2025 (S\u00e1bado)<br><strong>Hor\u00e1rio do evento:<\/strong> 18h at\u00e9 a meia-noite<br><strong>Local:<\/strong> Goethe-Institut Porto Alegre (Rua 24 de Outubro, 112 \u2013 Moinhos de Vento)<br><strong>Entrada:<\/strong> Gratuita<\/p>\n\n\n\n<p><strong>Sobre Eloy Fritsch:<\/strong><\/p>\n\n\n\n<p><strong>Eloy Fritsch<\/strong> iniciou o projeto de m\u00fasica instrumental para sintetizadores em meados dos anos 1990 com grava\u00e7\u00f5es e registros de \u00e1lbuns em CD que foram lan\u00e7ados por gravadoras como a <strong>Musea<\/strong> (Fran\u00e7a), <strong>Rock Symphony<\/strong> (RJ) e <strong>Groove<\/strong> <strong>Unlimited<\/strong> (Pa\u00edses Baixos). Como tecladista, <strong>Fritsch<\/strong> adquiriu experi\u00eancia tocando desde 1983 com o seu grupo de Rock Progressivo <strong>Apocalypse<\/strong>, em diversos festivais no Rio Grande do Sul, Rio de Janeiro, S\u00e3o Paulo e Estados Unidos. Durante sua trajet\u00f3ria de mais de 40 anos na m\u00fasica, <strong>Fritsch<\/strong> recebeu v\u00e1rias premia\u00e7\u00f5es, entre elas, o <strong>Pr\u00eamio A\u00e7orianos <\/strong>de melhor instrumentista pela performance na grava\u00e7\u00e3o do \u00e1lbum solo <strong><em>\u201cMoment in Paradise\u201d<\/em><\/strong> (2020). Em 2025 lan\u00e7ou o \u00e1lbum instrumental <strong><em>\u201cDragons and Wizards\u201d<\/em><\/strong> com sete novas composi\u00e7\u00f5es e atualmente \u00e9 acompanhado por seus filhos <strong>Ricardo<\/strong> <strong>Fritsch<\/strong> no baixo e <strong>Filipe<\/strong> <strong>Fritsch<\/strong> na bateria.<\/p>\n\n\n\n<p><strong><em>Ou\u00e7a o \u00e1lbum \u201cDragons and Wizards\u201d:<\/em><\/strong><\/p>\n\n\n\n<figure class=\"wp-block-embed is-type-rich is-provider-spotify wp-block-embed-spotify wp-embed-aspect-21-9 wp-has-aspect-ratio\"><div class=\"wp-block-embed__wrapper\">\n<iframe title=\"Spotify Embed: Dragons and Wizards\" style=\"border-radius: 12px\" width=\"100%\" height=\"352\" frameborder=\"0\" allowfullscreen allow=\"autoplay; clipboard-write; encrypted-media; fullscreen; picture-in-picture\" loading=\"lazy\" src=\"https:\/\/open.spotify.com\/embed\/album\/3tLHTHmCXDq1wUOEq9sdyg?utm_source=oembed\"><\/iframe>\n<\/div><\/figure>\n\n\n\n<p><strong>Cr\u00e9ditos da foto: <\/strong>Lauren Veronese<\/p>\n\n\n\n<p><strong>Contatos:<\/strong><\/p>\n\n\n\n<p><strong>Site:<\/strong> <a href=\"http:\/\/www.ef.mus.br\">www.ef.mus.br<\/a><br><strong>Youtube: <\/strong><a href=\"https:\/\/www.youtube.com\/user\/effsynth\">https:\/\/www.youtube.com\/user\/effsynth<\/a><br><strong>Facebook: <\/strong><a href=\"https:\/\/www.facebook.com\/eloy.fritsch\">https:\/\/www.facebook.com\/eloy.fritsch<\/a><br><strong>Instagram:<\/strong> <a href=\"https:\/\/www.instagram.com\/eloyfritsch_official\">https:\/\/www.instagram.com\/eloyfritsch_official<\/a><br><strong>Assessoria de Imprensa:<\/strong> <a href=\"http:\/\/www.wargodspress.com.br\">www.wargodspress.com.br<\/a><\/p>\n\n\n\n<p><\/p>\n\n\n\n<p><\/p>\n","protected":false},"excerpt":{"rendered":"<p>O compositor e tecladista Eloy Fritsch apresenta releitura de faixa cl\u00e1ssica ao lado dos filhos Filipe (bateria) e Ricardo (baixo), na programa\u00e7\u00e3o do Goethe-Institut. Eloy Fritsch anuncia o lan\u00e7amento de seu novo v\u00eddeo, &#8220;Warp Drive&#8221;. O v\u00eddeo apresenta a estreia oficial do Eloy Fritsch Trio, projeto que une experi\u00eancia de d\u00e9cadas do compositor \u00e0 se\u00e7\u00e3o [&hellip;]<\/p>\n","protected":false},"author":23,"featured_media":33473,"comment_status":"closed","ping_status":"open","sticky":false,"template":"","format":"standard","meta":{"footnotes":""},"categories":[4],"tags":[2074,2059],"class_list":["post-33472","post","type-post","status-publish","format-standard","has-post-thumbnail","hentry","category-noticias","tag-eloy-fritsch","tag-wargods-press"],"_links":{"self":[{"href":"https:\/\/heavymetalonline.com.br\/index.php?rest_route=\/wp\/v2\/posts\/33472","targetHints":{"allow":["GET"]}}],"collection":[{"href":"https:\/\/heavymetalonline.com.br\/index.php?rest_route=\/wp\/v2\/posts"}],"about":[{"href":"https:\/\/heavymetalonline.com.br\/index.php?rest_route=\/wp\/v2\/types\/post"}],"author":[{"embeddable":true,"href":"https:\/\/heavymetalonline.com.br\/index.php?rest_route=\/wp\/v2\/users\/23"}],"replies":[{"embeddable":true,"href":"https:\/\/heavymetalonline.com.br\/index.php?rest_route=%2Fwp%2Fv2%2Fcomments&post=33472"}],"version-history":[{"count":1,"href":"https:\/\/heavymetalonline.com.br\/index.php?rest_route=\/wp\/v2\/posts\/33472\/revisions"}],"predecessor-version":[{"id":33474,"href":"https:\/\/heavymetalonline.com.br\/index.php?rest_route=\/wp\/v2\/posts\/33472\/revisions\/33474"}],"wp:featuredmedia":[{"embeddable":true,"href":"https:\/\/heavymetalonline.com.br\/index.php?rest_route=\/wp\/v2\/media\/33473"}],"wp:attachment":[{"href":"https:\/\/heavymetalonline.com.br\/index.php?rest_route=%2Fwp%2Fv2%2Fmedia&parent=33472"}],"wp:term":[{"taxonomy":"category","embeddable":true,"href":"https:\/\/heavymetalonline.com.br\/index.php?rest_route=%2Fwp%2Fv2%2Fcategories&post=33472"},{"taxonomy":"post_tag","embeddable":true,"href":"https:\/\/heavymetalonline.com.br\/index.php?rest_route=%2Fwp%2Fv2%2Ftags&post=33472"}],"curies":[{"name":"wp","href":"https:\/\/api.w.org\/{rel}","templated":true}]}}