{"id":34187,"date":"2025-12-19T14:59:35","date_gmt":"2025-12-19T14:59:35","guid":{"rendered":"https:\/\/heavymetalonline.com.br\/?p=34187"},"modified":"2025-12-19T14:59:36","modified_gmt":"2025-12-19T14:59:36","slug":"the-fevers-celebram-60-anos-de-sucessocom-turne-que-passara-por-natal-joao-pessoa-e-recife","status":"publish","type":"post","link":"https:\/\/heavymetalonline.com.br\/?p=34187","title":{"rendered":"The Fevers celebram &#8220;60 anos de Sucesso&#8221;com turn\u00ea que passar\u00e1 por Natal, Jo\u00e3o Pessoa e Recife"},"content":{"rendered":"\n<p id=\"viewer-b7gsq7774\">A turn\u00ea<strong> &#8220;60 nos de sucesso&#8221;<\/strong>, que est\u00e1 rodando o Brasil este ano, promete fazer todo mundo cantar, dan\u00e7ar e festejar a boa m\u00fasica. N\u00e3o faltam hits como &#8220;Mar de rosas&#8221; e &#8220;Vem me ajudar&#8221;.&nbsp; O trabalho mais recente do grupo, o \u00e1lbum &#8220;Vem dan\u00e7ar 2&#8221; contou com \u00f3tima grava\u00e7\u00e3o e repert\u00f3rio selecionado. Atualmente, a banda conta com mais de cem mil inscritos em seu canal do YouTube. Desta vez a festa ser\u00e1 pelo Nordeste, come\u00e7ando por<strong> Natal (RN<\/strong>), no Teatro Riachuelo, dia 09 de janeiro (sexta), \u00e0s 21h, seguindo para<strong> Jo\u00e3o Pessoa (PB)<\/strong>, no dia seguinte, no Clube Cabo Branco e, fechando o p\u00e9riplo, <strong>Recife (PE)<\/strong>, no dia 11 de janeiro (domingo), \u00e0s 14h, no C\u00edrculo Militar do Recife.<\/p>\n\n\n\n<p id=\"viewer-66s55479\">Para um dos fundadores do grupo, o baixista Liebert Ferreira, a marca \u00e9 digna de orgulho. <em>&#8220;Gra\u00e7as a Deus a cada dia seguimos na estrada com o p\u00fablico cantando junto com a gente as nossas can\u00e7\u00f5es. S\u00e3o m\u00fasicas que marcaram a vida das pessoas e at\u00e9 hoje temos que toc\u00e1-las pois o p\u00fablico quer ouvi-las. Toda vez que fazemos um show, o p\u00fablico canta e dan\u00e7a com a gente, e isso nos d\u00e1 muita felicidade. Tomara que a gente dure ainda muitos e muitos anos.&#8221;<\/em><\/p>\n\n\n\n<p id=\"viewer-8x7gj481\">Para outro fundador, o cantor Luiz Cl\u00e1udio Elbert,<em> &#8220;apesar das perdas que inevitavelmente o tempo nos traz The Fevers ainda tem \u00e0 frente a figura marcante de Liebert Ferreira desde a fase inicial, refor\u00e7ados pelas presen\u00e7as de Rama, Ot\u00e1vio Henrique e Claudio Mendes, que mant\u00e9m e atualizam a qualidade musical da banda.&#8221;<\/em><\/p>\n\n\n\n<p id=\"viewer-6pqnd483\">J\u00e1 o tecladista Claudio Mendes nem era nascido enquanto o grupo dava seus primeiros passos. &#8220;Eu cheguei ao mundo no final dos anos 60, \u00e9poca que foi muito importante para as pr\u00f3ximas gera\u00e7\u00f5es, e que pude vivenciar desde ent\u00e3o. Anos inspirados na m\u00fasica mundial, e The Fevers estava l\u00e1! Sucesso total nas r\u00e1dios e programas de televis\u00e3o. Hoje, me orgulha fazer parte dessa trupe, e compartilhar momento t\u00e3o especial.<\/p>\n\n\n\n<p id=\"viewer-ps269485\">O ex\u00edmio guitarrista Rama diz que<em> &#8220;quando as luzes se acendem no palco come\u00e7a uma nova experi\u00eancia. Cada dia \u00e9 um novo sonho para milhares de f\u00e3s que adoram as m\u00fasicas e o som dos Fevers. N\u00f3s, os artistas damos energia e motiva\u00e7\u00e3o para viver, sonhar, se apaixonar, e ir em frente para as pessoas que est\u00e3o \u00e0 espera disso. Temos esse privil\u00e9gio que \u00e9 uma miss\u00e3o tamb\u00e9m.&#8221;<\/em><\/p>\n\n\n\n<p id=\"viewer-t0igv487\">Cesar Lemos, que voltou recentemente para a banda, como guitarrista e cantor, descreve os 60 anos como <em>&#8220;uma trajet\u00f3ria admir\u00e1vel, emplacando sucessos que atravessaram d\u00e9cadas! Embalando e emocionando cora\u00e7\u00f5es de milh\u00f5es dentro e fora do Brasil! O The Fevers&#8230; Desde a Jovem guarda nos anos 60, inovando nos anos 70 e 80 como os &#8220;Reis dos bailes&#8221;, escrevendo trilhas sonoras de muitas novelas e por que n\u00e3o dizer, de nossas vidas!! Al\u00e9m de todo o sucesso fonogr\u00e1fico, o grupo tem sido uma verdadeiro celeiro de produtores, compositores e diretores de gravadoras!! The Fevers turn\u00ea 60 anos!&nbsp; Muito mais que uma celebra\u00e7\u00e3o de anivers\u00e1rio; ser\u00e1 uma festa m\u00e1gica, trazendo de volta o melhor de cada era, as can\u00e7\u00f5es que emocionam e fazem bater mais forte nossos cora\u00e7\u00f5es!&#8221;<\/em><\/p>\n\n\n\n<p id=\"viewer-9nvhb489\"><em>&#8220;Uma das marcas positivas da Banda durante esse 60 anos de exist\u00eancia \u00e9 o prazer de estar onde os f\u00e3s se encontram. N\u00e3o importa a dist\u00e2ncia n\u00f3s estaremos l\u00e1 pois a festa n\u00e3o pode parar&#8221;<\/em>, celebra o baterista Ot\u00e1vio Henrique.<\/p>\n\n\n\n<p id=\"viewer-sfdow491\">E nesses 60 anos de estrada o grupo tamb\u00e9m acompanhou artistas como Cassiano, Clara Nunes, Erasmo Carlos, Roberto Carlos e Ronnie Von, entre outros.<\/p>\n\n\n\n<p id=\"viewer-ndtl6999\">Ingressos para os shows <a target=\"_blank\" href=\"https:\/\/bio.site\/thefevers?utm_source=ig&amp;utm_medium=social&amp;utm_content=link_in_bio&amp;fbclid=PAZXh0bgNhZW0CMTEAc3J0YwZhcHBfaWQMMjU2MjgxMDQwNTU4AAGnl0fBRQVDnUIAi03vf5yDaszx--tx6YxIv5RpFdBJgo4XcFGDBvLJDArxZd8_aem_XAEttVXlhaWqNmUgGNPl0w\" rel=\"noreferrer noopener\"><strong><u>AQUI<\/u><\/strong><\/a><\/p>\n\n\n\n<p id=\"viewer-e3v68494\"><strong>SERVI\u00c7OS:<\/strong><\/p>\n\n\n\n<p id=\"viewer-f3fed496\">NATAL\/RN<\/p>\n\n\n\n<p id=\"viewer-ydb6t498\">Data: 09\/01<\/p>\n\n\n\n<p id=\"viewer-p3okt500\">Local:Teatro Riachuelo Natal<\/p>\n\n\n\n<p id=\"viewer-cbmks502\">Hor\u00e1rio: 21h<\/p>\n\n\n\n<p id=\"viewer-cmoea505\">JOAO PESSOA\/PB<\/p>\n\n\n\n<p id=\"viewer-bspp7507\">Data: 10\/01<\/p>\n\n\n\n<p id=\"viewer-8z5to509\">Local: Clube Cabo Branco<\/p>\n\n\n\n<p id=\"viewer-gff105535\">Hor\u00e1rio: 19h<\/p>\n\n\n\n<p id=\"viewer-1pktc512\">RECIFE\/PE<\/p>\n\n\n\n<p id=\"viewer-e1p6y514\">Data: 11\/01<\/p>\n\n\n\n<p id=\"viewer-ac9ew516\">Local: C\u00edrculo Militar do Recife<\/p>\n\n\n\n<p id=\"viewer-24y48518\">Horario: 14h<\/p>\n\n\n\n<p id=\"viewer-dqk137980\"><strong>Fonte: <\/strong>Reda\u00e7\u00e3o\/ Ana Paula Romeiro<\/p>\n","protected":false},"excerpt":{"rendered":"<p>A turn\u00ea &#8220;60 nos de sucesso&#8221;, que est\u00e1 rodando o Brasil este ano, promete fazer todo mundo cantar, dan\u00e7ar e festejar a boa m\u00fasica. N\u00e3o faltam hits como &#8220;Mar de rosas&#8221; e &#8220;Vem me ajudar&#8221;.&nbsp; O trabalho mais recente do grupo, o \u00e1lbum &#8220;Vem dan\u00e7ar 2&#8221; contou com \u00f3tima grava\u00e7\u00e3o e repert\u00f3rio selecionado. Atualmente, a [&hellip;]<\/p>\n","protected":false},"author":12,"featured_media":26326,"comment_status":"closed","ping_status":"open","sticky":false,"template":"","format":"standard","meta":{"footnotes":""},"categories":[4],"tags":[],"class_list":["post-34187","post","type-post","status-publish","format-standard","has-post-thumbnail","hentry","category-noticias"],"_links":{"self":[{"href":"https:\/\/heavymetalonline.com.br\/index.php?rest_route=\/wp\/v2\/posts\/34187","targetHints":{"allow":["GET"]}}],"collection":[{"href":"https:\/\/heavymetalonline.com.br\/index.php?rest_route=\/wp\/v2\/posts"}],"about":[{"href":"https:\/\/heavymetalonline.com.br\/index.php?rest_route=\/wp\/v2\/types\/post"}],"author":[{"embeddable":true,"href":"https:\/\/heavymetalonline.com.br\/index.php?rest_route=\/wp\/v2\/users\/12"}],"replies":[{"embeddable":true,"href":"https:\/\/heavymetalonline.com.br\/index.php?rest_route=%2Fwp%2Fv2%2Fcomments&post=34187"}],"version-history":[{"count":1,"href":"https:\/\/heavymetalonline.com.br\/index.php?rest_route=\/wp\/v2\/posts\/34187\/revisions"}],"predecessor-version":[{"id":34188,"href":"https:\/\/heavymetalonline.com.br\/index.php?rest_route=\/wp\/v2\/posts\/34187\/revisions\/34188"}],"wp:featuredmedia":[{"embeddable":true,"href":"https:\/\/heavymetalonline.com.br\/index.php?rest_route=\/wp\/v2\/media\/26326"}],"wp:attachment":[{"href":"https:\/\/heavymetalonline.com.br\/index.php?rest_route=%2Fwp%2Fv2%2Fmedia&parent=34187"}],"wp:term":[{"taxonomy":"category","embeddable":true,"href":"https:\/\/heavymetalonline.com.br\/index.php?rest_route=%2Fwp%2Fv2%2Fcategories&post=34187"},{"taxonomy":"post_tag","embeddable":true,"href":"https:\/\/heavymetalonline.com.br\/index.php?rest_route=%2Fwp%2Fv2%2Ftags&post=34187"}],"curies":[{"name":"wp","href":"https:\/\/api.w.org\/{rel}","templated":true}]}}