{"id":34237,"date":"2025-12-20T09:00:00","date_gmt":"2025-12-20T09:00:00","guid":{"rendered":"https:\/\/heavymetalonline.com.br\/?p=34237"},"modified":"2025-12-19T23:07:57","modified_gmt":"2025-12-19T23:07:57","slug":"il-volo-anuncia-nova-data-da-turne-live-in-concert-em-curitiba","status":"publish","type":"post","link":"https:\/\/heavymetalonline.com.br\/?p=34237","title":{"rendered":"Il Volo anuncia nova data da turn\u00ea Live In Concert em Curitiba"},"content":{"rendered":"\n<p id=\"viewer-1182m1789\">Sucesso absoluto com sua turn\u00ea <strong>LIVE IN CONCERT 2025<\/strong>, que teve ingressos esgotados em todas as apresenta\u00e7\u00f5es pelo Brasil, o trio italiano <strong>IL VOLO<\/strong> anuncia <strong>novas datas<\/strong> atendendo ao carinho e aos in\u00fameros pedidos de seus f\u00e3s.<\/p>\n\n\n\n<p id=\"viewer-89ghx485\">&nbsp;<\/p>\n\n\n\n<p id=\"viewer-qxke1487\">Emocionando&nbsp;multid\u00f5es ao redor do mundo com seu talento e carisma,<strong>&nbsp;Piero Barone, Ignazio Boschetto e Gianluca Ginoble<\/strong>, voltar\u00e3o a Curitiba para \u00fanico show dia 17 de mar\u00e7o de <strong>2026<\/strong>&nbsp;no <strong>Teatro Positivo<\/strong>. Em S\u00e3o Paulo, tr\u00eas shows j\u00e1 est\u00e3o \u00e0 venda, dias <strong>19, 20 e 21 de mar\u00e7o<\/strong>, na <strong>Vibra S\u00e3o Paulo.<\/strong><\/p>\n\n\n\n<p id=\"viewer-rlz52498\">&nbsp;<\/p>\n\n\n\n<p id=\"viewer-215w3500\"><em>A <\/em><strong><em>pr\u00e9-venda<\/em><\/strong><em>&nbsp;para a nova data da turn\u00ea <\/em><strong><em>LIVE IN CONCERT, dia 17 de Mar\u00e7o de 2026 em Curitiba no Teatro Positivo<\/em><\/strong><em>, inicia-se \u00e0s 12:00horas do dia <\/em><strong><em>18 de dezembro de 2025<\/em><\/strong><em>, para <\/em><strong><em>S\u00f3cios Ouro Clube Shows<\/em><\/strong><em>&nbsp;(<\/em><a target=\"_blank\" href=\"https:\/\/www.clubeshows.com.br\/\" rel=\"noreferrer noopener\"><em><u>https:\/\/www.clubeshows.com.br<\/u><\/em><\/a><em>) e para membros do <\/em><strong><em>F\u00e3 Clube Oficial Il Volo<\/em><\/strong><\/p>\n\n\n\n<p id=\"viewer-y137q513\"><em>(<\/em><a target=\"_blank\" href=\"https:\/\/fanclub.ilvolomusic.com\/\" rel=\"noreferrer noopener\"><em><u>https:\/\/fanclub.ilvolomusic.com<\/u><\/em><\/a><em>)<\/em><\/p>\n\n\n\n<p id=\"viewer-ynui6518\"><em>J\u00e1 a&nbsp;venda geral&nbsp;estar\u00e1 dispon\u00edvel a partir&nbsp;do dia <\/em><strong><em>19 de dezembro de 2025 <\/em><\/strong><em>\u00e0s 12:00horas , atrav\u00e9s do site da ticketeira oficial Disk Ingressos.<\/em><\/p>\n\n\n\n<p id=\"viewer-cnc1e522\"><em>&nbsp;<\/em><\/p>\n\n\n\n<p id=\"viewer-lbrct524\">Nessa extraordin\u00e1ria turn\u00ea, que vem conquistando plateias em todo o mundo, o trio reafirma sua posi\u00e7\u00e3o entre os grandes nomes da m\u00fasica internacional na atualidade. Acompanhado de grande orquestra, o trio apresentar\u00e1 sucessos da m\u00fasica internacional, que j\u00e1 fazem parte de seu repert\u00f3rio, al\u00e9m de algumas m\u00fasicas do novo \u00e1lbum \u201cAd Astra\u201d, seu mais recente projeto discogr\u00e1fico composto por can\u00e7\u00f5es originais.<\/p>\n\n\n\n<p id=\"viewer-b9tg2527\"><strong><u>SOBRE O IL&nbsp;VOLO<\/u><\/strong><\/p>\n\n\n\n<p id=\"viewer-2lf6z529\">A hist\u00f3ria do IL&nbsp;VOLO&nbsp;\u2013 contada pelo trio em dois livros (&#8220;Uma Aventura Extraordin\u00e1ria&#8221; e &#8220;Il&nbsp;Volo, o que carrego no cora\u00e7\u00e3o&#8221;) &#8211; come\u00e7ou em 2009, quando os tr\u00eas jovens artistas se apresentaram como participantes solo no show de talentos da RAI1, &#8220;Ti lascio una canzone&#8221;. Descoberto pelo empres\u00e1rio Michele Torpedine, que trabalhou com grandes nomes como Andrea Bocelli e Zucchero, o trio rapidamente enveredou por um caminho art\u00edstico internacional, tornando-se o primeiro artista italiano a assinar com a gravadora americana Geffen Records.<\/p>\n\n\n\n<p id=\"viewer-i508h531\">&nbsp;<\/p>\n\n\n\n<p id=\"viewer-bwrm0533\">Seu \u00e1lbum de estreia, &#8220;Il&nbsp;Volo&#8221; (2010), alcan\u00e7ou disco de platina e posi\u00e7\u00f5es de destaque na Billboard, impulsionando o trio para o cen\u00e1rio internacional com apari\u00e7\u00f5es em programas renomados como &#8220;The Tonight Show&#8221; e &#8220;American Idol&#8221;.&nbsp; Suas interpreta\u00e7\u00f5es os levaram a colabora\u00e7\u00f5es com estrelas como a hist\u00f3rica turn\u00ea de doze shows com Barbra Streisand em 2012, que antecedeu os duetos de grava\u00e7\u00e3o do segundo \u00e1lbum &#8220;We Are Love&#8221; (2012), com Pl\u00e1cido Domingo e Eros Ramazzotti.<\/p>\n\n\n\n<p id=\"viewer-1sjro535\">&nbsp;<\/p>\n\n\n\n<p id=\"viewer-m8tp4537\">Em 2015, IL&nbsp;VOLO&nbsp;consolidou sua fama ao vencer o Festival de Sanremo com &#8220;Grande Amore&#8221;, que se tornou um sucesso de vendas e audi\u00eancia, levando o grupo a representar a It\u00e1lia no Eurovision Song Contest. Paralelamente, lan\u00e7aram \u00e1lbuns como &#8220;L&#8217;amore si muove&#8221; e participaram de turn\u00eas esgotadas em arenas ic\u00f4nicas como Radio City Music Hall e Arena de Verona.<\/p>\n\n\n\n<p id=\"viewer-mhssj539\">&nbsp;<\/p>\n\n\n\n<p id=\"viewer-69biu541\">O tributo aos Tr\u00eas Tenores &#8211; Jos\u00e9 Carreras, Pl\u00e1cido Domingo e Luciano Pavarotti -,&nbsp;com o projeto &#8220;Notte Magica&#8221;, na Piazza Santa Croce de Floren\u00e7a,&nbsp;reafirmou sua excel\u00eancia art\u00edstica, combinando homenagens a grandes nomes da m\u00fasica cl\u00e1ssica com uma turn\u00ea mundial de sucesso. Em 2018, destacaram-se por apresenta\u00e7\u00f5es dedicadas a causas humanit\u00e1rias, como seu concerto para as for\u00e7as de paz no L\u00edbano e um especial de Natal transmitido pela RAI 1. Em 2019, o trio italiano se apresentou no Panam\u00e1 por ocasi\u00e3o da XXXIV Jornada Mundial da Juventude, diante do Papa Francisco e de mais de um milh\u00e3o de pessoas, em evento transmitido para todo o mundo.<\/p>\n\n\n\n<p id=\"viewer-74jd5543\">&nbsp;<\/p>\n\n\n\n<p id=\"viewer-as9nk545\">Ap\u00f3s uma d\u00e9cada de sucesso global, IL&nbsp;VOLO&nbsp;continuou inovando, dedicando-se em 2021 a homenagear o legado de Ennio Morricone com um show especial na Arena de Verona e o lan\u00e7amento do \u00e1lbum &#8220;Il&nbsp;Volo&nbsp;Sings Morricone&#8221;.&nbsp; Em 2022, o ano termina com &#8220;Il&nbsp;Volo&nbsp;&#8211; Natal em Jerusal\u00e9m&#8221; (projeto de Michele Torpedine), em que a voz inconfund\u00edvel do trio se juntou \u00e0 atmosfera da Terra Santa, que serviu de cen\u00e1rio para o emocionante concerto.<\/p>\n\n\n\n<p id=\"viewer-ouqfu547\">&nbsp;<\/p>\n\n\n\n<p id=\"viewer-wx3zs549\">Depois do sucesso de suas seis datas especiais no Teatro Arcimboldi de Mil\u00e3o e de sua turn\u00ea europeia por palcos de prest\u00edgio em 2023, o IL&nbsp;VOLO&nbsp;lan\u00e7ou um EP de Natal intitulado &#8220;4 Xmas&#8221;, contendo quatro m\u00fasicas, incluindo uma vers\u00e3o especial de &#8220;Happy Xmas&#8221;, &#8220;Amazing Grace&#8221;, &#8220;O Tannenbaum&#8221; e &#8220;Feliz Navidad&#8221;.<\/p>\n\n\n\n<p id=\"viewer-5oph1551\">&nbsp;<\/p>\n\n\n\n<p id=\"viewer-qsmud553\">Em 2024, nos 15 anos de carreira, o trio deu in\u00edcio a uma das mais bem sucedidas turn\u00eas mundiais, lotando arenas nas mais importantes capitais do mundo &#8211; \u201c<strong>Tutti Per Uno<\/strong>\u201d (um projeto de&nbsp;Michele Torpedine), quatro shows especiais na &nbsp;Arena di Verona transmitidos pelo&nbsp;Channel 5 com parcerias com os mais importantes artistas italianos da atualidade. A seguir, <strong>Tutti Per Uno &#8211; Capolavoro<\/strong>, foi uma turn\u00ea pelos locais mais marcantes da It\u00e1lia, incluindo a monumental Piazza San Marco, em Veneza. Em dezembro, participou como super convidado do evento especial de Andrea Bocelli em Los Angeles. E, na noite de v\u00e9spera de Natal, o Concerto de Natal gravado no Vale dos Templos de Agrigento foi transmitido em hor\u00e1rio nobre no Canal 5.<\/p>\n\n\n\n<p id=\"viewer-0enkr559\">&nbsp;<\/p>\n\n\n\n<p id=\"viewer-zwiiy561\">O \u00faltimo \u00e1lbum, \u201cAd Astra\u201d, foi lan\u00e7ado em 29 de mar\u00e7o de 2024 pela Epic Records\/Sony Music<strong>&nbsp;<\/strong>Italy. Em Maio de 2025, Il Volo retornou e em 29 de novembro de 2024, o Ad Astra (Edi\u00e7\u00e3o Internacional), a vers\u00e3o internacional enriquecida com cinco novas faixas, incluindo Capolavoro (vers\u00e3o em ingl\u00eas), m\u00fasica apresentada no Sanremo 2024 e certificada Disco de ouro. No dia 6 de dezembro foi lan\u00e7ado o novo single e v\u00eddeo \u201cTra le onde\u201d. No dia 08 de Dezembro de 2024, o Il Volo participa como convidado super especial de um evento do Tenor Andrea Bocelli em Los Angeles, cantando \u201cIl Gladiatore\u201d e&nbsp;\u201cO sole mio,\u201d juntamente com Bocelli. Um presente para o p\u00fablico.<\/p>\n\n\n\n<p id=\"viewer-d4ii0565\">&nbsp;<\/p>\n\n\n\n<p id=\"viewer-bp0bi567\">Em 2025, o Il Volo fez uma grande turn\u00ea pelas Arenas da It\u00e1lia \u201c<strong>Tutti Per Uno &#8211; Ad Astra Live Nei Palasport<\/strong>\u201d e em fevereiro, como convidados, se apresentam no 75\u00ba Festival de San Remo em parceria com a cantora Clara, cantando a m\u00fasica de Simon &amp; Garfunkel The Sound.<\/p>\n\n\n\n<p id=\"viewer-au7fo571\">Foi um ano muito importante para o Il Volo. Arenas lotadas, p\u00fablico crescente e diferentes projetos como \u201c<strong>Tutti Per Uno &#8211; Ad Astra Live Nei Palasport<\/strong>\u201d, <strong>&#8220;IL VOLO Live in Concert&#8221;<\/strong>. Um grande sucesso por todos os pa\u00edses que passaram, incluindo 7 shows lotados no Brasil em Outubro.<\/p>\n\n\n\n<p id=\"viewer-k6f601136\"><strong>Fonte:<\/strong> Poladian Produ\u00e7\u00f5es<\/p>\n","protected":false},"excerpt":{"rendered":"<p>Sucesso absoluto com sua turn\u00ea LIVE IN CONCERT 2025, que teve ingressos esgotados em todas as apresenta\u00e7\u00f5es pelo Brasil, o trio italiano IL VOLO anuncia novas datas atendendo ao carinho e aos in\u00fameros pedidos de seus f\u00e3s. &nbsp; Emocionando&nbsp;multid\u00f5es ao redor do mundo com seu talento e carisma,&nbsp;Piero Barone, Ignazio Boschetto e Gianluca Ginoble, voltar\u00e3o [&hellip;]<\/p>\n","protected":false},"author":12,"featured_media":34238,"comment_status":"closed","ping_status":"open","sticky":false,"template":"","format":"standard","meta":{"footnotes":""},"categories":[4],"tags":[],"class_list":["post-34237","post","type-post","status-publish","format-standard","has-post-thumbnail","hentry","category-noticias"],"_links":{"self":[{"href":"https:\/\/heavymetalonline.com.br\/index.php?rest_route=\/wp\/v2\/posts\/34237","targetHints":{"allow":["GET"]}}],"collection":[{"href":"https:\/\/heavymetalonline.com.br\/index.php?rest_route=\/wp\/v2\/posts"}],"about":[{"href":"https:\/\/heavymetalonline.com.br\/index.php?rest_route=\/wp\/v2\/types\/post"}],"author":[{"embeddable":true,"href":"https:\/\/heavymetalonline.com.br\/index.php?rest_route=\/wp\/v2\/users\/12"}],"replies":[{"embeddable":true,"href":"https:\/\/heavymetalonline.com.br\/index.php?rest_route=%2Fwp%2Fv2%2Fcomments&post=34237"}],"version-history":[{"count":1,"href":"https:\/\/heavymetalonline.com.br\/index.php?rest_route=\/wp\/v2\/posts\/34237\/revisions"}],"predecessor-version":[{"id":34239,"href":"https:\/\/heavymetalonline.com.br\/index.php?rest_route=\/wp\/v2\/posts\/34237\/revisions\/34239"}],"wp:featuredmedia":[{"embeddable":true,"href":"https:\/\/heavymetalonline.com.br\/index.php?rest_route=\/wp\/v2\/media\/34238"}],"wp:attachment":[{"href":"https:\/\/heavymetalonline.com.br\/index.php?rest_route=%2Fwp%2Fv2%2Fmedia&parent=34237"}],"wp:term":[{"taxonomy":"category","embeddable":true,"href":"https:\/\/heavymetalonline.com.br\/index.php?rest_route=%2Fwp%2Fv2%2Fcategories&post=34237"},{"taxonomy":"post_tag","embeddable":true,"href":"https:\/\/heavymetalonline.com.br\/index.php?rest_route=%2Fwp%2Fv2%2Ftags&post=34237"}],"curies":[{"name":"wp","href":"https:\/\/api.w.org\/{rel}","templated":true}]}}