{"id":34328,"date":"2025-12-25T11:30:00","date_gmt":"2025-12-25T11:30:00","guid":{"rendered":"https:\/\/heavymetalonline.com.br\/?p=34328"},"modified":"2025-12-25T04:16:20","modified_gmt":"2025-12-25T04:16:20","slug":"cronica-ativa-chega-ao-cinema-com-novo-single-em-trilha-sonora-de-filme-de-terror-brasileiro-independente","status":"publish","type":"post","link":"https:\/\/heavymetalonline.com.br\/?p=34328","title":{"rendered":"Cr\u00f4nica Ativa chega ao cinema com novo single em trilha sonora de filme de terror brasileiro independente"},"content":{"rendered":"\n<p id=\"viewer-huvaz9253\">A <strong>Cr\u00f4nica Ativa<\/strong>, banda paulista de Metal Moderno, lan\u00e7ou o single <em>&#8220;Colateral&#8221;<\/em>, acompanhado de um videoclipe com est\u00e9tica cinematogr\u00e1fica que aprofunda a reflex\u00e3o sobre os efeitos emocionais e psicol\u00f3gicos do perfeccionismo. A faixa tamb\u00e9m integra a trilha sonora de <em>&#8220;A \u00daltima Pe\u00e7a&#8221;<\/em>, novo filme de <strong>Raphael Carlos<\/strong> e <strong>Jeziel Bueno<\/strong>, os mesmos criadores de <em>&#8220;Prazer, Bruno&#8221;<\/em> e <em>&#8220;Quantas Vezes Maria&#8221;<\/em>, colocando o trabalho da banda em um novo n\u00edvel de alcance e reconhecimento.<\/p>\n\n\n\n<p id=\"viewer-96utt4131\">No centro do lan\u00e7amento est\u00e1 a mensagem da m\u00fasica, que mergulha nos danos colaterais causados pela autocobran\u00e7a excessiva. O vocalista <strong>Ronald Esteferson<\/strong> explica que <em>&#8220;Colateral&#8221;<\/em> retrata o peso de quem tende a ser perfeccionista e vive com a sensa\u00e7\u00e3o de nunca ser bom o bastante, mesmo quando se dedica de forma obstinada. Para ele, a faixa traduz a dor de ser imperfeito. O guitarrista <strong>Marcos Oliveira<\/strong> refor\u00e7a que a letra dialoga com uma press\u00e3o refor\u00e7ada pela sociedade e pelo capitalismo, onde errar n\u00e3o \u00e9 permitido e onde a busca constante por desempenho pode se tornar um fardo emocional. Segundo ele, o ponto central da m\u00fasica \u00e9 mostrar que somente a pr\u00f3pria voz pode aliviar esse peso e guiar o indiv\u00edduo de forma aut\u00eantica, longe das apar\u00eancias.<\/p>\n\n\n\n<p id=\"viewer-11rvx4139\">A densidade dessa tem\u00e1tica se conecta de forma natural com o filme <em>&#8220;A \u00daltima Pe\u00e7a&#8221;<\/em>, em que estudantes de cinema s\u00e3o perseguidos por um serial killer que recria cenas cl\u00e1ssicas de terror. Assim como os personagens do longa enfrentam amea\u00e7as externas, a m\u00fasica da <strong>Cr\u00f4nica Ativa<\/strong> explora amea\u00e7as internas como medos, inseguran\u00e7as e a sensa\u00e7\u00e3o iminente de falhar, criando uma liga\u00e7\u00e3o emocional entre obra musical e narrativa cinematogr\u00e1fica. O videoclipe acompanha essa est\u00e9tica introspectiva e dram\u00e1tica, traduzindo visualmente o conflito interno abordado na letra.<\/p>\n\n\n\n<p id=\"viewer-0of464145\">Se inscreva no canal da banda no YouTube e confira o videoclipe de <em>&#8220;Colateral&#8221;<\/em> a seguir:<\/p>\n\n\n\n<figure class=\"wp-block-embed is-type-video is-provider-youtube wp-block-embed-youtube wp-embed-aspect-16-9 wp-has-aspect-ratio\"><div class=\"wp-block-embed__wrapper\">\n<iframe loading=\"lazy\" title=\"Cro\u0302nica Ativa - Colateral\" width=\"640\" height=\"360\" src=\"https:\/\/www.youtube.com\/embed\/d4Eko_EVNIY?feature=oembed\" frameborder=\"0\" allow=\"accelerometer; autoplay; clipboard-write; encrypted-media; gyroscope; picture-in-picture; web-share\" referrerpolicy=\"strict-origin-when-cross-origin\" allowfullscreen><\/iframe>\n<\/div><\/figure>\n\n\n\n<p>Ou\u00e7a <em>&#8220;Colateral&#8221;<\/em> em todas as plataformas de streaming ou pelo link abaixo:<\/p>\n\n\n\n<figure class=\"wp-block-embed is-type-rich is-provider-spotify wp-block-embed-spotify wp-embed-aspect-21-9 wp-has-aspect-ratio\"><div class=\"wp-block-embed__wrapper\">\n<iframe title=\"Spotify Embed: Colateral\" style=\"border-radius: 12px\" width=\"100%\" height=\"152\" frameborder=\"0\" allowfullscreen allow=\"autoplay; clipboard-write; encrypted-media; fullscreen; picture-in-picture\" loading=\"lazy\" src=\"https:\/\/open.spotify.com\/embed\/track\/17ozovg6CWsFBdwvbNXgVA?si=2864b48a290c418e&amp;utm_source=oembed\"><\/iframe>\n<\/div><\/figure>\n\n\n\n<p id=\"viewer-7004h4157\">A dire\u00e7\u00e3o do videoclipe de <em>&#8220;Colateral&#8221;<\/em> \u00e9 de <strong>Raphael Carlos<\/strong>, com edi\u00e7\u00e3o de <strong>Marcos Oliveira<\/strong> e fotografia de <strong>Miguel \u00c2ngelo<\/strong>, em uma produ\u00e7\u00e3o da pr\u00f3pria banda, com suporte de <strong>Jeziel Bueno<\/strong>, <strong>Thereza Beatriz<\/strong> e <strong>Maria Veloso<\/strong>. O single tem produ\u00e7\u00e3o e mixagem de <strong>Ralf Zeq<\/strong>, que assina tamb\u00e9m os arranjos ao lado da banda. A arte da capa \u00e9 de <strong>Marcos Oliveira<\/strong>.<\/p>\n\n\n\n<p id=\"viewer-w80vc4177\">Contando em sua forma\u00e7\u00e3o atual com <strong>Ronald Esteferson<\/strong> nos vocais, <strong>Marcos Oliveira<\/strong> e <strong>Allan Souza<\/strong> nas guitarras, <strong>Sandro Sanders<\/strong> no baixo e <strong>J\u00falio Cesar<\/strong> na bateria, a <strong>Cr\u00f4nica Ativa<\/strong> \u00e9 uma banda origin\u00e1ria de S\u00e3o Jos\u00e9 dos Campos-SP, cuja trajet\u00f3ria foi constru\u00edda sobre os pilares da resili\u00eancia e da constante reinven\u00e7\u00e3o. Desde a sua funda\u00e7\u00e3o, em 2011, como um quarteto dedicado a covers de hardcore e new metal, e sua consolida\u00e7\u00e3o como uma banda autoral em 2015, a <strong>Cr\u00f4nica Ativa<\/strong> vem amadurecendo, consolidando-se como uma banda autoral com forte presen\u00e7a na cena independente.<\/p>\n\n\n\n<p id=\"viewer-n03534193\">A trajet\u00f3ria da banda \u00e9 marcada por desafios significativos, incluindo diversas mudan\u00e7as de forma\u00e7\u00e3o e o tr\u00e1gico impacto da pandemia de COVID-19, que culminou na perda de seu baixista, <strong>Diego Ara\u00fajo<\/strong>. A capacidade do grupo de transformar essas adversidades em sua express\u00e3o art\u00edstica, como evidenciado no \u00e1lbum <em>&#8220;Alvorecer&#8221;<\/em> e no videoclipe premiado de <em>&#8220;Submersa&#8221;<\/em>, consolidou sua identidade e garantiu seu reconhecimento dentro da cena.<\/p>\n\n\n\n<p id=\"viewer-nyqmt4201\">Com uma discografia coesa e presen\u00e7a constante em eventos culturais de sua cidade, a <strong>Cr\u00f4nica Ativa<\/strong> se afirma como um exemplo not\u00e1vel de persist\u00eancia, sensibilidade e for\u00e7a criativa. Cada desafio enfrentado ao longo de sua trajet\u00f3ria contribuiu para moldar sua identidade, conferindo-lhe prop\u00f3sito, maturidade e profundidade art\u00edstica. Assim, pode-se dizer que a <strong>Cr\u00f4nica Ativa<\/strong> n\u00e3o \u00e9 apenas mais uma banda de metal e sim, uma <em>&#8220;cr\u00f4nica ativa&#8221;<\/em> de sua pr\u00f3pria hist\u00f3ria e uma prova de que a arte pode florescer mesmo nas circunst\u00e2ncias mais dif\u00edceis.<\/p>\n\n\n\n<p id=\"viewer-nkcue4209\">Os lan\u00e7amentos da banda em 2025, <em>&#8220;AQUI&#8221;<\/em>, <em>&#8220;Incendiar&#8221;<\/em> e <em>&#8220;Colateral&#8221;<\/em>, far\u00e3o parte do novo \u00e1lbum da banda, com previs\u00e3o de lan\u00e7amento para o primeiro semestre de 2026.<\/p>\n\n\n\n<p id=\"viewer-wx0ta4217\">Saiba mais sobre a <strong>Cr\u00f4nica Ativa<\/strong>, suas novidades, lan\u00e7amentos e agenda de shows em <a target=\"_blank\" href=\"https:\/\/www.instagram.com\/cronicaativa\/\" rel=\"noreferrer noopener\"><u>@cronicaativa<\/u><\/a> no Instagram, ou por meio de sua Assessoria de Imprensa, <strong>Hell Yeah Music Company<\/strong>.<\/p>\n\n\n\n<p id=\"viewer-nb5qs5890\"><strong>Fonte: <\/strong>Hell Yeah Music Company<\/p>\n","protected":false},"excerpt":{"rendered":"<p>A Cr\u00f4nica Ativa, banda paulista de Metal Moderno, lan\u00e7ou o single &#8220;Colateral&#8221;, acompanhado de um videoclipe com est\u00e9tica cinematogr\u00e1fica que aprofunda a reflex\u00e3o sobre os efeitos emocionais e psicol\u00f3gicos do perfeccionismo. A faixa tamb\u00e9m integra a trilha sonora de &#8220;A \u00daltima Pe\u00e7a&#8221;, novo filme de Raphael Carlos e Jeziel Bueno, os mesmos criadores de &#8220;Prazer, [&hellip;]<\/p>\n","protected":false},"author":12,"featured_media":34329,"comment_status":"closed","ping_status":"open","sticky":false,"template":"","format":"standard","meta":{"footnotes":""},"categories":[4],"tags":[],"class_list":["post-34328","post","type-post","status-publish","format-standard","has-post-thumbnail","hentry","category-noticias"],"_links":{"self":[{"href":"https:\/\/heavymetalonline.com.br\/index.php?rest_route=\/wp\/v2\/posts\/34328","targetHints":{"allow":["GET"]}}],"collection":[{"href":"https:\/\/heavymetalonline.com.br\/index.php?rest_route=\/wp\/v2\/posts"}],"about":[{"href":"https:\/\/heavymetalonline.com.br\/index.php?rest_route=\/wp\/v2\/types\/post"}],"author":[{"embeddable":true,"href":"https:\/\/heavymetalonline.com.br\/index.php?rest_route=\/wp\/v2\/users\/12"}],"replies":[{"embeddable":true,"href":"https:\/\/heavymetalonline.com.br\/index.php?rest_route=%2Fwp%2Fv2%2Fcomments&post=34328"}],"version-history":[{"count":1,"href":"https:\/\/heavymetalonline.com.br\/index.php?rest_route=\/wp\/v2\/posts\/34328\/revisions"}],"predecessor-version":[{"id":34330,"href":"https:\/\/heavymetalonline.com.br\/index.php?rest_route=\/wp\/v2\/posts\/34328\/revisions\/34330"}],"wp:featuredmedia":[{"embeddable":true,"href":"https:\/\/heavymetalonline.com.br\/index.php?rest_route=\/wp\/v2\/media\/34329"}],"wp:attachment":[{"href":"https:\/\/heavymetalonline.com.br\/index.php?rest_route=%2Fwp%2Fv2%2Fmedia&parent=34328"}],"wp:term":[{"taxonomy":"category","embeddable":true,"href":"https:\/\/heavymetalonline.com.br\/index.php?rest_route=%2Fwp%2Fv2%2Fcategories&post=34328"},{"taxonomy":"post_tag","embeddable":true,"href":"https:\/\/heavymetalonline.com.br\/index.php?rest_route=%2Fwp%2Fv2%2Ftags&post=34328"}],"curies":[{"name":"wp","href":"https:\/\/api.w.org\/{rel}","templated":true}]}}