{"id":34406,"date":"2025-12-29T10:30:00","date_gmt":"2025-12-29T10:30:00","guid":{"rendered":"https:\/\/heavymetalonline.com.br\/?p=34406"},"modified":"2025-12-28T16:10:41","modified_gmt":"2025-12-28T16:10:41","slug":"subrock-lanca-o-potente-singlemeritocracia-en-espanol","status":"publish","type":"post","link":"https:\/\/heavymetalonline.com.br\/?p=34406","title":{"rendered":"SubRock lan\u00e7a o potente single:&#8221;Meritocracia En Espa\u00f1ol&#8221;"},"content":{"rendered":"\n<p id=\"viewer-f5ve73354\">A banda <strong>SubRock <\/strong>refor\u00e7a sua conex\u00e3o com o p\u00fablico latino-americano com o lan\u00e7amento do novo single, <strong>&#8220;Meritocracia En Espa\u00f1ol&#8221;<\/strong>. A faixa mant\u00e9m a tradi\u00e7\u00e3o do grupo de criar vers\u00f5es em espanhol de seu repert\u00f3rio, uma estrat\u00e9gia fundamental para expandir sua atua\u00e7\u00e3o e alcance no mercado musical da Am\u00e9rica Latina.<\/p>\n\n\n\n<p id=\"viewer-pm46v164\">A can\u00e7\u00e3o narra uma hist\u00f3ria poderosa de contraste social. Ela acompanha um jovem da periferia de um pa\u00eds latino-americano que, a caminho do trabalho em um \u00f4nibus, observa pela janela um jovem privilegiado (&#8216;boy&#8217;) indo estudar em um carro importado. Essa cena serve como ponto de partida para uma profunda reflex\u00e3o sobre o conceito de meritocracia e as desigualdades sociais.<\/p>\n\n\n\n<p id=\"viewer-zk8yx174\"><strong>&#8220;Meritocracia En Espa\u00f1ol&#8221;<\/strong> foi gravada no <strong>Conspira\u00e7\u00e3o Records<\/strong>, com produ\u00e7\u00e3o a cargo de <strong>Lau Andrade<\/strong>. Este lan\u00e7amento \u00e9 o primeiro single em espanhol que a SubRock planeja apresentar at\u00e9 o final do ano. Essas faixas servir\u00e3o como aquecimento para o aguardado novo EP da banda, com repert\u00f3rio em portugu\u00eas, que ser\u00e1 lan\u00e7ado no in\u00edcio de 2026.<\/p>\n\n\n\n<p id=\"viewer-y1bfm184\"><strong>Ou\u00e7a Meritocracia En Espa\u00f1ol:<\/strong><\/p>\n\n\n\n<figure class=\"wp-block-embed is-type-rich is-provider-spotify wp-block-embed-spotify wp-embed-aspect-21-9 wp-has-aspect-ratio\"><div class=\"wp-block-embed__wrapper\">\n<iframe title=\"Spotify Embed: Meritocracia en espa\u00f1ol\" style=\"border-radius: 12px\" width=\"100%\" height=\"152\" frameborder=\"0\" allowfullscreen allow=\"autoplay; clipboard-write; encrypted-media; fullscreen; picture-in-picture\" loading=\"lazy\" src=\"https:\/\/open.spotify.com\/embed\/track\/0UWVfFHFiOZQ4lnpspeQRj?si=35e80524a9a04767&amp;utm_source=oembed\"><\/iframe>\n<\/div><\/figure>\n\n\n\n<p id=\"viewer-8sdff261\"><strong>SubRock<\/strong><\/p>\n\n\n\n<p id=\"viewer-961cw263\">Nascida em 2019, a banda SubRock surgiu da uni\u00e3o de m\u00fasicos experientes (Gil Freitas, Mauricio Fran\u00e7a, Rita Mendes, Vinicius Pimentel e Diego Lutero) dedicados desde o princ\u00edpio \u00e0 cria\u00e7\u00e3o de material autoral. Em pouco tempo, o grupo solidificou sua sonoridade, gravando 4 EPs e 2 \u00c1lbuns Ao Vivo, que juntos alcan\u00e7aram a expressiva marca de mais de 250.000 streams apenas no Spotify.<\/p>\n\n\n\n<p id=\"viewer-itorq273\">Consolidando sua trajet\u00f3ria, em 2023, a SubRock demonstrou sua versatilidade ao lan\u00e7ar o EP Latino Americanos, com todas as composi\u00e7\u00f5es cantadas em espanhol, visando o mercado hisp\u00e2nico. O trabalho e a qualidade da banda garantiram que suas m\u00fasicas entrassem em rota\u00e7\u00e3o em diversas webs r\u00e1dios e r\u00e1dios tradicionais do pa\u00eds, culminando nas prestigiadas r\u00e1dios de rock de S\u00e3o Paulo: Kiss FM e 89 FM.<\/p>\n\n\n\n<p id=\"viewer-v3183283\">Apesar de algumas altera\u00e7\u00f5es na forma\u00e7\u00e3o ao longo dos anos, a SubRock permanece firme e atualmente \u00e9 composta por Gil, Diego, Droyd e Casado. Em 2025, a banda acaba de lan\u00e7ar seu 4o EP de in\u00e9ditas, intitulado &#8220;Desevolu\u00e7\u00e3o&#8221;, com quatro novas faixas. O grupo est\u00e1 em plena turn\u00ea de divulga\u00e7\u00e3o deste novo trabalho.<\/p>\n\n\n\n<p id=\"viewer-7sn7l291\"><strong>Forma\u00e7\u00e3o<\/strong><\/p>\n\n\n\n<p id=\"viewer-cesh2293\">Gil Freitas \u2013 Vocal<\/p>\n\n\n\n<p id=\"viewer-fjnbg295\">Droyd &#8211; Baixo<\/p>\n\n\n\n<p id=\"viewer-zhu7f297\">Casado \u2013 Guitarra<\/p>\n\n\n\n<p id=\"viewer-p9c5b299\">Diego Lutero \u2013 Bateria<\/p>\n\n\n\n<p id=\"viewer-xikto414\"><strong>Contatos e redes sociais<\/strong><\/p>\n\n\n\n<p><a href=\"https:\/\/www.instagram.com\/subrock_oficial\">https:\/\/www.instagram.com\/subrock_oficial<\/a><\/p>\n\n\n\n<p><a href=\"https:\/\/www.facebook.com\/bandasubrockoficial\">https:\/\/www.facebook.com\/bandasubrockoficial<\/a><\/p>\n\n\n\n<p><a href=\"https:\/\/www.youtube.com\/c\/SubRockOficial\">https:\/\/www.youtube.com\/c\/SubRockOficial<\/a><\/p>\n\n\n\n<p id=\"viewer-s98l12261\"><strong>Fonte: <\/strong>SE Assessoria<\/p>\n","protected":false},"excerpt":{"rendered":"<p>A banda SubRock refor\u00e7a sua conex\u00e3o com o p\u00fablico latino-americano com o lan\u00e7amento do novo single, &#8220;Meritocracia En Espa\u00f1ol&#8221;. A faixa mant\u00e9m a tradi\u00e7\u00e3o do grupo de criar vers\u00f5es em espanhol de seu repert\u00f3rio, uma estrat\u00e9gia fundamental para expandir sua atua\u00e7\u00e3o e alcance no mercado musical da Am\u00e9rica Latina. A can\u00e7\u00e3o narra uma hist\u00f3ria poderosa [&hellip;]<\/p>\n","protected":false},"author":12,"featured_media":34407,"comment_status":"closed","ping_status":"open","sticky":false,"template":"","format":"standard","meta":{"footnotes":""},"categories":[4],"tags":[],"class_list":["post-34406","post","type-post","status-publish","format-standard","has-post-thumbnail","hentry","category-noticias"],"_links":{"self":[{"href":"https:\/\/heavymetalonline.com.br\/index.php?rest_route=\/wp\/v2\/posts\/34406","targetHints":{"allow":["GET"]}}],"collection":[{"href":"https:\/\/heavymetalonline.com.br\/index.php?rest_route=\/wp\/v2\/posts"}],"about":[{"href":"https:\/\/heavymetalonline.com.br\/index.php?rest_route=\/wp\/v2\/types\/post"}],"author":[{"embeddable":true,"href":"https:\/\/heavymetalonline.com.br\/index.php?rest_route=\/wp\/v2\/users\/12"}],"replies":[{"embeddable":true,"href":"https:\/\/heavymetalonline.com.br\/index.php?rest_route=%2Fwp%2Fv2%2Fcomments&post=34406"}],"version-history":[{"count":1,"href":"https:\/\/heavymetalonline.com.br\/index.php?rest_route=\/wp\/v2\/posts\/34406\/revisions"}],"predecessor-version":[{"id":34408,"href":"https:\/\/heavymetalonline.com.br\/index.php?rest_route=\/wp\/v2\/posts\/34406\/revisions\/34408"}],"wp:featuredmedia":[{"embeddable":true,"href":"https:\/\/heavymetalonline.com.br\/index.php?rest_route=\/wp\/v2\/media\/34407"}],"wp:attachment":[{"href":"https:\/\/heavymetalonline.com.br\/index.php?rest_route=%2Fwp%2Fv2%2Fmedia&parent=34406"}],"wp:term":[{"taxonomy":"category","embeddable":true,"href":"https:\/\/heavymetalonline.com.br\/index.php?rest_route=%2Fwp%2Fv2%2Fcategories&post=34406"},{"taxonomy":"post_tag","embeddable":true,"href":"https:\/\/heavymetalonline.com.br\/index.php?rest_route=%2Fwp%2Fv2%2Ftags&post=34406"}],"curies":[{"name":"wp","href":"https:\/\/api.w.org\/{rel}","templated":true}]}}