{"id":34409,"date":"2025-12-29T11:00:00","date_gmt":"2025-12-29T11:00:00","guid":{"rendered":"https:\/\/heavymetalonline.com.br\/?p=34409"},"modified":"2025-12-28T16:21:02","modified_gmt":"2025-12-28T16:21:02","slug":"ssista-ao-novo-videoclipe-de-supla-jovem-brasileiro","status":"publish","type":"post","link":"https:\/\/heavymetalonline.com.br\/?p=34409","title":{"rendered":"Assista ao novo videoclipe de Supla, \u201cJovem Brasileiro\u201d"},"content":{"rendered":"\n<p id=\"viewer-961cw263\">O<strong> Supla<\/strong> lan\u00e7ou na sexta-feira (26) o videoclipe da faixa <strong>\u201cJovem Brasileiro\u201d<\/strong>, presente no \u00e1lbum <strong>\u201cNada Foi em V\u00e3o\u201d<\/strong>, que marca o 20\u00ba trabalho de est\u00fadio do artista em uma trajet\u00f3ria de 40 anos na m\u00fasica.<\/p>\n\n\n\n<p id=\"viewer-961cw263\"><strong>\u201cJovem Brasileiro\u201d <\/strong>\u00e9 definida por Supla como <em>\u201cuma balada de peso que cutuca uma ferida\u201d<\/em>. Ele conta que a can\u00e7\u00e3o foi criada numa \u2018jam session\u2019 com Os Punks de Boutique e a letra foi composta por ele, Teodoro Suplicy e Henrique Cabreira\u201d. <em>\u201cA m\u00fasica \u00e9 inspirada nos jovens brasileiros que, frente \u00e0 a desigualdade, buscam um futuro e algo para acreditar nessa vida\u201d<\/em>, afirma Supla. <em>\u201cTodos n\u00f3s queremos andar pelas pr\u00f3prias pernas\u201d<\/em>, completa o m\u00fasico.<\/p>\n\n\n\n<figure class=\"wp-block-embed is-type-video is-provider-youtube wp-block-embed-youtube wp-embed-aspect-16-9 wp-has-aspect-ratio\"><div class=\"wp-block-embed__wrapper\">\n<iframe loading=\"lazy\" title=\"Supla - Jovem Brasileiro (Clipe Oficial)\" width=\"640\" height=\"360\" src=\"https:\/\/www.youtube.com\/embed\/xoMYNX4ze4c?feature=oembed\" frameborder=\"0\" allow=\"accelerometer; autoplay; clipboard-write; encrypted-media; gyroscope; picture-in-picture; web-share\" referrerpolicy=\"strict-origin-when-cross-origin\" allowfullscreen><\/iframe>\n<\/div><\/figure>\n\n\n\n<p id=\"viewer-cte2s3818\">Com dire\u00e7\u00e3o de Victoria Brito e edi\u00e7\u00e3o de Gustavo Ara\u00fajo, \u201cJovem Brasileiro\u201d integra a s\u00e9rie de registros audiovisuais que acompanham o \u00e1lbum \u201cNada Foi em V\u00e3o\u201d. Das 15 faixas presentes no disco, \u201cJovem Brasileiro\u201d \u00e9 a 11\u00ba a ganhar videoclipe.<\/p>\n\n\n\n<p id=\"viewer-vmbie3824\"><strong><em>Ou\u00e7a \u201cNada Foi em V\u00e3o\u201d na \u00edntegra:<\/em><\/strong><\/p>\n\n\n\n<figure class=\"wp-block-embed is-type-rich is-provider-spotify wp-block-embed-spotify wp-embed-aspect-21-9 wp-has-aspect-ratio\"><div class=\"wp-block-embed__wrapper\">\n<iframe title=\"Spotify Embed: Nada Foi em V\u00e3o\" style=\"border-radius: 12px\" width=\"100%\" height=\"352\" frameborder=\"0\" allowfullscreen allow=\"autoplay; clipboard-write; encrypted-media; fullscreen; picture-in-picture\" loading=\"lazy\" src=\"https:\/\/open.spotify.com\/embed\/album\/0tFj3DD5NdoUfp5Y4T2d8A?si=jyJHzPDsSyeU9Typ0ajNJw&amp;utm_source=oembed\"><\/iframe>\n<\/div><\/figure>\n\n\n\n<p id=\"viewer-i1p3g4060\">O \u00e1lbum <strong>\u201cNada Foi em V\u00e3o<\/strong>\u201d foi lan\u00e7ado em 2025 com 15 faixas e, o disco foi disponibilizado recentemente em vinil cor-de-rosa.<\/p>\n\n\n\n<p id=\"viewer-e94s54734\"><strong>Fonte:<\/strong>&nbsp;Farol Music<\/p>\n","protected":false},"excerpt":{"rendered":"<p>O Supla lan\u00e7ou na sexta-feira (26) o videoclipe da faixa \u201cJovem Brasileiro\u201d, presente no \u00e1lbum \u201cNada Foi em V\u00e3o\u201d, que marca o 20\u00ba trabalho de est\u00fadio do artista em uma trajet\u00f3ria de 40 anos na m\u00fasica. \u201cJovem Brasileiro\u201d \u00e9 definida por Supla como \u201cuma balada de peso que cutuca uma ferida\u201d. Ele conta que a [&hellip;]<\/p>\n","protected":false},"author":12,"featured_media":34410,"comment_status":"closed","ping_status":"open","sticky":false,"template":"","format":"standard","meta":{"footnotes":""},"categories":[4],"tags":[],"class_list":["post-34409","post","type-post","status-publish","format-standard","has-post-thumbnail","hentry","category-noticias"],"_links":{"self":[{"href":"https:\/\/heavymetalonline.com.br\/index.php?rest_route=\/wp\/v2\/posts\/34409","targetHints":{"allow":["GET"]}}],"collection":[{"href":"https:\/\/heavymetalonline.com.br\/index.php?rest_route=\/wp\/v2\/posts"}],"about":[{"href":"https:\/\/heavymetalonline.com.br\/index.php?rest_route=\/wp\/v2\/types\/post"}],"author":[{"embeddable":true,"href":"https:\/\/heavymetalonline.com.br\/index.php?rest_route=\/wp\/v2\/users\/12"}],"replies":[{"embeddable":true,"href":"https:\/\/heavymetalonline.com.br\/index.php?rest_route=%2Fwp%2Fv2%2Fcomments&post=34409"}],"version-history":[{"count":2,"href":"https:\/\/heavymetalonline.com.br\/index.php?rest_route=\/wp\/v2\/posts\/34409\/revisions"}],"predecessor-version":[{"id":34412,"href":"https:\/\/heavymetalonline.com.br\/index.php?rest_route=\/wp\/v2\/posts\/34409\/revisions\/34412"}],"wp:featuredmedia":[{"embeddable":true,"href":"https:\/\/heavymetalonline.com.br\/index.php?rest_route=\/wp\/v2\/media\/34410"}],"wp:attachment":[{"href":"https:\/\/heavymetalonline.com.br\/index.php?rest_route=%2Fwp%2Fv2%2Fmedia&parent=34409"}],"wp:term":[{"taxonomy":"category","embeddable":true,"href":"https:\/\/heavymetalonline.com.br\/index.php?rest_route=%2Fwp%2Fv2%2Fcategories&post=34409"},{"taxonomy":"post_tag","embeddable":true,"href":"https:\/\/heavymetalonline.com.br\/index.php?rest_route=%2Fwp%2Fv2%2Ftags&post=34409"}],"curies":[{"name":"wp","href":"https:\/\/api.w.org\/{rel}","templated":true}]}}