{"id":34454,"date":"2025-12-30T10:30:00","date_gmt":"2025-12-30T10:30:00","guid":{"rendered":"https:\/\/heavymetalonline.com.br\/?p=34454"},"modified":"2025-12-30T01:40:20","modified_gmt":"2025-12-30T01:40:20","slug":"vanir-lancara-novo-album-wyrd-em-abril","status":"publish","type":"post","link":"https:\/\/heavymetalonline.com.br\/?p=34454","title":{"rendered":"VANIR lan\u00e7ar\u00e1 novo \u00e1lbum &#8220;Wyrd&#8221; em abril"},"content":{"rendered":"\n<pre id=\"viewer-af6ni2646\" class=\"wp-block-preformatted\">Photo by:&nbsp;Elmquist Foto<\/pre>\n\n\n\n<p id=\"viewer-vg1qy4497\">Espadas, capacetes e escudos ecoam ao longe mais uma vez, com o retorno dos guerreiros dinamarqueses do<strong> VANIR <\/strong>e seu novo \u00e1lbum, <strong>\u201cWyrd\u201d<\/strong>. O disco gira em torno do tema atemporal do destino \u2013 tecido pela guerra, pelas escolhas da humanidade e pelas consequ\u00eancias que moldaram nosso mundo. Como um espelho de nossa \u00e9poca, onde as decis\u00f5es carregam o peso dos destinos futuros, \u201cWyrd\u201d convida o ouvinte a mergulhar em hist\u00f3rias de queda e triunfo, de vidas perdidas e vit\u00f3rias conquistadas.<\/p>\n\n\n\n<p id=\"viewer-me9gj1201\">O n\u00facleo visual do \u00e1lbum ganha vida pelas m\u00e3os do artista David Troest, cuja capa impactante retrata o Hussardo Alado, uma das m\u00e1quinas de guerra mais tem\u00edveis da hist\u00f3ria. A cena \u00e9 a lend\u00e1ria Batalha de Viena, em 1683, onde a cavalaria polonesa for\u00e7ou o Imp\u00e9rio Otomano a recuar, interrompendo sua expans\u00e3o pela Europa. Esse choque de civiliza\u00e7\u00f5es serve de pano de fundo para a can\u00e7\u00e3o \u201cNever Surrender\u201d, contada pela perspectiva daqueles que defenderam Viena da invas\u00e3o.<\/p>\n\n\n\n<p id=\"viewer-v3jzo1204\">Mas <strong>\u201cWyrd\u201d<\/strong> \u00e9 mais do que apenas um \u00e1lbum hist\u00f3rico. \u00c9 uma jornada musical pela luta da humanidade contra o poder, o destino e os conflitos eternos pela sobreviv\u00eancia e pelo dom\u00ednio. Vanir combina death metal mel\u00f3dico com narrativa \u00e9pica, lembrando-nos de que a hist\u00f3ria sempre se repete e que as escolhas que fazemos hoje carregam as sementes das batalhas de amanh\u00e3.<\/p>\n\n\n\n<p id=\"viewer-c53ve1207\">O \u00e1lbum foi mixado e masterizado no Demigod Recordings, garantindo um som poderoso e preciso que faz jus ao peso de seus temas.<\/p>\n\n\n\n<p id=\"viewer-zln891210\"><strong>\u201cWyrd\u201d<\/strong> ser\u00e1 lan\u00e7ado em LP, CD e formatos digitais em <strong>03\/04\/2026<\/strong> pela <strong>Mighty Music<\/strong>. A pr\u00e9-venda j\u00e1 est\u00e1 dispon\u00edvel <a target=\"_blank\" href=\"https:\/\/bit.ly\/vanir-target\" rel=\"noreferrer noopener\"><u>neste link<\/u><\/a>.<\/p>\n\n\n\n<p id=\"viewer-owp4p1229\">Como uma das bandas de death metal mel\u00f3dico mais proeminentes da Dinamarca, o Vanir forjou sua pr\u00f3pria vis\u00e3o do \u00e9pico por mais de uma d\u00e9cada, com um death metal mel\u00f3dico com tem\u00e1tica hist\u00f3rica, mesclando riffs devastadores com contos de destino, batalha e mito. Com &#8220;Wyrd&#8221;, o coletivo mais uma vez afia seu a\u00e7o e marcha para os campos de batalha da hist\u00f3ria.<\/p>\n\n\n\n<figure class=\"wp-block-image\"><img loading=\"lazy\" decoding=\"async\" width=\"1200\" height=\"1200\" src=\"https:\/\/heavymetalonline.com.br\/wp-content\/uploads\/2025\/12\/VANIR-Wyrd.jpg\" alt=\"\" class=\"wp-image-34455\" srcset=\"https:\/\/heavymetalonline.com.br\/wp-content\/uploads\/2025\/12\/VANIR-Wyrd.jpg 1200w, https:\/\/heavymetalonline.com.br\/wp-content\/uploads\/2025\/12\/VANIR-Wyrd-300x300.jpg 300w, https:\/\/heavymetalonline.com.br\/wp-content\/uploads\/2025\/12\/VANIR-Wyrd-1024x1024.jpg 1024w, https:\/\/heavymetalonline.com.br\/wp-content\/uploads\/2025\/12\/VANIR-Wyrd-500x500.jpg 500w, https:\/\/heavymetalonline.com.br\/wp-content\/uploads\/2025\/12\/VANIR-Wyrd-768x768.jpg 768w, https:\/\/heavymetalonline.com.br\/wp-content\/uploads\/2025\/12\/VANIR-Wyrd-250x250.jpg 250w\" sizes=\"auto, (max-width: 1200px) 100vw, 1200px\" \/><\/figure>\n\n\n\n<p id=\"viewer-l084j4301\"><strong>&#8220;Wyrd&#8221; tracklist:<\/strong><\/p>\n\n\n\n<p id=\"viewer-z8kvk1362\">1. Against The Storm&nbsp;<\/p>\n\n\n\n<p id=\"viewer-18iaj1688\">2. Never Surrender&nbsp;<\/p>\n\n\n\n<p id=\"viewer-bt2a51653\">3. Braavalla&nbsp;<\/p>\n\n\n\n<p id=\"viewer-dpf2l1523\">4. Boudica&nbsp;<\/p>\n\n\n\n<p id=\"viewer-flq0y1492\">5. Da Lammet Br\u00f8d det 6. Segl&nbsp;<\/p>\n\n\n\n<p id=\"viewer-8j4r51621\">6. Helgrinidir&nbsp;<\/p>\n\n\n\n<p id=\"viewer-p0kn61588\">7. Mod &amp; \u00c6re&nbsp;<\/p>\n\n\n\n<p id=\"viewer-5olkf1730\">8. De Forbandede \u00c5r&nbsp;<\/p>\n\n\n\n<p id=\"viewer-nm9r21462\">9. Nine&nbsp;<\/p>\n\n\n\n<p id=\"viewer-v8dwj1232\"><strong>Forma\u00e7\u00e3o:<\/strong><\/p>\n\n\n\n<p id=\"viewer-hh3r81234\">Martin Drageholm &#8211; vocal<\/p>\n\n\n\n<p id=\"viewer-klnx31236\">Kirk Backarach &#8211; guitarra<\/p>\n\n\n\n<p id=\"viewer-qie1x1238\">Lasse Heiberg &#8211; guitarra<\/p>\n\n\n\n<p id=\"viewer-uujk81240\">Mikael Christensen &#8211; baixo<\/p>\n\n\n\n<p id=\"viewer-l36hg1242\">Jon Elmquist Schmidt &#8211; bateria<\/p>\n\n\n\n<p id=\"viewer-qhp3n1244\">Stefan Dujardin &#8211; teclados<\/p>\n\n\n\n<p id=\"viewer-xa0la1247\"><strong>Loja virtual:<\/strong><\/p>\n\n\n\n<figure class=\"wp-block-embed\"><div class=\"wp-block-embed__wrapper\">\nhttps:\/\/bit.ly\/vanir-target\n<\/div><\/figure>\n\n\n\n<p id=\"viewer-bkxba1252\"><strong>Sites:<\/strong><\/p>\n\n\n\n<p id=\"viewer-4vpdt1254\"><a target=\"_blank\" href=\"https:\/\/targetgroup.us7.list-manage.com\/track\/click?u=a0ea5d2d3d0dcac91e7fc8ed5&amp;id=b917bf8139&amp;e=e5588b61fd\" rel=\"noreferrer noopener\"><u>Facebook<\/u><\/a><\/p>\n\n\n\n<p id=\"viewer-02ak63466\"><a target=\"_blank\" href=\"https:\/\/targetgroup.us7.list-manage.com\/track\/click?u=a0ea5d2d3d0dcac91e7fc8ed5&amp;id=f8909bdebe&amp;e=e5588b61fd\" rel=\"noreferrer noopener\"><u>Instagram<\/u><\/a><\/p>\n\n\n\n<p id=\"viewer-h7d7j3469\"><a target=\"_blank\" href=\"https:\/\/targetgroup.us7.list-manage.com\/track\/click?u=a0ea5d2d3d0dcac91e7fc8ed5&amp;id=de03879556&amp;e=e5588b61fd\" rel=\"noreferrer noopener\"><u>Bandcamp<\/u><\/a><\/p>\n\n\n\n<p id=\"viewer-61guj3472\"><a target=\"_blank\" href=\"https:\/\/targetgroup.us7.list-manage.com\/track\/click?u=a0ea5d2d3d0dcac91e7fc8ed5&amp;id=45e9bb49fd&amp;e=e5588b61fd\" rel=\"noreferrer noopener\"><u>Spotify<\/u><\/a><\/p>\n\n\n\n<p id=\"viewer-37vk73475\"><a target=\"_blank\" href=\"https:\/\/targetgroup.us7.list-manage.com\/track\/click?u=a0ea5d2d3d0dcac91e7fc8ed5&amp;id=5edeb46d8e&amp;e=e5588b61fd\" rel=\"noreferrer noopener\"><u>Apple Music<\/u><\/a><\/p>\n\n\n\n<p id=\"viewer-97wy53478\"><a target=\"_blank\" href=\"https:\/\/targetgroup.us7.list-manage.com\/track\/click?u=a0ea5d2d3d0dcac91e7fc8ed5&amp;id=334e88201d&amp;e=e5588b61fd\" rel=\"noreferrer noopener\"><u>YouTube Music<\/u><\/a><\/p>\n\n\n\n<p id=\"viewer-h8zth3481\"><a target=\"_blank\" href=\"https:\/\/targetgroup.us7.list-manage.com\/track\/click?u=a0ea5d2d3d0dcac91e7fc8ed5&amp;id=6a5554969a&amp;e=e5588b61fd\" rel=\"noreferrer noopener\"><u>Tidal<\/u><\/a><\/p>\n\n\n\n<p id=\"viewer-qejai3484\"><a target=\"_blank\" href=\"https:\/\/targetgroup.us7.list-manage.com\/track\/click?u=a0ea5d2d3d0dcac91e7fc8ed5&amp;id=5965259d14&amp;e=e5588b61fd\" rel=\"noreferrer noopener\"><u>Qobuz<\/u><\/a><\/p>\n\n\n\n<p id=\"viewer-9rpcw3487\"><a target=\"_blank\" href=\"https:\/\/targetgroup.us7.list-manage.com\/track\/click?u=a0ea5d2d3d0dcac91e7fc8ed5&amp;id=e0e684fece&amp;e=e5588b61fd\" rel=\"noreferrer noopener\"><u>Deezer<\/u><\/a><\/p>\n\n\n\n<p id=\"viewer-x8cba3490\"><a target=\"_blank\" href=\"https:\/\/targetgroup.us7.list-manage.com\/track\/click?u=a0ea5d2d3d0dcac91e7fc8ed5&amp;id=af6343c4fc&amp;e=e5588b61fd\" rel=\"noreferrer noopener\"><u>Soundcloud<\/u><\/a><\/p>\n\n\n\n<p id=\"viewer-e04st1862\"><strong>Fonte: <\/strong>Mighty Music<\/p>\n","protected":false},"excerpt":{"rendered":"<p>Photo by:&nbsp;Elmquist Foto Espadas, capacetes e escudos ecoam ao longe mais uma vez, com o retorno dos guerreiros dinamarqueses do VANIR e seu novo \u00e1lbum, \u201cWyrd\u201d. O disco gira em torno do tema atemporal do destino \u2013 tecido pela guerra, pelas escolhas da humanidade e pelas consequ\u00eancias que moldaram nosso mundo. Como um espelho de [&hellip;]<\/p>\n","protected":false},"author":12,"featured_media":34456,"comment_status":"closed","ping_status":"open","sticky":false,"template":"","format":"standard","meta":{"footnotes":""},"categories":[4],"tags":[],"class_list":["post-34454","post","type-post","status-publish","format-standard","has-post-thumbnail","hentry","category-noticias"],"_links":{"self":[{"href":"https:\/\/heavymetalonline.com.br\/index.php?rest_route=\/wp\/v2\/posts\/34454","targetHints":{"allow":["GET"]}}],"collection":[{"href":"https:\/\/heavymetalonline.com.br\/index.php?rest_route=\/wp\/v2\/posts"}],"about":[{"href":"https:\/\/heavymetalonline.com.br\/index.php?rest_route=\/wp\/v2\/types\/post"}],"author":[{"embeddable":true,"href":"https:\/\/heavymetalonline.com.br\/index.php?rest_route=\/wp\/v2\/users\/12"}],"replies":[{"embeddable":true,"href":"https:\/\/heavymetalonline.com.br\/index.php?rest_route=%2Fwp%2Fv2%2Fcomments&post=34454"}],"version-history":[{"count":1,"href":"https:\/\/heavymetalonline.com.br\/index.php?rest_route=\/wp\/v2\/posts\/34454\/revisions"}],"predecessor-version":[{"id":34457,"href":"https:\/\/heavymetalonline.com.br\/index.php?rest_route=\/wp\/v2\/posts\/34454\/revisions\/34457"}],"wp:featuredmedia":[{"embeddable":true,"href":"https:\/\/heavymetalonline.com.br\/index.php?rest_route=\/wp\/v2\/media\/34456"}],"wp:attachment":[{"href":"https:\/\/heavymetalonline.com.br\/index.php?rest_route=%2Fwp%2Fv2%2Fmedia&parent=34454"}],"wp:term":[{"taxonomy":"category","embeddable":true,"href":"https:\/\/heavymetalonline.com.br\/index.php?rest_route=%2Fwp%2Fv2%2Fcategories&post=34454"},{"taxonomy":"post_tag","embeddable":true,"href":"https:\/\/heavymetalonline.com.br\/index.php?rest_route=%2Fwp%2Fv2%2Ftags&post=34454"}],"curies":[{"name":"wp","href":"https:\/\/api.w.org\/{rel}","templated":true}]}}