{"id":34996,"date":"2026-01-18T16:51:04","date_gmt":"2026-01-18T16:51:04","guid":{"rendered":"https:\/\/heavymetalonline.com.br\/?p=34996"},"modified":"2026-01-18T16:51:06","modified_gmt":"2026-01-18T16:51:06","slug":"lagum-confirma-a-edicao-2026-do-bloco-lagum-na-avenida","status":"publish","type":"post","link":"https:\/\/heavymetalonline.com.br\/?p=34996","title":{"rendered":"Lagum confirma a edi\u00e7\u00e3o 2026 do bloco Lagum na Avenida"},"content":{"rendered":"\n<pre id=\"viewer-a9bws11167\" class=\"wp-block-preformatted\">A banda Lagum na edi\u00e7\u00e3o 2025 do bloco de carnaval \/ Cr\u00e9ditos: Breno Galtier<\/pre>\n\n\n\n<p id=\"viewer-gnop511362\">A cidade sem o <strong>Lagum na Avenida<\/strong> n\u00e3o \u00e9 igual! A terceira edi\u00e7\u00e3o do t\u00e3o aguardado bloco de carnaval da banda mineira est\u00e1 confirmada. Os m\u00fasicos v\u00e3o comandar o trio el\u00e9trico na folia de Belo Horizonte no dia <strong>15 de fevereiro<\/strong>, domingo. O bloco vai manter o mesmo trajeto dos anos anteriores, concentrando na Rua Sergipe com Avenida Crist\u00f3v\u00e3o Colombo, pr\u00f3ximo \u00e0 Pra\u00e7a da Liberdade, e percorrendo a Avenida Brasil. A concentra\u00e7\u00e3o est\u00e1 marcada para \u00e0s 7h.&nbsp;<\/p>\n\n\n\n<p id=\"viewer-whq3k10415\">Pedro Calais, vocalista da banda, destaca que a presen\u00e7a da Lagum no carnaval de BH refor\u00e7a a import\u00e2ncia de bandas locais no circuito da folia mineira, que tem como uma das principais caracter\u00edsticas a valoriza\u00e7\u00e3o das ra\u00edzes musicais mineiras e a pluralidade dos ritmos que tocam na festa. \u201cSabemos que nossa m\u00fasica n\u00e3o faz parte do contexto do carnaval, mas sempre fomos frequentadores. Resolvemos ent\u00e3o fazer nossas m\u00fasicas com arranjos carnavalescos, com m\u00fasicos que fazem parte desse circuito. N\u00f3s, como artistas, valorizamos o carnaval de Belo Horizonte e queremos levar mais pessoas pro movimento\u201d, defende o artista.<\/p>\n\n\n\n<p id=\"viewer-amqd610440\">Nos dois primeiros anos, o bloco foi sucesso absoluto de p\u00fablico levando mais de 100 mil pessoas durante o desfile. Para a edi\u00e7\u00e3o deste ano a expectativa da banda \u00e9 que um p\u00fablico ainda maior acompanhe o carnaval. \u201cEm 2025 foi excelente, tivemos um crescimento no n\u00famero de pessoas, parceiros, patrocinadores e apoiadores do bloco. A proposta \u00e9 proporcionar uma experi\u00eancia ainda melhor para o p\u00fablico que curtir o carnaval com o Lagum. A expectativa \u00e9 muito boa e vamos expandir ainda mais o Lagum na Avenida. Estamos trabalhando para que a festa aconte\u00e7a da melhor forma poss\u00edvel\u201d, diz Chic\u00e3o, baixista do grupo.&nbsp;<\/p>\n\n\n\n<p id=\"viewer-slmy410443\">O repert\u00f3rio do Lagum na Avenida vai contemplar os sucessos dos 11 anos de carreira da banda, as m\u00fasicas do mais recente \u00e1lbum, \u201cAs Cores, as Curvas e as Dores do Mundo\u201d, e vers\u00f5es preparadas especialmente para o carnaval.&nbsp;<\/p>\n\n\n\n<p id=\"viewer-6h7wy10446\">O Lagum na Avenida \u00e9 uma co-realiza\u00e7\u00e3o d\u2019A Macaco, produtora de eventos e selo musical de Belo Horizonte, respons\u00e1vel pela realiza\u00e7\u00e3o do ic\u00f4nico Festival Sarar\u00e1. A Macaco atua desde 2014 com iniciativas culturais e que visam fomentar o carnaval de rua da cidade, estimulando iniciativas para arrecada\u00e7\u00e3o de recursos e propondo bate-papos, contrata\u00e7\u00e3o dos blocos, desenvolvendo projetos e conectando parceiros, de modo a gerar fomento para somar na viabilidade dos desfiles.&nbsp;<\/p>\n\n\n\n<p id=\"viewer-2842b10449\"><strong>Sobre a Lagum<\/strong><\/p>\n\n\n\n<p id=\"viewer-7s4xd10451\">Com tr\u00eas \u00e1lbuns indicados ao Grammy Latino \u2014 Mem\u00f3rias (De Onde Eu Nunca Fui) (2022), Depois do Fim (2023) e LAGUM AO VIVO (2023) \u2014 a Lagum \u00e9 uma banda mineira formada em 2014 por Pedro Calais (voz), Zani (Otavio Cardoso) e Jorge (Glauco Borges) nas guitarras, e Chico (Francisco Jardim) no baixo. Durante sua trajet\u00f3ria, o grupo conheceu Tio Wilson (Breno Braga), que assumiu a bateria e marcou profundamente a hist\u00f3ria da banda. Misturando rock, pop, reggae, indie e o que mais a criatividade permitir, a Lagum n\u00e3o se prende a r\u00f3tulos. Sua liberdade est\u00e9tica \u00e9 um reflexo da busca por identidade art\u00edstica, resultando em um som que transita por g\u00eaneros com autenticidade e assinatura pr\u00f3pria.<\/p>\n\n\n\n<p id=\"viewer-op3r910453\">&nbsp;<\/p>\n\n\n\n<p id=\"viewer-ool5a10455\">O primeiro \u00e1lbum, Seja o Que Eu Quiser (2016), apresentou ao p\u00fablico suas composi\u00e7\u00f5es autorais e iniciou o caminho de uma carreira ascendente. Entre uma leva de singles, a faixa \u201cDeixa\u201d explodiu nas plataformas digitais e r\u00e1dios, catapultando a banda ao cen\u00e1rio nacional. Em 2019, veio o segundo disco, Coisas da Gera\u00e7\u00e3o, que ampliou o p\u00fablico com hits como \u201cOi\u201d e os levou a turn\u00eas pelo Brasil e exterior.&nbsp;<\/p>\n\n\n\n<p id=\"viewer-zhsh210458\">Em 2020, a banda enfrentou a perda de Tio Wilson, v\u00edtima de uma parada cardiorrespirat\u00f3ria causada por uma miocardiopatia dilatada. O \u00e1lbum Mem\u00f3rias (De Onde Eu Nunca Fui), lan\u00e7ado no ano seguinte, eternizou suas \u00faltimas grava\u00e7\u00f5es e consolidou a capacidade da Lagum de transformar dor em arte \u2014 rendendo a primeira indica\u00e7\u00e3o ao Grammy Latino. Mais tarde, em 2023, o EP FIM e o disco Depois do Fim marcaram uma nova fase do grupo, com experimenta\u00e7\u00f5es sonoras, letras confessionais e um mergulho emocional profundo. O \u00e1lbum alcan\u00e7ou o Top 50 do Spotify Brasil em menos de uma semana e trouxe visuais gravados em Belo Horizonte que expandem a experi\u00eancia da obra.<\/p>\n\n\n\n<p id=\"viewer-yj4ew10460\">&nbsp;<\/p>\n\n\n\n<p id=\"viewer-bl4pk10462\">No mesmo ano, a banda lan\u00e7ou o projeto LAGUM AO VIVO, gravado para 8 mil pessoas no Espa\u00e7o Unimed (SP), consolidando sua pot\u00eancia nos palcos. Reconhecida por shows grandiosos e viscerais, a Lagum entrega ao vivo uma experi\u00eancia cat\u00e1rtica e eletrizante. Em 2024, a banda lan\u00e7ou seu projeto de bloco de carnaval, Lagum na Avenida. Com as edi\u00e7\u00f5es de 2024 e 2025, mais de 200 mil foli\u00f5es foram \u00e0s ruas de Belo Horizonte.&nbsp;<\/p>\n\n\n\n<p id=\"viewer-1ucr010465\">Em maio de 2025, a banda lan\u00e7ou seu aguardado novo \u00e1lbum, As Cores, as Curvas e as Dores do Mundo, com 10 faixas in\u00e9ditas que capturam a ess\u00eancia crua e vibrante das performances ao vivo. O disco prop\u00f5e uma escuta que vai al\u00e9m do entretenimento: provoca, questiona e convida a enxergar beleza e contradi\u00e7\u00e3o na vida urbana e cotidiana, num paralelo entre a realidade da rua e o mundo filtrado pelas telas.<\/p>\n\n\n\n<p id=\"viewer-5t6v510514\"><strong>Por:<\/strong> Igor Bas\u00edlio<\/p>\n","protected":false},"excerpt":{"rendered":"<p>A banda Lagum na edi\u00e7\u00e3o 2025 do bloco de carnaval \/ Cr\u00e9ditos: Breno Galtier A cidade sem o Lagum na Avenida n\u00e3o \u00e9 igual! A terceira edi\u00e7\u00e3o do t\u00e3o aguardado bloco de carnaval da banda mineira est\u00e1 confirmada. Os m\u00fasicos v\u00e3o comandar o trio el\u00e9trico na folia de Belo Horizonte no dia 15 de fevereiro, [&hellip;]<\/p>\n","protected":false},"author":12,"featured_media":34997,"comment_status":"closed","ping_status":"open","sticky":false,"template":"","format":"standard","meta":{"footnotes":""},"categories":[4],"tags":[],"class_list":["post-34996","post","type-post","status-publish","format-standard","has-post-thumbnail","hentry","category-noticias"],"_links":{"self":[{"href":"https:\/\/heavymetalonline.com.br\/index.php?rest_route=\/wp\/v2\/posts\/34996","targetHints":{"allow":["GET"]}}],"collection":[{"href":"https:\/\/heavymetalonline.com.br\/index.php?rest_route=\/wp\/v2\/posts"}],"about":[{"href":"https:\/\/heavymetalonline.com.br\/index.php?rest_route=\/wp\/v2\/types\/post"}],"author":[{"embeddable":true,"href":"https:\/\/heavymetalonline.com.br\/index.php?rest_route=\/wp\/v2\/users\/12"}],"replies":[{"embeddable":true,"href":"https:\/\/heavymetalonline.com.br\/index.php?rest_route=%2Fwp%2Fv2%2Fcomments&post=34996"}],"version-history":[{"count":1,"href":"https:\/\/heavymetalonline.com.br\/index.php?rest_route=\/wp\/v2\/posts\/34996\/revisions"}],"predecessor-version":[{"id":34998,"href":"https:\/\/heavymetalonline.com.br\/index.php?rest_route=\/wp\/v2\/posts\/34996\/revisions\/34998"}],"wp:featuredmedia":[{"embeddable":true,"href":"https:\/\/heavymetalonline.com.br\/index.php?rest_route=\/wp\/v2\/media\/34997"}],"wp:attachment":[{"href":"https:\/\/heavymetalonline.com.br\/index.php?rest_route=%2Fwp%2Fv2%2Fmedia&parent=34996"}],"wp:term":[{"taxonomy":"category","embeddable":true,"href":"https:\/\/heavymetalonline.com.br\/index.php?rest_route=%2Fwp%2Fv2%2Fcategories&post=34996"},{"taxonomy":"post_tag","embeddable":true,"href":"https:\/\/heavymetalonline.com.br\/index.php?rest_route=%2Fwp%2Fv2%2Ftags&post=34996"}],"curies":[{"name":"wp","href":"https:\/\/api.w.org\/{rel}","templated":true}]}}