{"id":41324,"date":"2026-09-01T14:45:22","date_gmt":"2026-09-01T14:45:22","guid":{"rendered":"https:\/\/heavymetalonline.com.br\/?p=41324"},"modified":"2026-09-01T14:45:24","modified_gmt":"2026-09-01T14:45:24","slug":"drenna-esta-de-volta-ao-rock-in-rio-como-atracao-do-highway-stage","status":"publish","type":"post","link":"https:\/\/heavymetalonline.com.br\/?p=41324","title":{"rendered":"Drenna est\u00e1 de volta ao Rock in Rio como atra\u00e7\u00e3o do Highway Stage"},"content":{"rendered":"\n<pre id=\"viewer-d8zxj18607\" class=\"wp-block-preformatted\">Drenna | credito: Carol Lapport<\/pre>\n\n\n\n<p class=\"wp-block-paragraph\" id=\"viewer-ie9kt18677\"><strong><em>Power trio carioca se apresenta em 13 de setembro ap\u00f3s lan\u00e7ar \u201cLevante\u201d, single com Yasmin Amaral, Dani Buarque, Ada Bellatrix e MC Taya<\/em><\/strong><\/p>\n\n\n\n<p class=\"wp-block-paragraph\" id=\"viewer-5ftyy16266\">A <strong>Drenna<\/strong> retorna ao Rock in Rio 2026, onde se apresenta em 13 de setembro no Highway Stage, na Cidade do Rock, quatro anos depois de ocupar o Espa\u00e7o Favela e poucas semanas ap\u00f3s lan\u00e7ar &#8216;Levante&#8217; (<a target=\"_blank\" href=\"https:\/\/email.cloud.secureclick.net\/c\/1711?id=985651.50853.1.e1c8b703161f239839e7b819215b78b7\" rel=\"noreferrer noopener\"><strong><u>ou\u00e7a aqui<\/u><\/strong><\/a>), single gravado com Yasmin Amaral, da Eskr\u00f6ta, Dani Buarque, da The M\u00f6nic, Ada Bellatrix, da FLORET, e MC Taya.<\/p>\n\n\n\n<figure class=\"wp-block-embed is-type-rich is-provider-spotify wp-block-embed-spotify wp-embed-aspect-21-9 wp-has-aspect-ratio\"><div class=\"wp-block-embed__wrapper\">\n<iframe title=\"Spotify Embed: Levante\" style=\"border-radius: 12px\" width=\"100%\" height=\"352\" frameborder=\"0\" allowfullscreen allow=\"autoplay; clipboard-write; encrypted-media; fullscreen; picture-in-picture\" loading=\"lazy\" src=\"https:\/\/open.spotify.com\/embed\/album\/0sgQpyLTmvp3PW6OqOYOqZ?utm_source=oembed\"><\/iframe>\n<\/div><\/figure>\n\n\n\n<p class=\"wp-block-paragraph\" id=\"viewer-zpxni16272\">A segunda participa\u00e7\u00e3o da Drenna no festival acontece em um per\u00edodo de intensa movimenta\u00e7\u00e3o para o power trio carioca, que tocou no Jo\u00e3o Rock em 1\u00ba de agosto, lan\u00e7ou &#8216;Levante&#8217; no dia 14 do mesmo m\u00eas e prepara <em>Interregno &#8211; O Mundo depois da certeza<\/em>, terceiro \u00e1lbum da carreira, previsto para o fim de 2026.<\/p>\n\n\n\n<p class=\"wp-block-paragraph\" id=\"viewer-p6xfx16276\">Em 2022, a banda subiu ao Espa\u00e7o Favela com uma apresenta\u00e7\u00e3o que incorporou um baile de favela ao repert\u00f3rio para marcar sua liga\u00e7\u00e3o com o Complexo do Alem\u00e3o, onde nasceu e cresceu a cantora, compositora e guitarrista Drenna Rodrigues. Transmitido pela televis\u00e3o, o show ampliou o alcance nacional de um trabalho constru\u00eddo ao longo de mais de uma d\u00e9cada no circuito independente.<\/p>\n\n\n\n<p class=\"wp-block-paragraph\" id=\"viewer-ab7xv16278\">Drenna \u00e9 agenciada pela BudaMusic (<a target=\"_blank\" href=\"https:\/\/email.cloud.secureclick.net\/c\/1711?id=985651.50854.1.c29f43b29eaa002bc30d7fa1fb7960cd\" rel=\"noreferrer noopener\"><u>@<\/u><\/a><a target=\"_blank\" href=\"http:\/\/buda.music\/\" rel=\"noreferrer noopener\"><u>buda.music<\/u><\/a>).<\/p>\n\n\n\n<p class=\"wp-block-paragraph\" id=\"viewer-3g0oq16283\"><strong>Cinco vozes contra o controle<\/strong><\/p>\n\n\n\n<p class=\"wp-block-paragraph\" id=\"viewer-zv5jm16285\">\u201cLevante\u201d aborda formas de controle disfar\u00e7adas de cuidado ou prote\u00e7\u00e3o e apresenta uma letra sobre autonomia, enfrentamento e imposi\u00e7\u00f5es exercidas sobre corpos, comportamentos e escolhas. A frase \u201cDisseram que era cuidado. Mas era controle\u201d conduz a campanha e resume o conflito desenvolvido pela composi\u00e7\u00e3o.<\/p>\n\n\n\n<p class=\"wp-block-paragraph\" id=\"viewer-mr28416287\">A m\u00fasica come\u00e7ou a ganhar dimens\u00e3o coletiva durante um encontro entre Drenna Rodrigues e Yasmin Amaral, quando deixou de ser uma manifesta\u00e7\u00e3o solit\u00e1ria para reunir mulheres de diferentes vertentes da m\u00fasica brasileira. Ao crossover da Eskr\u00f6ta, somam-se o punk e o rock alternativo da The M\u00f6nic, a experimenta\u00e7\u00e3o da FLORET e a combina\u00e7\u00e3o de rap, funk, trap e nu metal desenvolvida por MC Taya.<\/p>\n\n\n\n<p class=\"wp-block-paragraph\" id=\"viewer-0s6bf16289\">\u201cLevante \u00e9 um grito coletivo. E um grito coletivo n\u00e3o poderia existir em uma voz s\u00f3\u201d, definiu a Drenna ao apresentar as participa\u00e7\u00f5es que deram forma ao single.<\/p>\n\n\n\n<p class=\"wp-block-paragraph\" id=\"viewer-0yly016291\"><strong>Novo \u00e1lbum<\/strong><\/p>\n\n\n\n<p class=\"wp-block-paragraph\" id=\"viewer-dv5sx16293\">\u201cLevante\u201d integra o repert\u00f3rio de \u201cInterregno &#8211; O Mundo depois da certeza\u201d, \u00e1lbum que dar\u00e1 continuidade ao percurso desenvolvido em \u201cDesconectar\u201d, de 2016, e \u201cCisne Negro\u201d, de 2023. As novas m\u00fasicas abordam conflitos sociais, viol\u00eancia, controle, comportamento e contradi\u00e7\u00f5es do presente, alternando den\u00fancia direta e cr\u00edtica constru\u00edda pelo deboche.<\/p>\n\n\n\n<p class=\"wp-block-paragraph\" id=\"viewer-diu4o16295\">O ciclo come\u00e7ou no fim de 2025 com \u201cAliens\u201d e \u201cS\u00f3 o Tempo Ir\u00e1 Dizer\u201d e ganhou um cap\u00edtulo mais frontal em maio deste ano, quando a banda lan\u00e7ou \u201cGuerra\u201d, composi\u00e7\u00e3o baseada em uma opera\u00e7\u00e3o policial que terminou com a morte de uma crian\u00e7a em uma comunidade carioca.<\/p>\n\n\n\n<p class=\"wp-block-paragraph\" id=\"viewer-e8utv16297\">A faixa permaneceu guardada durante aproximadamente quatro anos at\u00e9 que outro caso de viol\u00eancia levou a Drenna de volta ao tema e motivou a reconstru\u00e7\u00e3o do arranjo, que ganhou mais peso para acompanhar a gravidade da hist\u00f3ria narrada. \u201cO disco novo vir\u00e1 mais posicionado. Sentimos falta de um rock que conteste, que diga o que muita gente n\u00e3o quer dizer\u201d, afirmou Drenna Rodrigues em entrevista ao Musikorama.<\/p>\n\n\n\n<p class=\"wp-block-paragraph\" id=\"viewer-c5z2016501\"><strong>De Olaria aos grandes festivais<\/strong><\/p>\n\n\n\n<p class=\"wp-block-paragraph\" id=\"viewer-6ahwo16503\">A hist\u00f3ria da Drenna come\u00e7ou em 2009, a partir de um festival de rua em Olaria, na Zona Norte do Rio de Janeiro, quando Drenna Rodrigues, que j\u00e1 acumulava composi\u00e7\u00f5es autorais depois de passar por outras bandas e tocar em bares, convidou Milton Rock para montar um duo de guitarra e bateria. Seis meses depois, os dois entraram em est\u00fadio para realizar a primeira grava\u00e7\u00e3o.<\/p>\n\n\n\n<figure class=\"wp-block-image size-large\"><img loading=\"lazy\" decoding=\"async\" width=\"768\" height=\"1024\" src=\"https:\/\/heavymetalonline.com.br\/wp-content\/uploads\/2026\/09\/unnamed-3-768x1024.jpg\" alt=\"\" class=\"wp-image-41329\" srcset=\"https:\/\/heavymetalonline.com.br\/wp-content\/uploads\/2026\/09\/unnamed-3-768x1024.jpg 768w, https:\/\/heavymetalonline.com.br\/wp-content\/uploads\/2026\/09\/unnamed-3-225x300.jpg 225w, https:\/\/heavymetalonline.com.br\/wp-content\/uploads\/2026\/09\/unnamed-3-188x250.jpg 188w, https:\/\/heavymetalonline.com.br\/wp-content\/uploads\/2026\/09\/unnamed-3.jpg 1080w\" sizes=\"auto, (max-width: 768px) 100vw, 768px\" \/><\/figure>\n\n\n\n<p class=\"wp-block-paragraph\" id=\"viewer-qd9sz19190\">Ap\u00f3s diferentes forma\u00e7\u00f5es, a banda assumiu definitivamente o formato de power trio, hoje composto por Drenna Rodrigues na voz e guitarra, Bruno Moraes no baixo e Milton Rock na bateria. Lan\u00e7ado em 2016 pelo selo Toca Discos, \u201cDesconectar\u201d foi produzido por Felipe Rodarte no est\u00fadio Toca do Bandido e marcou a estrutura\u00e7\u00e3o da Drenna como banda de estrada.<\/p>\n\n\n\n<p class=\"wp-block-paragraph\" id=\"viewer-h2mrw16507\">Em 2023, \u201cCisne Negro\u201d reuniu dez m\u00fasicas inspiradas pelo conceito do acontecimento improv\u00e1vel e de grande impacto formulado pelo escritor Nassim Nicholas Taleb. A discografia acompanha uma trajet\u00f3ria que inclui vit\u00f3rias nos festivais Planeta Rock e Fejacan, apresenta\u00e7\u00f5es no Circuito Banco do Brasil, Por\u00e3o do Rock, Rio2C, Jo\u00e3o Rock e Rock in Rio, al\u00e9m da circula\u00e7\u00e3o por 14 estados e da participa\u00e7\u00e3o em eventos com artistas como Pitty, Frejat, Detonautas, Kings of Leon, Paramore e MGMT.<\/p>\n\n\n\n<p class=\"wp-block-paragraph\" id=\"viewer-qfbdr16694\"><strong>Drenna nas redes<\/strong><\/p>\n\n\n\n<p class=\"wp-block-paragraph\" id=\"viewer-opv7f16696\"><a target=\"_blank\" href=\"http:\/\/www.facebook.com\/bandadrenna\" rel=\"noreferrer noopener\"><u>www.facebook.com\/bandadrenna<\/u><\/a><\/p>\n\n\n\n<p class=\"wp-block-paragraph\" id=\"viewer-9p8jx16698\"><a target=\"_blank\" href=\"http:\/\/www.instagram.com\/bandadrenna\" rel=\"noreferrer noopener\"><u>www.instagram.com\/bandadrenna<\/u><\/a><\/p>\n\n\n\n<p class=\"wp-block-paragraph\" id=\"viewer-cfdch16700\"><a target=\"_blank\" href=\"http:\/\/twitter.com\/drenna_rock\" rel=\"noreferrer noopener\"><u>twitter.com\/drenna_rock<\/u><\/a><\/p>\n\n\n\n<p class=\"wp-block-paragraph\" id=\"viewer-x6da116854\"><strong>Fonte: <\/strong>Tedesco Comunica\u00e7\u00e3o &amp; M\u00eddia<\/p>\n","protected":false},"excerpt":{"rendered":"<p>Drenna | credito: Carol Lapport Power trio carioca se apresenta em 13 de setembro ap\u00f3s lan\u00e7ar \u201cLevante\u201d, single com Yasmin Amaral, Dani Buarque, Ada Bellatrix e MC Taya A Drenna retorna ao Rock in Rio 2026, onde se apresenta em 13 de setembro no Highway Stage, na Cidade do Rock, quatro anos depois de ocupar [&hellip;]<\/p>\n","protected":false},"author":12,"featured_media":40446,"comment_status":"closed","ping_status":"open","sticky":false,"template":"","format":"standard","meta":{"footnotes":""},"categories":[4],"tags":[],"class_list":["post-41324","post","type-post","status-publish","format-standard","has-post-thumbnail","hentry","category-noticias"],"_links":{"self":[{"href":"https:\/\/heavymetalonline.com.br\/index.php?rest_route=\/wp\/v2\/posts\/41324","targetHints":{"allow":["GET"]}}],"collection":[{"href":"https:\/\/heavymetalonline.com.br\/index.php?rest_route=\/wp\/v2\/posts"}],"about":[{"href":"https:\/\/heavymetalonline.com.br\/index.php?rest_route=\/wp\/v2\/types\/post"}],"author":[{"embeddable":true,"href":"https:\/\/heavymetalonline.com.br\/index.php?rest_route=\/wp\/v2\/users\/12"}],"replies":[{"embeddable":true,"href":"https:\/\/heavymetalonline.com.br\/index.php?rest_route=%2Fwp%2Fv2%2Fcomments&post=41324"}],"version-history":[{"count":1,"href":"https:\/\/heavymetalonline.com.br\/index.php?rest_route=\/wp\/v2\/posts\/41324\/revisions"}],"predecessor-version":[{"id":41330,"href":"https:\/\/heavymetalonline.com.br\/index.php?rest_route=\/wp\/v2\/posts\/41324\/revisions\/41330"}],"wp:featuredmedia":[{"embeddable":true,"href":"https:\/\/heavymetalonline.com.br\/index.php?rest_route=\/wp\/v2\/media\/40446"}],"wp:attachment":[{"href":"https:\/\/heavymetalonline.com.br\/index.php?rest_route=%2Fwp%2Fv2%2Fmedia&parent=41324"}],"wp:term":[{"taxonomy":"category","embeddable":true,"href":"https:\/\/heavymetalonline.com.br\/index.php?rest_route=%2Fwp%2Fv2%2Fcategories&post=41324"},{"taxonomy":"post_tag","embeddable":true,"href":"https:\/\/heavymetalonline.com.br\/index.php?rest_route=%2Fwp%2Fv2%2Ftags&post=41324"}],"curies":[{"name":"wp","href":"https:\/\/api.w.org\/{rel}","templated":true}]}}