{"id":65,"date":"2015-04-05T14:47:14","date_gmt":"2015-04-05T14:47:14","guid":{"rendered":"http:\/\/heavymetalonline.com.br\/?p=65"},"modified":"2015-04-05T14:47:14","modified_gmt":"2015-04-05T14:47:14","slug":"dark-avenger-depois-de-10-anos-retorna-a-minas-gerais","status":"publish","type":"post","link":"https:\/\/heavymetalonline.com.br\/?p=65","title":{"rendered":"Dark Avenger: depois de 10 anos, retorna a Minas Gerais"},"content":{"rendered":"<p>Ap\u00f3s o an\u00fancio oficial dos headliners da 17\u00aa expedi\u00e7\u00e3o do Ro\u00e7a \u2018n\u2019 Roll, a Canga\u00e7o Produ\u00e7\u00f5es confirmou a banda brasiliense Dark Avenger no cast do evento. O grupo est\u00e1 programado para se apresentar no palco do festival no s\u00e1bado, 6 de junho.<\/p>\n<p>\u201cTemos uma legi\u00e3o de f\u00e3s em Minas Gerais e acredito que todos ficar\u00e3o muito felizes ao saber que estaremos no maior festival do estado\u201d, ressalta o vocalista M\u00e1rio Linhares. Neste ano, o grupo comemora 20 anos do lan\u00e7amento do CD Dark Avenger e por isso o show no Ro\u00e7a \u2018n\u2019 Roll vai englobar m\u00fasicas do primeiro disco, composi\u00e7\u00f5es importantes da carreira e faixas do quinto \u00e1lbum de est\u00fadio The Beloved Bones previsto para junho.<\/p>\n<p style=\"text-align: justify;\">Com esse novo \u00e1lbum, a banda espera a mesma aceita\u00e7\u00e3o do p\u00fablico obtida no anterior Tales Of Avalon: The Lament. \u201cSer\u00e1 tem\u00e1tico e dividido em duas partes, mas uma totalmente diferente da outra em termos de ambienta\u00e7\u00e3o. A segunda parte ser\u00e1 lan\u00e7ada em abril de 2016\u201d, relata M\u00e1rio Linhares.<\/p>\n<p>O Dark Avenger foi formado em 1993 e foi premiado em v\u00e1rios festivais de m\u00fasica pelo Brasil. Atualmente a banda \u00e9 formada por M\u00e1rio Linhares (vocais), Vinicius Maluly (teclados), Hugo Santiago (guitarra), Glauber Oliveira (guitarra) Gustavo Magalh\u00e3es (baixo) e Anderson Soares (bateria).<\/p>\n<p style=\"text-align: justify;\">A \u00faltima passagem do Dark Avenger por Minas Gerais foi em 2005 para um show em Belo Horizonte. Na regi\u00e3o sudeste, o evento mais recente do grupo foi em S\u00e3o Paulo, em 2013. Apesar de ser a primeira apresenta\u00e7\u00e3o no Ro\u00e7a \u2018n\u2019 Roll, o vocalista Mario Linhares se apresentou com a banda Harlequin na 9\u00aa expedi\u00e7\u00e3o do festival, realizada em 2007.<\/p>\n<p>Sobre o Ro\u00e7a \u2018n\u2019 Roll, M\u00e1rio Linhares afirma que o p\u00fablico pode esperar a mesma pot\u00eancia das m\u00fasicas ao vivo, segundo ele, repleto ser\u00e1 um show repleto de garra e emo\u00e7\u00e3o. \u201cEstamos com uma vontade enorme de mostrar aos nossos amigos do Ro\u00e7a \u2018n\u2019 Roll aquilo que nos levou a persistir tantos anos na estrada: f\u00e9 no nosso trabalho\u201d, finaliza.<\/p>\n<p>Al\u00e9m do Dark Avenger, est\u00e3o confirmadas as bandas europeias Pain of Salvation (Su\u00e9cia) e Vader (Pol\u00f4nia) para a 17\u00aa expedi\u00e7\u00e3o do Ro\u00e7a \u2018n\u2019 Roll. Este ano, o festival ser\u00e1 realizado no dia 6 de junho, durante o feriado prolongado de Corpus Christi. Na pr\u00f3xima semana, a Canga\u00e7o Produ\u00e7\u00f5es confirma novas atra\u00e7\u00f5es.<\/p>\n<p>O Ro\u00e7a \u2018n\u2019 Roll tem o patroc\u00ednio da Fruty Refrigerantes e incentivo da Lei Estadual de Incentivo \u00e0 Cultura do Governo de Minas Gerais e da Lei Municipal de Incentivo \u00e0 Cultura da Prefeitura Municipal de Varginha, da Funda\u00e7\u00e3o Cultural do Munic\u00edpio de Varginha e do COMIC \u2013 Conselho Municipal de Incentivo \u00e0 Cultura. As informa\u00e7\u00f5es da 17\u00aa expedi\u00e7\u00e3o do Ro\u00e7a \u2018n\u2019 Roll podem ser acompanhadas pelos canais oficiais do festival nas redes sociais e no site oficial: www.rocainroll.com.<\/p>\n","protected":false},"excerpt":{"rendered":"<p>Ap\u00f3s o an\u00fancio oficial dos headliners da 17\u00aa expedi\u00e7\u00e3o do Ro\u00e7a \u2018n\u2019 Roll, a Canga\u00e7o Produ\u00e7\u00f5es confirmou a banda brasiliense Dark Avenger no cast do evento. O grupo est\u00e1 programado para se apresentar no palco do festival no s\u00e1bado, 6 de junho. \u201cTemos uma legi\u00e3o de f\u00e3s em Minas Gerais e acredito que todos ficar\u00e3o [&hellip;]<\/p>\n","protected":false},"author":1,"featured_media":0,"comment_status":"open","ping_status":"open","sticky":false,"template":"","format":"standard","meta":{"footnotes":""},"categories":[4],"tags":[],"class_list":["post-65","post","type-post","status-publish","format-standard","hentry","category-noticias"],"_links":{"self":[{"href":"https:\/\/heavymetalonline.com.br\/index.php?rest_route=\/wp\/v2\/posts\/65","targetHints":{"allow":["GET"]}}],"collection":[{"href":"https:\/\/heavymetalonline.com.br\/index.php?rest_route=\/wp\/v2\/posts"}],"about":[{"href":"https:\/\/heavymetalonline.com.br\/index.php?rest_route=\/wp\/v2\/types\/post"}],"author":[{"embeddable":true,"href":"https:\/\/heavymetalonline.com.br\/index.php?rest_route=\/wp\/v2\/users\/1"}],"replies":[{"embeddable":true,"href":"https:\/\/heavymetalonline.com.br\/index.php?rest_route=%2Fwp%2Fv2%2Fcomments&post=65"}],"version-history":[{"count":1,"href":"https:\/\/heavymetalonline.com.br\/index.php?rest_route=\/wp\/v2\/posts\/65\/revisions"}],"predecessor-version":[{"id":66,"href":"https:\/\/heavymetalonline.com.br\/index.php?rest_route=\/wp\/v2\/posts\/65\/revisions\/66"}],"wp:attachment":[{"href":"https:\/\/heavymetalonline.com.br\/index.php?rest_route=%2Fwp%2Fv2%2Fmedia&parent=65"}],"wp:term":[{"taxonomy":"category","embeddable":true,"href":"https:\/\/heavymetalonline.com.br\/index.php?rest_route=%2Fwp%2Fv2%2Fcategories&post=65"},{"taxonomy":"post_tag","embeddable":true,"href":"https:\/\/heavymetalonline.com.br\/index.php?rest_route=%2Fwp%2Fv2%2Ftags&post=65"}],"curies":[{"name":"wp","href":"https:\/\/api.w.org\/{rel}","templated":true}]}}