{"id":6992,"date":"2016-03-22T22:48:09","date_gmt":"2016-03-22T22:48:09","guid":{"rendered":"http:\/\/heavymetalonline.com.br\/?p=6992"},"modified":"2016-03-22T22:48:09","modified_gmt":"2016-03-22T22:48:09","slug":"siod-revelados-titulo-tracklist-e-capa-do-album-de-estreia","status":"publish","type":"post","link":"https:\/\/heavymetalonline.com.br\/?p=6992","title":{"rendered":"Siod: revelados t\u00edtulo, tracklist e capa do \u00e1lbum de estreia"},"content":{"rendered":"<p style=\"text-align: justify;\">Essas s\u00e3o as estrofes iniciais da m\u00fasica &#8220;esSIODio&#8221; da banda paulista de metal\u00a0Siod. A mensagem \u00e9 simples e direta e n\u00e3o poderia vir num momento mais apropriado: em meio a um\u00a0poss\u00edvel processo de impeachment, o pa\u00eds assiste de camarote ao maior esc\u00e2ndalo de corrup\u00e7\u00e3o da hist\u00f3ria\u00a0&#8211; que pode levar um ex-presidente \u00e0 cadeia\u00a0&#8211;\u00a0sob as sombras de\u00a0uma crise econ\u00f4mica.<\/p>\n<p style=\"text-align: justify;\">N\u00e3o passa de\u00a0atitude reacion\u00e1ria quando algumas bandas\u00a0de rock e\u00a0metal\u00a0preocupam-se exclusivamente em agradar o p\u00fablico e fazer sucesso.<\/p>\n<p style=\"text-align: justify;\">Na contram\u00e3o desse comportamento, a banda\u00a0Siod\u00a0foi formada em Avar\u00e9\/SP\u00a0no ano de\u00a02013\u00a0e traz enraizada, tanto em suas letras como m\u00fasicas, o esp\u00edrito questionador e confrontador origin\u00e1rios\u00a0do rock.<\/p>\n<p>&#8220;esSIODio&#8221; ser\u00e1 o t\u00edtulo do \u00e1lbum de estreia que o Siod lan\u00e7a\u00a0ainda no primeiro semestre de 2016. O disco foi gravado em Avar\u00e9 no est\u00fadio \u00d3dioground Produ\u00e7\u00f5es (D.I.E., Devil&#8217;s Punch, Ratazana) sob produ\u00e7\u00e3o dos pr\u00f3prios integrantes da Siod, o vocalista e guitarrista Umberto Buldrini e o baixista Fabiano Gil.<\/p>\n<p style=\"text-align: justify;\">&#8220;esSIODio&#8221; reunir\u00e1 as faixas &#8220;Maldade&#8221;, &#8220;Traumatismo Moral&#8221;, &#8220;esSIODio&#8221;, &#8220;Paran\u00f3ia&#8221;, &#8220;Coragem Amigo&#8221;, &#8220;Buraco da F\u00e9&#8221;, &#8220;N\u00e3o tira N\u00e3o!&#8221; e\u00a0&#8220;Cercado de Vermes&#8221;. A capa de &#8220;esSIODio&#8221; foi desenhada por\u00a0Vin\u00edcius Quesada.<\/p>\n<p style=\"text-align: justify;\">T\u00e3o c\u00ednicos quanto\u00a0a letra, o Siod lan\u00e7ou em fevereiro, justamente\u00a0&#8220;no fim do carnaval&#8221;, um lyric v\u00eddeo da faixa t\u00edtulo\u00a0&#8220;esSIODio&#8221;.<\/p>\n<p style=\"text-align: justify;\">O v\u00eddeo j\u00e1 est\u00e1 dispon\u00edvel no canal oficial da banda no Youtube:<\/p>\n<p><iframe loading=\"lazy\" title=\"SIOD - esSIODio (Official Lyric Video)\" width=\"640\" height=\"360\" src=\"https:\/\/www.youtube.com\/embed\/R76NW5qdERg?feature=oembed\" frameborder=\"0\" allow=\"accelerometer; autoplay; clipboard-write; encrypted-media; gyroscope; picture-in-picture; web-share\" referrerpolicy=\"strict-origin-when-cross-origin\" allowfullscreen><\/iframe><\/p>\n<p style=\"text-align: justify;\"><em>&#8220;N\u00e3o odiamos nossa p\u00e1tria ou nosso\u00a0povo. Nosso \u00f3dio \u00e9 contra essa\u00a0sociedade que esquece os problemas (corrup\u00e7\u00e3o, doen\u00e7as, falta de m\u00e9dicos, doutrinas exacerbadas) em datas festivas, como se nada tivesse acontecendo, e vive num mundo paralelo, levando suas atitudes a contribu\u00edrem com o regresso.&#8221;<\/em><\/p>\n<p style=\"text-align: justify;\">Esse\u00a0\u00e9 o recado\u00a0mandado por\u00a0Umberto Buldrini\u00a0e que resume bem o objetivo do Siod:\u00a0tocar metal\u00a0alto e dizer\u00a0aquilo que as pessoas n\u00e3o querem ouvir!<\/p>\n","protected":false},"excerpt":{"rendered":"<p>Essas s\u00e3o as estrofes iniciais da m\u00fasica &#8220;esSIODio&#8221; da banda paulista de metal\u00a0Siod. A mensagem \u00e9 simples e direta e n\u00e3o poderia vir num momento mais apropriado: em meio a um\u00a0poss\u00edvel processo de impeachment, o pa\u00eds assiste de camarote ao maior esc\u00e2ndalo de corrup\u00e7\u00e3o da hist\u00f3ria\u00a0&#8211; que pode levar um ex-presidente \u00e0 cadeia\u00a0&#8211;\u00a0sob as sombras [&hellip;]<\/p>\n","protected":false},"author":1,"featured_media":6993,"comment_status":"closed","ping_status":"open","sticky":false,"template":"","format":"standard","meta":{"footnotes":""},"categories":[4],"tags":[572],"class_list":["post-6992","post","type-post","status-publish","format-standard","has-post-thumbnail","hentry","category-noticias","tag-siod"],"_links":{"self":[{"href":"https:\/\/heavymetalonline.com.br\/index.php?rest_route=\/wp\/v2\/posts\/6992","targetHints":{"allow":["GET"]}}],"collection":[{"href":"https:\/\/heavymetalonline.com.br\/index.php?rest_route=\/wp\/v2\/posts"}],"about":[{"href":"https:\/\/heavymetalonline.com.br\/index.php?rest_route=\/wp\/v2\/types\/post"}],"author":[{"embeddable":true,"href":"https:\/\/heavymetalonline.com.br\/index.php?rest_route=\/wp\/v2\/users\/1"}],"replies":[{"embeddable":true,"href":"https:\/\/heavymetalonline.com.br\/index.php?rest_route=%2Fwp%2Fv2%2Fcomments&post=6992"}],"version-history":[{"count":1,"href":"https:\/\/heavymetalonline.com.br\/index.php?rest_route=\/wp\/v2\/posts\/6992\/revisions"}],"predecessor-version":[{"id":6994,"href":"https:\/\/heavymetalonline.com.br\/index.php?rest_route=\/wp\/v2\/posts\/6992\/revisions\/6994"}],"wp:featuredmedia":[{"embeddable":true,"href":"https:\/\/heavymetalonline.com.br\/index.php?rest_route=\/wp\/v2\/media\/6993"}],"wp:attachment":[{"href":"https:\/\/heavymetalonline.com.br\/index.php?rest_route=%2Fwp%2Fv2%2Fmedia&parent=6992"}],"wp:term":[{"taxonomy":"category","embeddable":true,"href":"https:\/\/heavymetalonline.com.br\/index.php?rest_route=%2Fwp%2Fv2%2Fcategories&post=6992"},{"taxonomy":"post_tag","embeddable":true,"href":"https:\/\/heavymetalonline.com.br\/index.php?rest_route=%2Fwp%2Fv2%2Ftags&post=6992"}],"curies":[{"name":"wp","href":"https:\/\/api.w.org\/{rel}","templated":true}]}}